{"id":988,"date":"2024-07-11T16:18:00","date_gmt":"2024-07-11T16:18:00","guid":{"rendered":"https:\/\/cabellonews.com\/?p=988"},"modified":"2024-07-12T04:19:02","modified_gmt":"2024-07-12T04:19:02","slug":"menores-de-reynosa-participan-en-campamento-de-verano-2024-organizado-por-la-sspt","status":"publish","type":"post","link":"https:\/\/cabellonews.com\/?p=988","title":{"rendered":"Menores de Reynosa participan en Campamento de Verano 2024 organizado por la SSPT"},"content":{"rendered":"\n<p>-Con estas acciones se busca la prevenci\u00f3n primaria de delitos<\/p>\n\n\n\n<p>Julio 11 de 2024<\/p>\n\n\n\n<p>Reynosa, Tamaulipas.- A trav\u00e9s del programa permanente de prevenci\u00f3n primaria del delito que realiza la Secretar\u00eda de Seguridad P\u00fablica de Tamaulipas (SSPT), ni\u00f1os y ni\u00f1as del municipio de Reynosa disfrutaron del Campamento de Verano 2024 realizado en el Centro Regional de Ejecuci\u00f3n de Medidas para Adolescentes ubicado en esta ciudad fronteriza.<\/p>\n\n\n\n<p>Entre las actividades que se desarrollaron destacan din\u00e1micas de interacci\u00f3n, juegos did\u00e1cticos para reconocer el papel de los valores y derechos humanos, as\u00ed como la base legal del Estado a trav\u00e9s de tapetes interactivos; talleres de desarrollo de habilidades y destrezas que incluyeron la elaboraci\u00f3n de manualidades como mini pi\u00f1atas y maceteros con materiales reciclados.<\/p>\n\n\n\n<p>Gracias a una donaci\u00f3n de \u00e1rboles nativos realizada por la Comisi\u00f3n Nacional Forestal (CONAFOR) del municipio de R\u00edo Bravo, las y los menores participantes contribuyeron a la reforestaci\u00f3n del lugar.<\/p>\n\n\n\n<p>Esta actividad concluy\u00f3 con una convivencia en la que se compartieron alimentos y experiencias entre los participantes del campamento.<\/p>\n\n\n\n<p>Cabe destacar que este programa se lleva a cabo en diferentes \u00e1mbitos como instituciones educativas y la comunidad, con el objetivo de fortalecer los valores de convivencia sana en la familia y la sociedad teniendo como fundamento el humanismo que rige la administraci\u00f3n encabezada por el gobernador, Am\u00e9rico Villarreal Anaya.<\/p>\n\n\n<figure class=\"wp-block-post-featured-image\"><img width=\"240\" height=\"172\" src=\"https:\/\/cabellonews.com\/wp-content\/uploads\/2024\/07\/cef16b31-7cab-4051-9313-411fe398d264-240x172.jpeg\" class=\"attachment-post-thumbnail size-post-thumbnail wp-post-image\" alt=\"\" decoding=\"async\" loading=\"lazy\" \/><\/figure>\n\n\n<pre class=\"wp-block-code\"><code>      *      *     *<\/code><\/pre>\n","protected":false},"excerpt":{"rendered":"<p>-Con estas acciones se busca la prevenci\u00f3n primaria de delitos Julio 11 de 2024 Reynosa, Tamaulipas.- A trav\u00e9s del programa permanente de prevenci\u00f3n primaria del delito que realiza la Secretar\u00eda de Seguridad P\u00fablica de Tamaulipas (SSPT), ni\u00f1os y ni\u00f1as del municipio de Reynosa disfrutaron del Campamento de Verano 2024 realizado en el Centro Regional de Ejecuci\u00f3n de Medidas para Adolescentes ubicado en esta ciudad fronteriza. Entre las actividades que se desarrollaron destacan din\u00e1micas de interacci\u00f3n, juegos did\u00e1cticos para reconocer el papel de los valores y derechos humanos, as\u00ed como la&hellip;<\/p>\n","protected":false},"author":1,"featured_media":989,"comment_status":"open","ping_status":"open","sticky":false,"template":"","format":"standard","meta":[],"categories":[1],"tags":[],"gutentor_comment":0,"yoast_head":"<!-- This site is optimized with the Yoast SEO plugin v20.10 - https:\/\/yoast.com\/wordpress\/plugins\/seo\/ -->\n<title>Menores de Reynosa participan en Campamento de Verano 2024 organizado por la SSPT - cabellonews.com<\/title>\n<meta name=\"robots\" content=\"index, follow, max-snippet:-1, max-image-preview:large, max-video-preview:-1\" \/>\n<link rel=\"canonical\" href=\"https:\/\/cabellonews.com\/?p=988\" \/>\n<meta property=\"og:locale\" content=\"en_US\" \/>\n<meta property=\"og:type\" content=\"article\" \/>\n<meta property=\"og:title\" content=\"Menores de Reynosa participan en Campamento de Verano 2024 organizado por la SSPT - cabellonews.com\" \/>\n<meta property=\"og:description\" content=\"-Con estas acciones se busca la prevenci\u00f3n primaria de delitos Julio 11 de 2024 Reynosa, Tamaulipas.- A trav\u00e9s del programa permanente de prevenci\u00f3n primaria del delito que realiza la Secretar\u00eda de Seguridad P\u00fablica de Tamaulipas (SSPT), ni\u00f1os y ni\u00f1as del municipio de Reynosa disfrutaron del Campamento de Verano 2024 realizado en el Centro Regional de Ejecuci\u00f3n de Medidas para Adolescentes ubicado en esta ciudad fronteriza. Entre las actividades que se desarrollaron destacan din\u00e1micas de interacci\u00f3n, juegos did\u00e1cticos para reconocer el papel de los valores y derechos humanos, as\u00ed como la&hellip;\" \/>\n<meta property=\"og:url\" content=\"https:\/\/cabellonews.com\/?p=988\" \/>\n<meta property=\"og:site_name\" content=\"cabellonews.com\" \/>\n<meta property=\"article:published_time\" content=\"2024-07-11T16:18:00+00:00\" \/>\n<meta property=\"article:modified_time\" content=\"2024-07-12T04:19:02+00:00\" \/>\n<meta property=\"og:image\" content=\"http:\/\/cabellonews.com\/wp-content\/uploads\/2024\/07\/cef16b31-7cab-4051-9313-411fe398d264.jpeg\" \/>\n\t<meta property=\"og:image:width\" content=\"1599\" \/>\n\t<meta property=\"og:image:height\" content=\"899\" \/>\n\t<meta property=\"og:image:type\" content=\"image\/jpeg\" \/>\n<meta name=\"author\" content=\"cabellonews.com\" \/>\n<meta name=\"twitter:card\" content=\"summary_large_image\" \/>\n<meta name=\"twitter:label1\" content=\"Written by\" \/>\n\t<meta name=\"twitter:data1\" content=\"cabellonews.com\" \/>\n\t<meta name=\"twitter:label2\" content=\"Est. reading time\" \/>\n\t<meta name=\"twitter:data2\" content=\"1 minute\" \/>\n<script type=\"application\/ld+json\" class=\"yoast-schema-graph\">{\"@context\":\"https:\/\/schema.org\",\"@graph\":[{\"@type\":\"WebPage\",\"@id\":\"https:\/\/cabellonews.com\/?p=988\",\"url\":\"https:\/\/cabellonews.com\/?p=988\",\"name\":\"Menores de Reynosa participan en Campamento de Verano 2024 organizado por la SSPT - cabellonews.com\",\"isPartOf\":{\"@id\":\"https:\/\/cabellonews.com\/#website\"},\"datePublished\":\"2024-07-11T16:18:00+00:00\",\"dateModified\":\"2024-07-12T04:19:02+00:00\",\"author\":{\"@id\":\"https:\/\/cabellonews.com\/#\/schema\/person\/7afe73bafa6cc5a24fd4c67dfd4379d8\"},\"breadcrumb\":{\"@id\":\"https:\/\/cabellonews.com\/?p=988#breadcrumb\"},\"inLanguage\":\"en-US\",\"potentialAction\":[{\"@type\":\"ReadAction\",\"target\":[\"https:\/\/cabellonews.com\/?p=988\"]}]},{\"@type\":\"BreadcrumbList\",\"@id\":\"https:\/\/cabellonews.com\/?p=988#breadcrumb\",\"itemListElement\":[{\"@type\":\"ListItem\",\"position\":1,\"name\":\"Inicio\",\"item\":\"https:\/\/cabellonews.com\/\"},{\"@type\":\"ListItem\",\"position\":2,\"name\":\"Menores de Reynosa participan en Campamento de Verano 2024 organizado por la SSPT\"}]},{\"@type\":\"WebSite\",\"@id\":\"https:\/\/cabellonews.com\/#website\",\"url\":\"https:\/\/cabellonews.com\/\",\"name\":\"cabellonews.com\",\"description\":\"Con Cobertura En Tamaulipas Y norte de Veracruz\",\"potentialAction\":[{\"@type\":\"SearchAction\",\"target\":{\"@type\":\"EntryPoint\",\"urlTemplate\":\"https:\/\/cabellonews.com\/?s={search_term_string}\"},\"query-input\":\"required name=search_term_string\"}],\"inLanguage\":\"en-US\"},{\"@type\":\"Person\",\"@id\":\"https:\/\/cabellonews.com\/#\/schema\/person\/7afe73bafa6cc5a24fd4c67dfd4379d8\",\"name\":\"cabellonews.com\",\"image\":{\"@type\":\"ImageObject\",\"inLanguage\":\"en-US\",\"@id\":\"https:\/\/cabellonews.com\/#\/schema\/person\/image\/\",\"url\":\"https:\/\/secure.gravatar.com\/avatar\/8d6324fc2806389aad4cd38639618406?s=96&d=mm&r=g\",\"contentUrl\":\"https:\/\/secure.gravatar.com\/avatar\/8d6324fc2806389aad4cd38639618406?s=96&d=mm&r=g\",\"caption\":\"cabellonews.com\"},\"sameAs\":[\"http:\/\/cabellonews.com\"],\"url\":\"https:\/\/cabellonews.com\/?author=1\"}]}<\/script>\n<!-- \/ Yoast SEO plugin. -->","yoast_head_json":{"title":"Menores de Reynosa participan en Campamento de Verano 2024 organizado por la SSPT - cabellonews.com","robots":{"index":"index","follow":"follow","max-snippet":"max-snippet:-1","max-image-preview":"max-image-preview:large","max-video-preview":"max-video-preview:-1"},"canonical":"https:\/\/cabellonews.com\/?p=988","og_locale":"en_US","og_type":"article","og_title":"Menores de Reynosa participan en Campamento de Verano 2024 organizado por la SSPT - cabellonews.com","og_description":"-Con estas acciones se busca la prevenci\u00f3n primaria de delitos Julio 11 de 2024 Reynosa, Tamaulipas.- A trav\u00e9s del programa permanente de prevenci\u00f3n primaria del delito que realiza la Secretar\u00eda de Seguridad P\u00fablica de Tamaulipas (SSPT), ni\u00f1os y ni\u00f1as del municipio de Reynosa disfrutaron del Campamento de Verano 2024 realizado en el Centro Regional de Ejecuci\u00f3n de Medidas para Adolescentes ubicado en esta ciudad fronteriza. Entre las actividades que se desarrollaron destacan din\u00e1micas de interacci\u00f3n, juegos did\u00e1cticos para reconocer el papel de los valores y derechos humanos, as\u00ed como la&hellip;","og_url":"https:\/\/cabellonews.com\/?p=988","og_site_name":"cabellonews.com","article_published_time":"2024-07-11T16:18:00+00:00","article_modified_time":"2024-07-12T04:19:02+00:00","og_image":[{"width":1599,"height":899,"url":"http:\/\/cabellonews.com\/wp-content\/uploads\/2024\/07\/cef16b31-7cab-4051-9313-411fe398d264.jpeg","type":"image\/jpeg"}],"author":"cabellonews.com","twitter_card":"summary_large_image","twitter_misc":{"Written by":"cabellonews.com","Est. reading time":"1 minute"},"schema":{"@context":"https:\/\/schema.org","@graph":[{"@type":"WebPage","@id":"https:\/\/cabellonews.com\/?p=988","url":"https:\/\/cabellonews.com\/?p=988","name":"Menores de Reynosa participan en Campamento de Verano 2024 organizado por la SSPT - cabellonews.com","isPartOf":{"@id":"https:\/\/cabellonews.com\/#website"},"datePublished":"2024-07-11T16:18:00+00:00","dateModified":"2024-07-12T04:19:02+00:00","author":{"@id":"https:\/\/cabellonews.com\/#\/schema\/person\/7afe73bafa6cc5a24fd4c67dfd4379d8"},"breadcrumb":{"@id":"https:\/\/cabellonews.com\/?p=988#breadcrumb"},"inLanguage":"en-US","potentialAction":[{"@type":"ReadAction","target":["https:\/\/cabellonews.com\/?p=988"]}]},{"@type":"BreadcrumbList","@id":"https:\/\/cabellonews.com\/?p=988#breadcrumb","itemListElement":[{"@type":"ListItem","position":1,"name":"Inicio","item":"https:\/\/cabellonews.com\/"},{"@type":"ListItem","position":2,"name":"Menores de Reynosa participan en Campamento de Verano 2024 organizado por la SSPT"}]},{"@type":"WebSite","@id":"https:\/\/cabellonews.com\/#website","url":"https:\/\/cabellonews.com\/","name":"cabellonews.com","description":"Con Cobertura En Tamaulipas Y norte de Veracruz","potentialAction":[{"@type":"SearchAction","target":{"@type":"EntryPoint","urlTemplate":"https:\/\/cabellonews.com\/?s={search_term_string}"},"query-input":"required name=search_term_string"}],"inLanguage":"en-US"},{"@type":"Person","@id":"https:\/\/cabellonews.com\/#\/schema\/person\/7afe73bafa6cc5a24fd4c67dfd4379d8","name":"cabellonews.com","image":{"@type":"ImageObject","inLanguage":"en-US","@id":"https:\/\/cabellonews.com\/#\/schema\/person\/image\/","url":"https:\/\/secure.gravatar.com\/avatar\/8d6324fc2806389aad4cd38639618406?s=96&d=mm&r=g","contentUrl":"https:\/\/secure.gravatar.com\/avatar\/8d6324fc2806389aad4cd38639618406?s=96&d=mm&r=g","caption":"cabellonews.com"},"sameAs":["http:\/\/cabellonews.com"],"url":"https:\/\/cabellonews.com\/?author=1"}]}},"_links":{"self":[{"href":"https:\/\/cabellonews.com\/index.php?rest_route=\/wp\/v2\/posts\/988"}],"collection":[{"href":"https:\/\/cabellonews.com\/index.php?rest_route=\/wp\/v2\/posts"}],"about":[{"href":"https:\/\/cabellonews.com\/index.php?rest_route=\/wp\/v2\/types\/post"}],"author":[{"embeddable":true,"href":"https:\/\/cabellonews.com\/index.php?rest_route=\/wp\/v2\/users\/1"}],"replies":[{"embeddable":true,"href":"https:\/\/cabellonews.com\/index.php?rest_route=%2Fwp%2Fv2%2Fcomments&post=988"}],"version-history":[{"count":1,"href":"https:\/\/cabellonews.com\/index.php?rest_route=\/wp\/v2\/posts\/988\/revisions"}],"predecessor-version":[{"id":990,"href":"https:\/\/cabellonews.com\/index.php?rest_route=\/wp\/v2\/posts\/988\/revisions\/990"}],"wp:featuredmedia":[{"embeddable":true,"href":"https:\/\/cabellonews.com\/index.php?rest_route=\/wp\/v2\/media\/989"}],"wp:attachment":[{"href":"https:\/\/cabellonews.com\/index.php?rest_route=%2Fwp%2Fv2%2Fmedia&parent=988"}],"wp:term":[{"taxonomy":"category","embeddable":true,"href":"https:\/\/cabellonews.com\/index.php?rest_route=%2Fwp%2Fv2%2Fcategories&post=988"},{"taxonomy":"post_tag","embeddable":true,"href":"https:\/\/cabellonews.com\/index.php?rest_route=%2Fwp%2Fv2%2Ftags&post=988"}],"curies":[{"name":"wp","href":"https:\/\/api.w.org\/{rel}","templated":true}]}}