{"id":98,"date":"2023-06-17T18:32:52","date_gmt":"2023-06-17T18:32:52","guid":{"rendered":"https:\/\/cabellonews.com\/?p=98"},"modified":"2023-06-17T18:33:48","modified_gmt":"2023-06-17T18:33:48","slug":"tienda-de-artesanias-del-cedes-victoria-con-opciones-de-regalo-para-el-dia-del-padre","status":"publish","type":"post","link":"https:\/\/cabellonews.com\/?p=98","title":{"rendered":"Tienda de artesan\u00edas del CEDES Victoria con opciones de regalo para el D\u00eda del Padre"},"content":{"rendered":"\n<p>Ciudad Victoria, Tamaulipas.- La tienda de artesan\u00edas ubicada al exterior del Centro de Ejecuci\u00f3n de Sanciones (CEDES) en Ciudad Victoria, cuenta con diferentes opciones de productos elaborados por Personas Privadas de la Libertad (PPLs), entre ellos, art\u00edculos altamente demandados esta temporada.<\/p>\n\n\n\n<p>Algunas de las artesan\u00edas de madera de \u00e9bano, mezquite y cedro, disponibles para su adquisici\u00f3n, son objetos decorativos con los escudos de diferentes equipos de futbol, tarros, contenedores, objetos de cocina empleados en parrilladas, hieleras, entre otros.<\/p>\n\n\n\n<p>Adem\u00e1s, se cuenta con ornamentos para escritorios, libreros, estudios o salas de estar alusivos a diferentes oficios y profesiones, as\u00ed como diferentes tama\u00f1os y estilos de sillas y mecedoras.<\/p>\n\n\n\n<p>Las personas interesadas en conocer la oferta de productos que pueden encontrar en este lugar, pueden acudir a la tienda ubicada en la calzada Gral. Luis Caballero, en un horario de 8:00 a 16:00 horas de lunes a viernes, mientras que los fines de semana el horario de apertura es a las 8:00 y el cierre se lleva a cabo a las 20:00 horas.<\/p>\n\n\n\n<p>Tambi\u00e9n, para quienes deseen conocer el trabajo elaborado por las PPLs y adquirir las artesan\u00edas, se cuenta con un m\u00f3dulo de exposici\u00f3n y venta como parte de las actividades del Espacio Cultural Libre 17 los domingos el cual se encuentra activo de 16:00 a 21:30 horas.<\/p>\n\n\n\n<pre class=\"wp-block-code\"><code>      *   *  *<\/code><\/pre>\n\n\n<figure class=\"wp-block-post-featured-image\"><img width=\"240\" height=\"172\" src=\"https:\/\/cabellonews.com\/wp-content\/uploads\/2023\/06\/IMG-20230617-WA0046-240x172.jpg\" class=\"attachment-post-thumbnail size-post-thumbnail wp-post-image\" alt=\"\" decoding=\"async\" loading=\"lazy\" \/><\/figure>","protected":false},"excerpt":{"rendered":"<p>Ciudad Victoria, Tamaulipas.- La tienda de artesan\u00edas ubicada al exterior del Centro de Ejecuci\u00f3n de Sanciones (CEDES) en Ciudad Victoria, cuenta con diferentes opciones de productos elaborados por Personas Privadas de la Libertad (PPLs), entre ellos, art\u00edculos altamente demandados esta temporada. Algunas de las artesan\u00edas de madera de \u00e9bano, mezquite y cedro, disponibles para su adquisici\u00f3n, son objetos decorativos con los escudos de diferentes equipos de futbol, tarros, contenedores, objetos de cocina empleados en parrilladas, hieleras, entre otros. Adem\u00e1s, se cuenta con ornamentos para escritorios, libreros, estudios o salas de&hellip;<\/p>\n","protected":false},"author":1,"featured_media":99,"comment_status":"open","ping_status":"open","sticky":false,"template":"","format":"standard","meta":[],"categories":[1],"tags":[],"gutentor_comment":0,"yoast_head":"<!-- This site is optimized with the Yoast SEO plugin v20.10 - https:\/\/yoast.com\/wordpress\/plugins\/seo\/ -->\n<title>Tienda de artesan\u00edas del CEDES Victoria con opciones de regalo para el D\u00eda del Padre - cabellonews.com<\/title>\n<meta name=\"robots\" content=\"index, follow, max-snippet:-1, max-image-preview:large, max-video-preview:-1\" \/>\n<link rel=\"canonical\" href=\"https:\/\/cabellonews.com\/?p=98\" \/>\n<meta property=\"og:locale\" content=\"en_US\" \/>\n<meta property=\"og:type\" content=\"article\" \/>\n<meta property=\"og:title\" content=\"Tienda de artesan\u00edas del CEDES Victoria con opciones de regalo para el D\u00eda del Padre - cabellonews.com\" \/>\n<meta property=\"og:description\" content=\"Ciudad Victoria, Tamaulipas.- La tienda de artesan\u00edas ubicada al exterior del Centro de Ejecuci\u00f3n de Sanciones (CEDES) en Ciudad Victoria, cuenta con diferentes opciones de productos elaborados por Personas Privadas de la Libertad (PPLs), entre ellos, art\u00edculos altamente demandados esta temporada. Algunas de las artesan\u00edas de madera de \u00e9bano, mezquite y cedro, disponibles para su adquisici\u00f3n, son objetos decorativos con los escudos de diferentes equipos de futbol, tarros, contenedores, objetos de cocina empleados en parrilladas, hieleras, entre otros. Adem\u00e1s, se cuenta con ornamentos para escritorios, libreros, estudios o salas de&hellip;\" \/>\n<meta property=\"og:url\" content=\"https:\/\/cabellonews.com\/?p=98\" \/>\n<meta property=\"og:site_name\" content=\"cabellonews.com\" \/>\n<meta property=\"article:published_time\" content=\"2023-06-17T18:32:52+00:00\" \/>\n<meta property=\"article:modified_time\" content=\"2023-06-17T18:33:48+00:00\" \/>\n<meta property=\"og:image\" content=\"http:\/\/cabellonews.com\/wp-content\/uploads\/2023\/06\/IMG-20230617-WA0046.jpg\" \/>\n\t<meta property=\"og:image:width\" content=\"1024\" \/>\n\t<meta property=\"og:image:height\" content=\"767\" \/>\n\t<meta property=\"og:image:type\" content=\"image\/jpeg\" \/>\n<meta name=\"author\" content=\"cabellonews.com\" \/>\n<meta name=\"twitter:card\" content=\"summary_large_image\" \/>\n<meta name=\"twitter:label1\" content=\"Written by\" \/>\n\t<meta name=\"twitter:data1\" content=\"cabellonews.com\" \/>\n\t<meta name=\"twitter:label2\" content=\"Est. reading time\" \/>\n\t<meta name=\"twitter:data2\" content=\"2 minutes\" \/>\n<script type=\"application\/ld+json\" class=\"yoast-schema-graph\">{\"@context\":\"https:\/\/schema.org\",\"@graph\":[{\"@type\":\"WebPage\",\"@id\":\"https:\/\/cabellonews.com\/?p=98\",\"url\":\"https:\/\/cabellonews.com\/?p=98\",\"name\":\"Tienda de artesan\u00edas del CEDES Victoria con opciones de regalo para el D\u00eda del Padre - cabellonews.com\",\"isPartOf\":{\"@id\":\"https:\/\/cabellonews.com\/#website\"},\"datePublished\":\"2023-06-17T18:32:52+00:00\",\"dateModified\":\"2023-06-17T18:33:48+00:00\",\"author\":{\"@id\":\"https:\/\/cabellonews.com\/#\/schema\/person\/7afe73bafa6cc5a24fd4c67dfd4379d8\"},\"breadcrumb\":{\"@id\":\"https:\/\/cabellonews.com\/?p=98#breadcrumb\"},\"inLanguage\":\"en-US\",\"potentialAction\":[{\"@type\":\"ReadAction\",\"target\":[\"https:\/\/cabellonews.com\/?p=98\"]}]},{\"@type\":\"BreadcrumbList\",\"@id\":\"https:\/\/cabellonews.com\/?p=98#breadcrumb\",\"itemListElement\":[{\"@type\":\"ListItem\",\"position\":1,\"name\":\"Inicio\",\"item\":\"https:\/\/cabellonews.com\/\"},{\"@type\":\"ListItem\",\"position\":2,\"name\":\"Tienda de artesan\u00edas del CEDES Victoria con opciones de regalo para el D\u00eda del Padre\"}]},{\"@type\":\"WebSite\",\"@id\":\"https:\/\/cabellonews.com\/#website\",\"url\":\"https:\/\/cabellonews.com\/\",\"name\":\"cabellonews.com\",\"description\":\"Con Cobertura En Tamaulipas Y norte de Veracruz\",\"potentialAction\":[{\"@type\":\"SearchAction\",\"target\":{\"@type\":\"EntryPoint\",\"urlTemplate\":\"https:\/\/cabellonews.com\/?s={search_term_string}\"},\"query-input\":\"required name=search_term_string\"}],\"inLanguage\":\"en-US\"},{\"@type\":\"Person\",\"@id\":\"https:\/\/cabellonews.com\/#\/schema\/person\/7afe73bafa6cc5a24fd4c67dfd4379d8\",\"name\":\"cabellonews.com\",\"image\":{\"@type\":\"ImageObject\",\"inLanguage\":\"en-US\",\"@id\":\"https:\/\/cabellonews.com\/#\/schema\/person\/image\/\",\"url\":\"https:\/\/secure.gravatar.com\/avatar\/8d6324fc2806389aad4cd38639618406?s=96&d=mm&r=g\",\"contentUrl\":\"https:\/\/secure.gravatar.com\/avatar\/8d6324fc2806389aad4cd38639618406?s=96&d=mm&r=g\",\"caption\":\"cabellonews.com\"},\"sameAs\":[\"http:\/\/cabellonews.com\"],\"url\":\"https:\/\/cabellonews.com\/?author=1\"}]}<\/script>\n<!-- \/ Yoast SEO plugin. -->","yoast_head_json":{"title":"Tienda de artesan\u00edas del CEDES Victoria con opciones de regalo para el D\u00eda del Padre - cabellonews.com","robots":{"index":"index","follow":"follow","max-snippet":"max-snippet:-1","max-image-preview":"max-image-preview:large","max-video-preview":"max-video-preview:-1"},"canonical":"https:\/\/cabellonews.com\/?p=98","og_locale":"en_US","og_type":"article","og_title":"Tienda de artesan\u00edas del CEDES Victoria con opciones de regalo para el D\u00eda del Padre - cabellonews.com","og_description":"Ciudad Victoria, Tamaulipas.- La tienda de artesan\u00edas ubicada al exterior del Centro de Ejecuci\u00f3n de Sanciones (CEDES) en Ciudad Victoria, cuenta con diferentes opciones de productos elaborados por Personas Privadas de la Libertad (PPLs), entre ellos, art\u00edculos altamente demandados esta temporada. Algunas de las artesan\u00edas de madera de \u00e9bano, mezquite y cedro, disponibles para su adquisici\u00f3n, son objetos decorativos con los escudos de diferentes equipos de futbol, tarros, contenedores, objetos de cocina empleados en parrilladas, hieleras, entre otros. Adem\u00e1s, se cuenta con ornamentos para escritorios, libreros, estudios o salas de&hellip;","og_url":"https:\/\/cabellonews.com\/?p=98","og_site_name":"cabellonews.com","article_published_time":"2023-06-17T18:32:52+00:00","article_modified_time":"2023-06-17T18:33:48+00:00","og_image":[{"width":1024,"height":767,"url":"http:\/\/cabellonews.com\/wp-content\/uploads\/2023\/06\/IMG-20230617-WA0046.jpg","type":"image\/jpeg"}],"author":"cabellonews.com","twitter_card":"summary_large_image","twitter_misc":{"Written by":"cabellonews.com","Est. reading time":"2 minutes"},"schema":{"@context":"https:\/\/schema.org","@graph":[{"@type":"WebPage","@id":"https:\/\/cabellonews.com\/?p=98","url":"https:\/\/cabellonews.com\/?p=98","name":"Tienda de artesan\u00edas del CEDES Victoria con opciones de regalo para el D\u00eda del Padre - cabellonews.com","isPartOf":{"@id":"https:\/\/cabellonews.com\/#website"},"datePublished":"2023-06-17T18:32:52+00:00","dateModified":"2023-06-17T18:33:48+00:00","author":{"@id":"https:\/\/cabellonews.com\/#\/schema\/person\/7afe73bafa6cc5a24fd4c67dfd4379d8"},"breadcrumb":{"@id":"https:\/\/cabellonews.com\/?p=98#breadcrumb"},"inLanguage":"en-US","potentialAction":[{"@type":"ReadAction","target":["https:\/\/cabellonews.com\/?p=98"]}]},{"@type":"BreadcrumbList","@id":"https:\/\/cabellonews.com\/?p=98#breadcrumb","itemListElement":[{"@type":"ListItem","position":1,"name":"Inicio","item":"https:\/\/cabellonews.com\/"},{"@type":"ListItem","position":2,"name":"Tienda de artesan\u00edas del CEDES Victoria con opciones de regalo para el D\u00eda del Padre"}]},{"@type":"WebSite","@id":"https:\/\/cabellonews.com\/#website","url":"https:\/\/cabellonews.com\/","name":"cabellonews.com","description":"Con Cobertura En Tamaulipas Y norte de Veracruz","potentialAction":[{"@type":"SearchAction","target":{"@type":"EntryPoint","urlTemplate":"https:\/\/cabellonews.com\/?s={search_term_string}"},"query-input":"required name=search_term_string"}],"inLanguage":"en-US"},{"@type":"Person","@id":"https:\/\/cabellonews.com\/#\/schema\/person\/7afe73bafa6cc5a24fd4c67dfd4379d8","name":"cabellonews.com","image":{"@type":"ImageObject","inLanguage":"en-US","@id":"https:\/\/cabellonews.com\/#\/schema\/person\/image\/","url":"https:\/\/secure.gravatar.com\/avatar\/8d6324fc2806389aad4cd38639618406?s=96&d=mm&r=g","contentUrl":"https:\/\/secure.gravatar.com\/avatar\/8d6324fc2806389aad4cd38639618406?s=96&d=mm&r=g","caption":"cabellonews.com"},"sameAs":["http:\/\/cabellonews.com"],"url":"https:\/\/cabellonews.com\/?author=1"}]}},"_links":{"self":[{"href":"https:\/\/cabellonews.com\/index.php?rest_route=\/wp\/v2\/posts\/98"}],"collection":[{"href":"https:\/\/cabellonews.com\/index.php?rest_route=\/wp\/v2\/posts"}],"about":[{"href":"https:\/\/cabellonews.com\/index.php?rest_route=\/wp\/v2\/types\/post"}],"author":[{"embeddable":true,"href":"https:\/\/cabellonews.com\/index.php?rest_route=\/wp\/v2\/users\/1"}],"replies":[{"embeddable":true,"href":"https:\/\/cabellonews.com\/index.php?rest_route=%2Fwp%2Fv2%2Fcomments&post=98"}],"version-history":[{"count":1,"href":"https:\/\/cabellonews.com\/index.php?rest_route=\/wp\/v2\/posts\/98\/revisions"}],"predecessor-version":[{"id":100,"href":"https:\/\/cabellonews.com\/index.php?rest_route=\/wp\/v2\/posts\/98\/revisions\/100"}],"wp:featuredmedia":[{"embeddable":true,"href":"https:\/\/cabellonews.com\/index.php?rest_route=\/wp\/v2\/media\/99"}],"wp:attachment":[{"href":"https:\/\/cabellonews.com\/index.php?rest_route=%2Fwp%2Fv2%2Fmedia&parent=98"}],"wp:term":[{"taxonomy":"category","embeddable":true,"href":"https:\/\/cabellonews.com\/index.php?rest_route=%2Fwp%2Fv2%2Fcategories&post=98"},{"taxonomy":"post_tag","embeddable":true,"href":"https:\/\/cabellonews.com\/index.php?rest_route=%2Fwp%2Fv2%2Ftags&post=98"}],"curies":[{"name":"wp","href":"https:\/\/api.w.org\/{rel}","templated":true}]}}