{"id":931,"date":"2024-06-10T22:57:55","date_gmt":"2024-06-10T22:57:55","guid":{"rendered":"https:\/\/cabellonews.com\/?p=931"},"modified":"2024-06-17T22:58:34","modified_gmt":"2024-06-17T22:58:34","slug":"en-este-gobierno-humanista-ni-se-censura-ni-se-reprime-la-libertad-de-expresion-americo","status":"publish","type":"post","link":"https:\/\/cabellonews.com\/?p=931","title":{"rendered":"En este gobierno humanista ni se censura ni se reprime la libertad de expresi\u00f3n: Am\u00e9rico"},"content":{"rendered":"\n<p>-Se requiere de un periodismo de altura, \u00e9tico, anal\u00edtico y comprometido con las causas sociales<\/p>\n\n\n\n<p>Junio 10 de 2024<\/p>\n\n\n\n<p>Ciudad Victoria, Tamaulipas. &#8211; El gobierno humanista de la Cuarta Transformaci\u00f3n no persigue, ni censura y jam\u00e1s amenaza una opini\u00f3n o pretende silenciar una voz, afirm\u00f3 el gobernador Am\u00e9rico Villarreal Anaya, quien se pronunci\u00f3 por un periodismo propositivo, que sea portavoz del sentir del pueblo y no se preste a intereses de unos cuantos.<\/p>\n\n\n\n<p>Durante la ceremonia c\u00edvica de honores y en el marco del D\u00eda de la Libertad de Expresi\u00f3n, que se conmemor\u00f3 el 7 de junio, el gobernador del Estado reiter\u00f3 que la inviolable libertad de escribir y publicar sobre cualquier materia no tiene m\u00e1s l\u00edmites que el respeto al derecho ajeno, al orden p\u00fablico y la verdad.<\/p>\n\n\n\n<p>\u201cEsto es una convicci\u00f3n propia, es precepto ideol\u00f3gico del humanismo mexicano, pr\u00e1ctica estricta de los gobiernos transformadores y es una condici\u00f3n necesaria para la sana y plural convivencia\u201d, dijo.<\/p>\n\n\n\n<p>El mandatario tamaulipeco consider\u00f3 que se requiere de un periodismo identitario altamente propositivo, que sea permanentemente \u00e9tico, vigilante del poder y sobre todo profundamente comprometido con las causas de la sociedad.<\/p>\n\n\n\n<p>\u201cUstedes estar\u00e1n de acuerdo conmigo en que necesitamos precisamente un periodismo altamente propositivo, cuya vanguardia y validez \u00e9tica se sustenten en valores como la verdad, la unidad, el amor al pueblo y a nuestra tierra\u201d, mencion\u00f3.<\/p>\n\n\n\n<p>Y agreg\u00f3: \u201cUn periodismo que sea precisamente transformador, que eduque, que informe, que contraste posturas, que sea un periodismo a la altura de su tiempo, anal\u00edtico de las condiciones socioecon\u00f3micas y facilitador de la toma de decisiones. Y todo esto es, l\u00f3gicamente, un periodismo eminentemente libre, concebido y ejercido para la libertad, para alcanzar la justicia y m\u00e1s bienestar\u201d.<\/p>\n\n\n\n<p>\u201cHOY SE DICE TODO, HOY SE PUBLICA TODO, SIN PERSEGUIR NI MOLESTAR A NADIE\u201d: FRANCISCO CUELLAR<\/p>\n\n\n\n<p>En su intervenci\u00f3n, Francisco Cuellar Cardona, coordinador general de Comunicaci\u00f3n Social, asegur\u00f3 que el gobierno que conduce el doctor Am\u00e9rico Villarreal respeta la libertad de expresi\u00f3n, cuida y protege al gremio period\u00edstico, respeta la cr\u00edtica, incluso a aquellos que caen en el libertinaje y en la calumnia.<\/p>\n\n\n\n<p>Agreg\u00f3 que antes, en Tamaulipas, pasaba todo y no se dec\u00eda nada. &#8220;Hoy se dice todo, hoy se publica todo, sin perseguir ni molestar a nadie&#8221;, afirm\u00f3.<\/p>\n\n\n\n<p>\u201cHoy existe la voluntad pol\u00edtica de un gobierno humanista que valora en su justa dimensi\u00f3n la libertad de expresi\u00f3n. Hoy en Tamaulipas existe un antes y un despu\u00e9s. Y esto no solo aplica a la prensa, sino a toda la sociedad\u201d, expres\u00f3.<\/p>\n\n\n\n<p>Cuellar Cardona afirm\u00f3 que la represi\u00f3n, la censura, la persecuci\u00f3n no est\u00e1n en la agenda de este gobierno humanista. &#8220;Quienes digan lo contrario saben que mienten&#8221;, se\u00f1al\u00f3.<\/p>\n\n\n\n<p>Agreg\u00f3 que el Gobierno del Estado no est\u00e1 a favor de una prensa aplaudidora y que vea un mundo color de rosa. \u201cAl contrario, se requiere de una prensa que ejerza la cr\u00edtica con alta responsabilidad y \u00e9tica, que se\u00f1ale errores con fundamento, que contribuya al buen ejercicio de gobierno, pero que destaque tambi\u00e9n lo bueno, que haga contrastes con el pasado, que mida indicadores y compare\u201d.<\/p>\n\n\n\n<p>En esta ceremonia se cont\u00f3 con la asistencia de: H\u00e9ctor Joel Villegas Gonz\u00e1lez, secretario general de Gobierno; David Cerda Z\u00fa\u00f1iga, presidente del Supremo Tribunal de Justicia; \u00darsula Salazar Mojica, presidenta de la Junta de Gobierno del Congreso del Estado y Adriana Lozano Rodr\u00edguez, secretaria de Finanzas.<\/p>\n\n\n\n<p>Asimismo, el comandante de la 48a Zona Militar, Julio C\u00e9sar Islas S\u00e1nchez; en representaci\u00f3n de la Guardia Nacional, el inspector Fernando Meneses; Sergio Ch\u00e1vez Garc\u00eda, secretario de Seguridad P\u00fablica y Hugo Galv\u00e1n Ibarra, presidente municipal en funciones, adem\u00e1s de las y los directivos de medios de comunicaci\u00f3n, editores, columnistas, as\u00ed como reporteras y reporteros.<\/p>\n\n\n<figure class=\"wp-block-post-featured-image\"><img width=\"240\" height=\"172\" src=\"https:\/\/cabellonews.com\/wp-content\/uploads\/2024\/06\/4d35a8ba-4a14-48ad-918c-ba74976e90b1-240x172.jpeg\" class=\"attachment-post-thumbnail size-post-thumbnail wp-post-image\" alt=\"\" decoding=\"async\" loading=\"lazy\" \/><\/figure>\n\n\n<pre class=\"wp-block-code\"><code>       *      *    *<\/code><\/pre>\n","protected":false},"excerpt":{"rendered":"<p>-Se requiere de un periodismo de altura, \u00e9tico, anal\u00edtico y comprometido con las causas sociales Junio 10 de 2024 Ciudad Victoria, Tamaulipas. &#8211; El gobierno humanista de la Cuarta Transformaci\u00f3n no persigue, ni censura y jam\u00e1s amenaza una opini\u00f3n o pretende silenciar una voz, afirm\u00f3 el gobernador Am\u00e9rico Villarreal Anaya, quien se pronunci\u00f3 por un periodismo propositivo, que sea portavoz del sentir del pueblo y no se preste a intereses de unos cuantos. Durante la ceremonia c\u00edvica de honores y en el marco del D\u00eda de la Libertad de Expresi\u00f3n,&hellip;<\/p>\n","protected":false},"author":1,"featured_media":932,"comment_status":"open","ping_status":"open","sticky":false,"template":"","format":"standard","meta":[],"categories":[1],"tags":[],"gutentor_comment":0,"yoast_head":"<!-- This site is optimized with the Yoast SEO plugin v20.10 - https:\/\/yoast.com\/wordpress\/plugins\/seo\/ -->\n<title>En este gobierno humanista ni se censura ni se reprime la libertad de expresi\u00f3n: Am\u00e9rico - cabellonews.com<\/title>\n<meta name=\"robots\" content=\"index, follow, max-snippet:-1, max-image-preview:large, max-video-preview:-1\" \/>\n<link rel=\"canonical\" href=\"https:\/\/cabellonews.com\/?p=931\" \/>\n<meta property=\"og:locale\" content=\"en_US\" \/>\n<meta property=\"og:type\" content=\"article\" \/>\n<meta property=\"og:title\" content=\"En este gobierno humanista ni se censura ni se reprime la libertad de expresi\u00f3n: Am\u00e9rico - cabellonews.com\" \/>\n<meta property=\"og:description\" content=\"-Se requiere de un periodismo de altura, \u00e9tico, anal\u00edtico y comprometido con las causas sociales Junio 10 de 2024 Ciudad Victoria, Tamaulipas. &#8211; El gobierno humanista de la Cuarta Transformaci\u00f3n no persigue, ni censura y jam\u00e1s amenaza una opini\u00f3n o pretende silenciar una voz, afirm\u00f3 el gobernador Am\u00e9rico Villarreal Anaya, quien se pronunci\u00f3 por un periodismo propositivo, que sea portavoz del sentir del pueblo y no se preste a intereses de unos cuantos. Durante la ceremonia c\u00edvica de honores y en el marco del D\u00eda de la Libertad de Expresi\u00f3n,&hellip;\" \/>\n<meta property=\"og:url\" content=\"https:\/\/cabellonews.com\/?p=931\" \/>\n<meta property=\"og:site_name\" content=\"cabellonews.com\" \/>\n<meta property=\"article:published_time\" content=\"2024-06-10T22:57:55+00:00\" \/>\n<meta property=\"article:modified_time\" content=\"2024-06-17T22:58:34+00:00\" \/>\n<meta property=\"og:image\" content=\"http:\/\/cabellonews.com\/wp-content\/uploads\/2024\/06\/4d35a8ba-4a14-48ad-918c-ba74976e90b1.jpeg\" \/>\n\t<meta property=\"og:image:width\" content=\"2048\" \/>\n\t<meta property=\"og:image:height\" content=\"1365\" \/>\n\t<meta property=\"og:image:type\" content=\"image\/jpeg\" \/>\n<meta name=\"author\" content=\"cabellonews.com\" \/>\n<meta name=\"twitter:card\" content=\"summary_large_image\" \/>\n<meta name=\"twitter:label1\" content=\"Written by\" \/>\n\t<meta name=\"twitter:data1\" content=\"cabellonews.com\" \/>\n\t<meta name=\"twitter:label2\" content=\"Est. reading time\" \/>\n\t<meta name=\"twitter:data2\" content=\"3 minutes\" \/>\n<script type=\"application\/ld+json\" class=\"yoast-schema-graph\">{\"@context\":\"https:\/\/schema.org\",\"@graph\":[{\"@type\":\"WebPage\",\"@id\":\"https:\/\/cabellonews.com\/?p=931\",\"url\":\"https:\/\/cabellonews.com\/?p=931\",\"name\":\"En este gobierno humanista ni se censura ni se reprime la libertad de expresi\u00f3n: Am\u00e9rico - cabellonews.com\",\"isPartOf\":{\"@id\":\"https:\/\/cabellonews.com\/#website\"},\"datePublished\":\"2024-06-10T22:57:55+00:00\",\"dateModified\":\"2024-06-17T22:58:34+00:00\",\"author\":{\"@id\":\"https:\/\/cabellonews.com\/#\/schema\/person\/7afe73bafa6cc5a24fd4c67dfd4379d8\"},\"breadcrumb\":{\"@id\":\"https:\/\/cabellonews.com\/?p=931#breadcrumb\"},\"inLanguage\":\"en-US\",\"potentialAction\":[{\"@type\":\"ReadAction\",\"target\":[\"https:\/\/cabellonews.com\/?p=931\"]}]},{\"@type\":\"BreadcrumbList\",\"@id\":\"https:\/\/cabellonews.com\/?p=931#breadcrumb\",\"itemListElement\":[{\"@type\":\"ListItem\",\"position\":1,\"name\":\"Inicio\",\"item\":\"https:\/\/cabellonews.com\/\"},{\"@type\":\"ListItem\",\"position\":2,\"name\":\"En este gobierno humanista ni se censura ni se reprime la libertad de expresi\u00f3n: Am\u00e9rico\"}]},{\"@type\":\"WebSite\",\"@id\":\"https:\/\/cabellonews.com\/#website\",\"url\":\"https:\/\/cabellonews.com\/\",\"name\":\"cabellonews.com\",\"description\":\"Con Cobertura En Tamaulipas Y norte de Veracruz\",\"potentialAction\":[{\"@type\":\"SearchAction\",\"target\":{\"@type\":\"EntryPoint\",\"urlTemplate\":\"https:\/\/cabellonews.com\/?s={search_term_string}\"},\"query-input\":\"required name=search_term_string\"}],\"inLanguage\":\"en-US\"},{\"@type\":\"Person\",\"@id\":\"https:\/\/cabellonews.com\/#\/schema\/person\/7afe73bafa6cc5a24fd4c67dfd4379d8\",\"name\":\"cabellonews.com\",\"image\":{\"@type\":\"ImageObject\",\"inLanguage\":\"en-US\",\"@id\":\"https:\/\/cabellonews.com\/#\/schema\/person\/image\/\",\"url\":\"https:\/\/secure.gravatar.com\/avatar\/8d6324fc2806389aad4cd38639618406?s=96&d=mm&r=g\",\"contentUrl\":\"https:\/\/secure.gravatar.com\/avatar\/8d6324fc2806389aad4cd38639618406?s=96&d=mm&r=g\",\"caption\":\"cabellonews.com\"},\"sameAs\":[\"http:\/\/cabellonews.com\"],\"url\":\"https:\/\/cabellonews.com\/?author=1\"}]}<\/script>\n<!-- \/ Yoast SEO plugin. -->","yoast_head_json":{"title":"En este gobierno humanista ni se censura ni se reprime la libertad de expresi\u00f3n: Am\u00e9rico - cabellonews.com","robots":{"index":"index","follow":"follow","max-snippet":"max-snippet:-1","max-image-preview":"max-image-preview:large","max-video-preview":"max-video-preview:-1"},"canonical":"https:\/\/cabellonews.com\/?p=931","og_locale":"en_US","og_type":"article","og_title":"En este gobierno humanista ni se censura ni se reprime la libertad de expresi\u00f3n: Am\u00e9rico - cabellonews.com","og_description":"-Se requiere de un periodismo de altura, \u00e9tico, anal\u00edtico y comprometido con las causas sociales Junio 10 de 2024 Ciudad Victoria, Tamaulipas. &#8211; El gobierno humanista de la Cuarta Transformaci\u00f3n no persigue, ni censura y jam\u00e1s amenaza una opini\u00f3n o pretende silenciar una voz, afirm\u00f3 el gobernador Am\u00e9rico Villarreal Anaya, quien se pronunci\u00f3 por un periodismo propositivo, que sea portavoz del sentir del pueblo y no se preste a intereses de unos cuantos. Durante la ceremonia c\u00edvica de honores y en el marco del D\u00eda de la Libertad de Expresi\u00f3n,&hellip;","og_url":"https:\/\/cabellonews.com\/?p=931","og_site_name":"cabellonews.com","article_published_time":"2024-06-10T22:57:55+00:00","article_modified_time":"2024-06-17T22:58:34+00:00","og_image":[{"width":2048,"height":1365,"url":"http:\/\/cabellonews.com\/wp-content\/uploads\/2024\/06\/4d35a8ba-4a14-48ad-918c-ba74976e90b1.jpeg","type":"image\/jpeg"}],"author":"cabellonews.com","twitter_card":"summary_large_image","twitter_misc":{"Written by":"cabellonews.com","Est. reading time":"3 minutes"},"schema":{"@context":"https:\/\/schema.org","@graph":[{"@type":"WebPage","@id":"https:\/\/cabellonews.com\/?p=931","url":"https:\/\/cabellonews.com\/?p=931","name":"En este gobierno humanista ni se censura ni se reprime la libertad de expresi\u00f3n: Am\u00e9rico - cabellonews.com","isPartOf":{"@id":"https:\/\/cabellonews.com\/#website"},"datePublished":"2024-06-10T22:57:55+00:00","dateModified":"2024-06-17T22:58:34+00:00","author":{"@id":"https:\/\/cabellonews.com\/#\/schema\/person\/7afe73bafa6cc5a24fd4c67dfd4379d8"},"breadcrumb":{"@id":"https:\/\/cabellonews.com\/?p=931#breadcrumb"},"inLanguage":"en-US","potentialAction":[{"@type":"ReadAction","target":["https:\/\/cabellonews.com\/?p=931"]}]},{"@type":"BreadcrumbList","@id":"https:\/\/cabellonews.com\/?p=931#breadcrumb","itemListElement":[{"@type":"ListItem","position":1,"name":"Inicio","item":"https:\/\/cabellonews.com\/"},{"@type":"ListItem","position":2,"name":"En este gobierno humanista ni se censura ni se reprime la libertad de expresi\u00f3n: Am\u00e9rico"}]},{"@type":"WebSite","@id":"https:\/\/cabellonews.com\/#website","url":"https:\/\/cabellonews.com\/","name":"cabellonews.com","description":"Con Cobertura En Tamaulipas Y norte de Veracruz","potentialAction":[{"@type":"SearchAction","target":{"@type":"EntryPoint","urlTemplate":"https:\/\/cabellonews.com\/?s={search_term_string}"},"query-input":"required name=search_term_string"}],"inLanguage":"en-US"},{"@type":"Person","@id":"https:\/\/cabellonews.com\/#\/schema\/person\/7afe73bafa6cc5a24fd4c67dfd4379d8","name":"cabellonews.com","image":{"@type":"ImageObject","inLanguage":"en-US","@id":"https:\/\/cabellonews.com\/#\/schema\/person\/image\/","url":"https:\/\/secure.gravatar.com\/avatar\/8d6324fc2806389aad4cd38639618406?s=96&d=mm&r=g","contentUrl":"https:\/\/secure.gravatar.com\/avatar\/8d6324fc2806389aad4cd38639618406?s=96&d=mm&r=g","caption":"cabellonews.com"},"sameAs":["http:\/\/cabellonews.com"],"url":"https:\/\/cabellonews.com\/?author=1"}]}},"_links":{"self":[{"href":"https:\/\/cabellonews.com\/index.php?rest_route=\/wp\/v2\/posts\/931"}],"collection":[{"href":"https:\/\/cabellonews.com\/index.php?rest_route=\/wp\/v2\/posts"}],"about":[{"href":"https:\/\/cabellonews.com\/index.php?rest_route=\/wp\/v2\/types\/post"}],"author":[{"embeddable":true,"href":"https:\/\/cabellonews.com\/index.php?rest_route=\/wp\/v2\/users\/1"}],"replies":[{"embeddable":true,"href":"https:\/\/cabellonews.com\/index.php?rest_route=%2Fwp%2Fv2%2Fcomments&post=931"}],"version-history":[{"count":1,"href":"https:\/\/cabellonews.com\/index.php?rest_route=\/wp\/v2\/posts\/931\/revisions"}],"predecessor-version":[{"id":933,"href":"https:\/\/cabellonews.com\/index.php?rest_route=\/wp\/v2\/posts\/931\/revisions\/933"}],"wp:featuredmedia":[{"embeddable":true,"href":"https:\/\/cabellonews.com\/index.php?rest_route=\/wp\/v2\/media\/932"}],"wp:attachment":[{"href":"https:\/\/cabellonews.com\/index.php?rest_route=%2Fwp%2Fv2%2Fmedia&parent=931"}],"wp:term":[{"taxonomy":"category","embeddable":true,"href":"https:\/\/cabellonews.com\/index.php?rest_route=%2Fwp%2Fv2%2Fcategories&post=931"},{"taxonomy":"post_tag","embeddable":true,"href":"https:\/\/cabellonews.com\/index.php?rest_route=%2Fwp%2Fv2%2Ftags&post=931"}],"curies":[{"name":"wp","href":"https:\/\/api.w.org\/{rel}","templated":true}]}}