{"id":925,"date":"2024-06-08T22:47:55","date_gmt":"2024-06-08T22:47:55","guid":{"rendered":"https:\/\/cabellonews.com\/?p=925"},"modified":"2024-06-17T22:49:07","modified_gmt":"2024-06-17T22:49:07","slug":"supervisa-americo-trabajos-de-dragado-en-el-sistema-lagunario-en-el-sur-de-tamaulipas-2","status":"publish","type":"post","link":"https:\/\/cabellonews.com\/?p=925","title":{"rendered":"Supervisa Am\u00e9rico trabajos de dragado en el sistema lagunario en el sur de Tamaulipas"},"content":{"rendered":"\n<p>\u201cLa crisis est\u00e1 pasando, pero no hay que bajar la guardia\u201d declara el gobernador en recorrido de supervisi\u00f3n<\/p>\n\n\n\n<p>Junio 08 de 2024<\/p>\n\n\n\n<p>Tampico, Tamaulipas.- El gobernador Am\u00e9rico Villarreal Anaya supervis\u00f3 este s\u00e1bado los trabajos de dragado que se realizan en la laguna del Chairel y recorri\u00f3 el r\u00edo Tames\u00ed, constatando el incremento del nivel de agua, lo que sigue contribuyendo a aliviar la contingencia por el desabasto del vital l\u00edquido en el sur del estado.<\/p>\n\n\n\n<p>\u201cLa crisis est\u00e1 pasando, pero no hay que bajar la guardia. Es necesario tomar conciencia de cuidar el agua para evitar caer en otra crisis\u201d, dijo el gobernador.<\/p>\n\n\n\n<p>Acompa\u00f1ado por Ra\u00fal Quiroga \u00c1lvarez, secretario de Recursos Hidr\u00e1ulicos, el gobernador parti\u00f3 en lancha desde el parque Fray Andr\u00e9s del Olmos para despu\u00e9s navegar por los diversos canales, hasta llegar al cauce del r\u00edo Tames\u00ed, el cual sigue incrementando su nivel gracias a los escurrimientos de los r\u00edos Guayalejo y Tampa\u00f3n.<\/p>\n\n\n\n<p>El mandatario tamaulipeco constat\u00f3 el extraordinario trabajo de desazolve que realizan cinco excavadoras, gracias a lo cual se evit\u00f3 la paralizaci\u00f3n total del sistema lagunario.<\/p>\n\n\n<figure class=\"wp-block-post-featured-image\"><img width=\"240\" height=\"172\" src=\"https:\/\/cabellonews.com\/wp-content\/uploads\/2024\/06\/8e9208b3-22eb-47e3-b382-7fce4989a48e-240x172.jpeg\" class=\"attachment-post-thumbnail size-post-thumbnail wp-post-image\" alt=\"\" decoding=\"async\" loading=\"lazy\" \/><\/figure>\n\n\n<pre class=\"wp-block-code\"><code>        *     *    *<\/code><\/pre>\n","protected":false},"excerpt":{"rendered":"<p>\u201cLa crisis est\u00e1 pasando, pero no hay que bajar la guardia\u201d declara el gobernador en recorrido de supervisi\u00f3n Junio 08 de 2024 Tampico, Tamaulipas.- El gobernador Am\u00e9rico Villarreal Anaya supervis\u00f3 este s\u00e1bado los trabajos de dragado que se realizan en la laguna del Chairel y recorri\u00f3 el r\u00edo Tames\u00ed, constatando el incremento del nivel de agua, lo que sigue contribuyendo a aliviar la contingencia por el desabasto del vital l\u00edquido en el sur del estado. \u201cLa crisis est\u00e1 pasando, pero no hay que bajar la guardia. Es necesario tomar conciencia&hellip;<\/p>\n","protected":false},"author":1,"featured_media":926,"comment_status":"open","ping_status":"open","sticky":false,"template":"","format":"standard","meta":[],"categories":[1],"tags":[],"gutentor_comment":0,"yoast_head":"<!-- This site is optimized with the Yoast SEO plugin v20.10 - https:\/\/yoast.com\/wordpress\/plugins\/seo\/ -->\n<title>Supervisa Am\u00e9rico trabajos de dragado en el sistema lagunario en el sur de Tamaulipas - cabellonews.com<\/title>\n<meta name=\"robots\" content=\"index, follow, max-snippet:-1, max-image-preview:large, max-video-preview:-1\" \/>\n<link rel=\"canonical\" href=\"https:\/\/cabellonews.com\/?p=925\" \/>\n<meta property=\"og:locale\" content=\"en_US\" \/>\n<meta property=\"og:type\" content=\"article\" \/>\n<meta property=\"og:title\" content=\"Supervisa Am\u00e9rico trabajos de dragado en el sistema lagunario en el sur de Tamaulipas - cabellonews.com\" \/>\n<meta property=\"og:description\" content=\"\u201cLa crisis est\u00e1 pasando, pero no hay que bajar la guardia\u201d declara el gobernador en recorrido de supervisi\u00f3n Junio 08 de 2024 Tampico, Tamaulipas.- El gobernador Am\u00e9rico Villarreal Anaya supervis\u00f3 este s\u00e1bado los trabajos de dragado que se realizan en la laguna del Chairel y recorri\u00f3 el r\u00edo Tames\u00ed, constatando el incremento del nivel de agua, lo que sigue contribuyendo a aliviar la contingencia por el desabasto del vital l\u00edquido en el sur del estado. \u201cLa crisis est\u00e1 pasando, pero no hay que bajar la guardia. Es necesario tomar conciencia&hellip;\" \/>\n<meta property=\"og:url\" content=\"https:\/\/cabellonews.com\/?p=925\" \/>\n<meta property=\"og:site_name\" content=\"cabellonews.com\" \/>\n<meta property=\"article:published_time\" content=\"2024-06-08T22:47:55+00:00\" \/>\n<meta property=\"article:modified_time\" content=\"2024-06-17T22:49:07+00:00\" \/>\n<meta property=\"og:image\" content=\"http:\/\/cabellonews.com\/wp-content\/uploads\/2024\/06\/8e9208b3-22eb-47e3-b382-7fce4989a48e.jpeg\" \/>\n\t<meta property=\"og:image:width\" content=\"1280\" \/>\n\t<meta property=\"og:image:height\" content=\"960\" \/>\n\t<meta property=\"og:image:type\" content=\"image\/jpeg\" \/>\n<meta name=\"author\" content=\"cabellonews.com\" \/>\n<meta name=\"twitter:card\" content=\"summary_large_image\" \/>\n<meta name=\"twitter:label1\" content=\"Written by\" \/>\n\t<meta name=\"twitter:data1\" content=\"cabellonews.com\" \/>\n\t<meta name=\"twitter:label2\" content=\"Est. reading time\" \/>\n\t<meta name=\"twitter:data2\" content=\"1 minute\" \/>\n<script type=\"application\/ld+json\" class=\"yoast-schema-graph\">{\"@context\":\"https:\/\/schema.org\",\"@graph\":[{\"@type\":\"WebPage\",\"@id\":\"https:\/\/cabellonews.com\/?p=925\",\"url\":\"https:\/\/cabellonews.com\/?p=925\",\"name\":\"Supervisa Am\u00e9rico trabajos de dragado en el sistema lagunario en el sur de Tamaulipas - cabellonews.com\",\"isPartOf\":{\"@id\":\"https:\/\/cabellonews.com\/#website\"},\"datePublished\":\"2024-06-08T22:47:55+00:00\",\"dateModified\":\"2024-06-17T22:49:07+00:00\",\"author\":{\"@id\":\"https:\/\/cabellonews.com\/#\/schema\/person\/7afe73bafa6cc5a24fd4c67dfd4379d8\"},\"breadcrumb\":{\"@id\":\"https:\/\/cabellonews.com\/?p=925#breadcrumb\"},\"inLanguage\":\"en-US\",\"potentialAction\":[{\"@type\":\"ReadAction\",\"target\":[\"https:\/\/cabellonews.com\/?p=925\"]}]},{\"@type\":\"BreadcrumbList\",\"@id\":\"https:\/\/cabellonews.com\/?p=925#breadcrumb\",\"itemListElement\":[{\"@type\":\"ListItem\",\"position\":1,\"name\":\"Inicio\",\"item\":\"https:\/\/cabellonews.com\/\"},{\"@type\":\"ListItem\",\"position\":2,\"name\":\"Supervisa Am\u00e9rico trabajos de dragado en el sistema lagunario en el sur de Tamaulipas\"}]},{\"@type\":\"WebSite\",\"@id\":\"https:\/\/cabellonews.com\/#website\",\"url\":\"https:\/\/cabellonews.com\/\",\"name\":\"cabellonews.com\",\"description\":\"Con Cobertura En Tamaulipas Y norte de Veracruz\",\"potentialAction\":[{\"@type\":\"SearchAction\",\"target\":{\"@type\":\"EntryPoint\",\"urlTemplate\":\"https:\/\/cabellonews.com\/?s={search_term_string}\"},\"query-input\":\"required name=search_term_string\"}],\"inLanguage\":\"en-US\"},{\"@type\":\"Person\",\"@id\":\"https:\/\/cabellonews.com\/#\/schema\/person\/7afe73bafa6cc5a24fd4c67dfd4379d8\",\"name\":\"cabellonews.com\",\"image\":{\"@type\":\"ImageObject\",\"inLanguage\":\"en-US\",\"@id\":\"https:\/\/cabellonews.com\/#\/schema\/person\/image\/\",\"url\":\"https:\/\/secure.gravatar.com\/avatar\/8d6324fc2806389aad4cd38639618406?s=96&d=mm&r=g\",\"contentUrl\":\"https:\/\/secure.gravatar.com\/avatar\/8d6324fc2806389aad4cd38639618406?s=96&d=mm&r=g\",\"caption\":\"cabellonews.com\"},\"sameAs\":[\"http:\/\/cabellonews.com\"],\"url\":\"https:\/\/cabellonews.com\/?author=1\"}]}<\/script>\n<!-- \/ Yoast SEO plugin. -->","yoast_head_json":{"title":"Supervisa Am\u00e9rico trabajos de dragado en el sistema lagunario en el sur de Tamaulipas - cabellonews.com","robots":{"index":"index","follow":"follow","max-snippet":"max-snippet:-1","max-image-preview":"max-image-preview:large","max-video-preview":"max-video-preview:-1"},"canonical":"https:\/\/cabellonews.com\/?p=925","og_locale":"en_US","og_type":"article","og_title":"Supervisa Am\u00e9rico trabajos de dragado en el sistema lagunario en el sur de Tamaulipas - cabellonews.com","og_description":"\u201cLa crisis est\u00e1 pasando, pero no hay que bajar la guardia\u201d declara el gobernador en recorrido de supervisi\u00f3n Junio 08 de 2024 Tampico, Tamaulipas.- El gobernador Am\u00e9rico Villarreal Anaya supervis\u00f3 este s\u00e1bado los trabajos de dragado que se realizan en la laguna del Chairel y recorri\u00f3 el r\u00edo Tames\u00ed, constatando el incremento del nivel de agua, lo que sigue contribuyendo a aliviar la contingencia por el desabasto del vital l\u00edquido en el sur del estado. \u201cLa crisis est\u00e1 pasando, pero no hay que bajar la guardia. Es necesario tomar conciencia&hellip;","og_url":"https:\/\/cabellonews.com\/?p=925","og_site_name":"cabellonews.com","article_published_time":"2024-06-08T22:47:55+00:00","article_modified_time":"2024-06-17T22:49:07+00:00","og_image":[{"width":1280,"height":960,"url":"http:\/\/cabellonews.com\/wp-content\/uploads\/2024\/06\/8e9208b3-22eb-47e3-b382-7fce4989a48e.jpeg","type":"image\/jpeg"}],"author":"cabellonews.com","twitter_card":"summary_large_image","twitter_misc":{"Written by":"cabellonews.com","Est. reading time":"1 minute"},"schema":{"@context":"https:\/\/schema.org","@graph":[{"@type":"WebPage","@id":"https:\/\/cabellonews.com\/?p=925","url":"https:\/\/cabellonews.com\/?p=925","name":"Supervisa Am\u00e9rico trabajos de dragado en el sistema lagunario en el sur de Tamaulipas - cabellonews.com","isPartOf":{"@id":"https:\/\/cabellonews.com\/#website"},"datePublished":"2024-06-08T22:47:55+00:00","dateModified":"2024-06-17T22:49:07+00:00","author":{"@id":"https:\/\/cabellonews.com\/#\/schema\/person\/7afe73bafa6cc5a24fd4c67dfd4379d8"},"breadcrumb":{"@id":"https:\/\/cabellonews.com\/?p=925#breadcrumb"},"inLanguage":"en-US","potentialAction":[{"@type":"ReadAction","target":["https:\/\/cabellonews.com\/?p=925"]}]},{"@type":"BreadcrumbList","@id":"https:\/\/cabellonews.com\/?p=925#breadcrumb","itemListElement":[{"@type":"ListItem","position":1,"name":"Inicio","item":"https:\/\/cabellonews.com\/"},{"@type":"ListItem","position":2,"name":"Supervisa Am\u00e9rico trabajos de dragado en el sistema lagunario en el sur de Tamaulipas"}]},{"@type":"WebSite","@id":"https:\/\/cabellonews.com\/#website","url":"https:\/\/cabellonews.com\/","name":"cabellonews.com","description":"Con Cobertura En Tamaulipas Y norte de Veracruz","potentialAction":[{"@type":"SearchAction","target":{"@type":"EntryPoint","urlTemplate":"https:\/\/cabellonews.com\/?s={search_term_string}"},"query-input":"required name=search_term_string"}],"inLanguage":"en-US"},{"@type":"Person","@id":"https:\/\/cabellonews.com\/#\/schema\/person\/7afe73bafa6cc5a24fd4c67dfd4379d8","name":"cabellonews.com","image":{"@type":"ImageObject","inLanguage":"en-US","@id":"https:\/\/cabellonews.com\/#\/schema\/person\/image\/","url":"https:\/\/secure.gravatar.com\/avatar\/8d6324fc2806389aad4cd38639618406?s=96&d=mm&r=g","contentUrl":"https:\/\/secure.gravatar.com\/avatar\/8d6324fc2806389aad4cd38639618406?s=96&d=mm&r=g","caption":"cabellonews.com"},"sameAs":["http:\/\/cabellonews.com"],"url":"https:\/\/cabellonews.com\/?author=1"}]}},"_links":{"self":[{"href":"https:\/\/cabellonews.com\/index.php?rest_route=\/wp\/v2\/posts\/925"}],"collection":[{"href":"https:\/\/cabellonews.com\/index.php?rest_route=\/wp\/v2\/posts"}],"about":[{"href":"https:\/\/cabellonews.com\/index.php?rest_route=\/wp\/v2\/types\/post"}],"author":[{"embeddable":true,"href":"https:\/\/cabellonews.com\/index.php?rest_route=\/wp\/v2\/users\/1"}],"replies":[{"embeddable":true,"href":"https:\/\/cabellonews.com\/index.php?rest_route=%2Fwp%2Fv2%2Fcomments&post=925"}],"version-history":[{"count":1,"href":"https:\/\/cabellonews.com\/index.php?rest_route=\/wp\/v2\/posts\/925\/revisions"}],"predecessor-version":[{"id":927,"href":"https:\/\/cabellonews.com\/index.php?rest_route=\/wp\/v2\/posts\/925\/revisions\/927"}],"wp:featuredmedia":[{"embeddable":true,"href":"https:\/\/cabellonews.com\/index.php?rest_route=\/wp\/v2\/media\/926"}],"wp:attachment":[{"href":"https:\/\/cabellonews.com\/index.php?rest_route=%2Fwp%2Fv2%2Fmedia&parent=925"}],"wp:term":[{"taxonomy":"category","embeddable":true,"href":"https:\/\/cabellonews.com\/index.php?rest_route=%2Fwp%2Fv2%2Fcategories&post=925"},{"taxonomy":"post_tag","embeddable":true,"href":"https:\/\/cabellonews.com\/index.php?rest_route=%2Fwp%2Fv2%2Ftags&post=925"}],"curies":[{"name":"wp","href":"https:\/\/api.w.org\/{rel}","templated":true}]}}