{"id":892,"date":"2024-06-03T21:45:36","date_gmt":"2024-06-03T21:45:36","guid":{"rendered":"https:\/\/cabellonews.com\/?p=892"},"modified":"2024-06-17T22:06:19","modified_gmt":"2024-06-17T22:06:19","slug":"respaldo-tamaulipas-a-claudia-sheinbaum-vienen-tiempos-mejores-americo","status":"publish","type":"post","link":"https:\/\/cabellonews.com\/?p=892","title":{"rendered":"Respald\u00f3 Tamaulipas a Claudia Sheinbaum, vienen tiempos mejores: Am\u00e9rico"},"content":{"rendered":"\n<p>-Apoyaron un proyecto de naci\u00f3n humanista que seguir\u00e1 recuperando y respetando derechos humanos, civiles, pol\u00edticos y sociales, se\u00f1al\u00f3 el gobernador<\/p>\n\n\n\n<p>Junio 03 de 2024<\/p>\n\n\n\n<p>Ciudad Victoria, Tamaulipas.- Las y los tamaulipecos ratificaron en la jornada electoral del 2 de junio, de manera masiva y contundente, todo su apoyo al proyecto transformador. Con el triunfo de Claudia Sheinbaum Pardo, vienen tiempos mejores para la colaboraci\u00f3n Estado-Federaci\u00f3n, afirm\u00f3 el gobernador Am\u00e9rico Villarreal Anaya.<\/p>\n\n\n\n<p>\u201cHay que cerrar filas, llamar a la unidad para celebrar el triunfo de la doctora Claudia Sheinbaum porque son muy buenas noticias para M\u00e9xico y para Tamaulipas\u201d, expres\u00f3 el gobernador durante la ceremonia c\u00edvica de honores de este lunes.<\/p>\n\n\n\n<p>\u201cEl triunfo electoral que hemos conseguido nos garantiza la sostenibilidad del proceso hist\u00f3rico de transformaci\u00f3n que arrancamos en el 2018 y que hoy tiene un horizonte brillante y positivo, que renueva nuestra esperanza hacia el futuro y que nos invita a todas y todos a dar lo mejor y a compartir sus valores y sus causas\u201d, agreg\u00f3.<\/p>\n\n\n\n<p>El mandatario tamaulipeco asegur\u00f3 que el fantasma de la manipulaci\u00f3n, de la compra de votos y del fraude electoral institucionalizados en el pasado neoliberal de los a\u00f1os recientes, ha sido nuevamente superado y desterrado de nuestra convivencia.<\/p>\n\n\n\n<p>\u201cEl relevo pac\u00edfico, legal y leg\u00edtimo en los poderes ejecutivo y legislativo es una divisa fuerte de nuestra democracia, pero adem\u00e1s el pueblo opt\u00f3 por continuar por la misma ruta, por un proyecto de naci\u00f3n humanista que seguir\u00e1 recuperando y respetando derechos humanos, civiles, pol\u00edticos y sociales\u201d, mencion\u00f3.<\/p>\n\n\n\n<p>Ante los integrantes del gabinete estatal y la estructura gubernamental en el Polyforum Victoria, inform\u00f3 que la jornada electoral se dio en orden y con civilidad y super\u00f3 el 57 por ciento de participaci\u00f3n, cumpliendo al 100 por ciento la instalaci\u00f3n de las mesas de votaci\u00f3n.<\/p>\n\n\n\n<p>\u201cAl pueblo de Tamaulipas, de nuevo gracias por su civilidad pol\u00edtica, por su madurez democr\u00e1tica y por honrar la herencia que en 200 a\u00f1os de ser Estado libre y soberano preservamos como fuente de unidad de las instituciones republicanas que sustentan nuestra convivencia\u201d, mencion\u00f3.<\/p>\n\n\n\n<p>Luego de agradecer a los m\u00e1s de 44 mil ciudadanos que aceptaron una responsabilidad para ser funcionarios de casilla, Villarreal Anaya tambi\u00e9n reconoci\u00f3 a las autoridades electorales y a los cuerpos de seguridad que participaron y que siguen atentos para hacer respetar los derechos constitucionales y democr\u00e1ticos.<\/p>\n\n\n\n<p>Agreg\u00f3 que el mensaje de las urnas es definitivo y este es que M\u00e9xico y Tamaulipas decidieron seguir el camino iniciado hace casi seis a\u00f1os.<\/p>\n\n\n\n<p>\u201cAhora que la elecci\u00f3n ha quedado atr\u00e1s, estamos listos para retomar con todas nuestras fuerzas y capacidades el tramo final del gobierno del presidente de M\u00e9xico, Andr\u00e9s Manuel L\u00f3pez Obrador y, a partir de octubre pr\u00f3ximo, iniciar con el mismo compromiso social y un esp\u00edritu renovado la construcci\u00f3n del segundo piso de nuestra transformaci\u00f3n\u201d, apunt\u00f3.<\/p>\n\n\n\n<p>Antes de finalizar su discurso, el gobernador de Tamaulipas asegur\u00f3 que esta fecha quedar\u00e1 inscrita en las efem\u00e9rides nacionales: \u201cEste d\u00eda, van a decir: 2 de junio del 2024, una sociedad comprometida con la transformaci\u00f3n y el humanismo decidi\u00f3 libremente tener la primera presidenta de M\u00e9xico\u201d.<\/p>\n\n\n\n<section id=\"section-60782f0a-f9f3-4273-8ef0-f331a1db7cd3\" class=\"wp-block-gutentor-featured-block gutentor-section gutentor-featured-block featured-template1\"><div class=\"grid-container\"><div class=\"gutentor-block-header\"><div class=\"gutentor-section-title enable-title-design seperator-bottom text-center\"><h2 class=\"gutentor-title\"><\/h2><\/div><\/div><div class=\"gutentor-grid-item-wrap\"><div class=\"gutentor-single-item\"><div class=\"grid-row\"><div class=\"grid-md-6\"><div class=\"gutentor-single-item-image-box\"><div class=\"gutentor-image-thumb\"><img decoding=\"async\" class=\"normal-image\" src=\"https:\/\/cabellonews.com\/wp-content\/plugins\/gutentor\/assets\/img\/default-image.jpg\"\/><\/div><\/div><\/div><div class=\"grid-md-6\"><div class=\"gutentor-single-item-content\"><div class=\"gutentor-featured-content\"><h3 class=\"gutentor-single-item-title\">Title<\/h3><p class=\"gutentor-single-item-desc\">Short Description<\/p><\/div><\/div><\/div><\/div><\/div><\/div><\/div><\/section>\n\n\n<figure class=\"wp-block-post-featured-image\"><img width=\"240\" height=\"172\" src=\"https:\/\/cabellonews.com\/wp-content\/uploads\/2024\/06\/0efe0a82-b878-40dd-8c8b-c8b56fd8edbb-240x172.jpeg\" class=\"attachment-post-thumbnail size-post-thumbnail wp-post-image\" alt=\"\" decoding=\"async\" loading=\"lazy\" \/><\/figure>\n\n\n<pre class=\"wp-block-code\"><code>        *    *    *<\/code><\/pre>\n\n\n\n<section id=\"section-1739b5d0-8e10-4ebd-a646-3e94c3513a38\" class=\"wp-block-gutentor-image-box gutentor-section gutentor-image-wrapper imagebox-template1\"><div class=\"grid-container\"><div class=\"gutentor-block-header\"><div class=\"gutentor-section-title enable-title-design seperator-bottom text-center\"><h2 class=\"gutentor-title\">Block Title<\/h2><\/div><\/div><div class=\"grid-row gutentor-grid-item-wrap\"><div class=\"gutentor-grid-column grid-lg-4 grid-md-4 grid-12\"><div class=\"gutentor-single-item gutentor-image gutentor-single-item-0\"><div class=\"gutentor-single-item-wrap\"><div class=\"gutentor-single-item-image-box\"><div class=\"gutentor-image-thumb\"><img decoding=\"async\" class=\"normal-image\" src=\"https:\/\/cabellonews.com\/wp-content\/plugins\/gutentor\/assets\/img\/default-image.jpg\"\/><\/div><\/div><div class=\"gutentor-single-item-content\"><h3 class=\"gutentor-single-item-title\">Title<\/h3><p class=\"gutentor-single-item-desc\">Short Description<\/p><\/div><\/div><\/div><\/div><\/div><\/div><\/section>\n","protected":false},"excerpt":{"rendered":"<p>-Apoyaron un proyecto de naci\u00f3n humanista que seguir\u00e1 recuperando y respetando derechos humanos, civiles, pol\u00edticos y sociales, se\u00f1al\u00f3 el gobernador Junio 03 de 2024 Ciudad Victoria, Tamaulipas.- Las y los tamaulipecos ratificaron en la jornada electoral del 2 de junio, de manera masiva y contundente, todo su apoyo al proyecto transformador. Con el triunfo de Claudia Sheinbaum Pardo, vienen tiempos mejores para la colaboraci\u00f3n Estado-Federaci\u00f3n, afirm\u00f3 el gobernador Am\u00e9rico Villarreal Anaya. \u201cHay que cerrar filas, llamar a la unidad para celebrar el triunfo de la doctora Claudia Sheinbaum porque son&hellip;<\/p>\n","protected":false},"author":1,"featured_media":893,"comment_status":"open","ping_status":"open","sticky":false,"template":"","format":"standard","meta":[],"categories":[1],"tags":[],"gutentor_comment":0,"yoast_head":"<!-- This site is optimized with the Yoast SEO plugin v20.10 - https:\/\/yoast.com\/wordpress\/plugins\/seo\/ -->\n<title>Respald\u00f3 Tamaulipas a Claudia Sheinbaum, vienen tiempos mejores: Am\u00e9rico - cabellonews.com<\/title>\n<meta name=\"robots\" content=\"index, follow, max-snippet:-1, max-image-preview:large, max-video-preview:-1\" \/>\n<link rel=\"canonical\" href=\"https:\/\/cabellonews.com\/?p=892\" \/>\n<meta property=\"og:locale\" content=\"en_US\" \/>\n<meta property=\"og:type\" content=\"article\" \/>\n<meta property=\"og:title\" content=\"Respald\u00f3 Tamaulipas a Claudia Sheinbaum, vienen tiempos mejores: Am\u00e9rico - cabellonews.com\" \/>\n<meta property=\"og:description\" content=\"-Apoyaron un proyecto de naci\u00f3n humanista que seguir\u00e1 recuperando y respetando derechos humanos, civiles, pol\u00edticos y sociales, se\u00f1al\u00f3 el gobernador Junio 03 de 2024 Ciudad Victoria, Tamaulipas.- Las y los tamaulipecos ratificaron en la jornada electoral del 2 de junio, de manera masiva y contundente, todo su apoyo al proyecto transformador. Con el triunfo de Claudia Sheinbaum Pardo, vienen tiempos mejores para la colaboraci\u00f3n Estado-Federaci\u00f3n, afirm\u00f3 el gobernador Am\u00e9rico Villarreal Anaya. \u201cHay que cerrar filas, llamar a la unidad para celebrar el triunfo de la doctora Claudia Sheinbaum porque son&hellip;\" \/>\n<meta property=\"og:url\" content=\"https:\/\/cabellonews.com\/?p=892\" \/>\n<meta property=\"og:site_name\" content=\"cabellonews.com\" \/>\n<meta property=\"article:published_time\" content=\"2024-06-03T21:45:36+00:00\" \/>\n<meta property=\"article:modified_time\" content=\"2024-06-17T22:06:19+00:00\" \/>\n<meta property=\"og:image\" content=\"http:\/\/cabellonews.com\/wp-content\/uploads\/2024\/06\/0efe0a82-b878-40dd-8c8b-c8b56fd8edbb.jpeg\" \/>\n\t<meta property=\"og:image:width\" content=\"2048\" \/>\n\t<meta property=\"og:image:height\" content=\"1495\" \/>\n\t<meta property=\"og:image:type\" content=\"image\/jpeg\" \/>\n<meta name=\"author\" content=\"cabellonews.com\" \/>\n<meta name=\"twitter:card\" content=\"summary_large_image\" \/>\n<meta name=\"twitter:label1\" content=\"Written by\" \/>\n\t<meta name=\"twitter:data1\" content=\"cabellonews.com\" \/>\n<script type=\"application\/ld+json\" class=\"yoast-schema-graph\">{\"@context\":\"https:\/\/schema.org\",\"@graph\":[{\"@type\":\"WebPage\",\"@id\":\"https:\/\/cabellonews.com\/?p=892\",\"url\":\"https:\/\/cabellonews.com\/?p=892\",\"name\":\"Respald\u00f3 Tamaulipas a Claudia Sheinbaum, vienen tiempos mejores: Am\u00e9rico - cabellonews.com\",\"isPartOf\":{\"@id\":\"https:\/\/cabellonews.com\/#website\"},\"datePublished\":\"2024-06-03T21:45:36+00:00\",\"dateModified\":\"2024-06-17T22:06:19+00:00\",\"author\":{\"@id\":\"https:\/\/cabellonews.com\/#\/schema\/person\/7afe73bafa6cc5a24fd4c67dfd4379d8\"},\"breadcrumb\":{\"@id\":\"https:\/\/cabellonews.com\/?p=892#breadcrumb\"},\"inLanguage\":\"en-US\",\"potentialAction\":[{\"@type\":\"ReadAction\",\"target\":[\"https:\/\/cabellonews.com\/?p=892\"]}]},{\"@type\":\"BreadcrumbList\",\"@id\":\"https:\/\/cabellonews.com\/?p=892#breadcrumb\",\"itemListElement\":[{\"@type\":\"ListItem\",\"position\":1,\"name\":\"Inicio\",\"item\":\"https:\/\/cabellonews.com\/\"},{\"@type\":\"ListItem\",\"position\":2,\"name\":\"Respald\u00f3 Tamaulipas a Claudia Sheinbaum, vienen tiempos mejores: Am\u00e9rico\"}]},{\"@type\":\"WebSite\",\"@id\":\"https:\/\/cabellonews.com\/#website\",\"url\":\"https:\/\/cabellonews.com\/\",\"name\":\"cabellonews.com\",\"description\":\"Con Cobertura En Tamaulipas Y norte de Veracruz\",\"potentialAction\":[{\"@type\":\"SearchAction\",\"target\":{\"@type\":\"EntryPoint\",\"urlTemplate\":\"https:\/\/cabellonews.com\/?s={search_term_string}\"},\"query-input\":\"required name=search_term_string\"}],\"inLanguage\":\"en-US\"},{\"@type\":\"Person\",\"@id\":\"https:\/\/cabellonews.com\/#\/schema\/person\/7afe73bafa6cc5a24fd4c67dfd4379d8\",\"name\":\"cabellonews.com\",\"image\":{\"@type\":\"ImageObject\",\"inLanguage\":\"en-US\",\"@id\":\"https:\/\/cabellonews.com\/#\/schema\/person\/image\/\",\"url\":\"https:\/\/secure.gravatar.com\/avatar\/8d6324fc2806389aad4cd38639618406?s=96&d=mm&r=g\",\"contentUrl\":\"https:\/\/secure.gravatar.com\/avatar\/8d6324fc2806389aad4cd38639618406?s=96&d=mm&r=g\",\"caption\":\"cabellonews.com\"},\"sameAs\":[\"http:\/\/cabellonews.com\"],\"url\":\"https:\/\/cabellonews.com\/?author=1\"}]}<\/script>\n<!-- \/ Yoast SEO plugin. -->","yoast_head_json":{"title":"Respald\u00f3 Tamaulipas a Claudia Sheinbaum, vienen tiempos mejores: Am\u00e9rico - cabellonews.com","robots":{"index":"index","follow":"follow","max-snippet":"max-snippet:-1","max-image-preview":"max-image-preview:large","max-video-preview":"max-video-preview:-1"},"canonical":"https:\/\/cabellonews.com\/?p=892","og_locale":"en_US","og_type":"article","og_title":"Respald\u00f3 Tamaulipas a Claudia Sheinbaum, vienen tiempos mejores: Am\u00e9rico - cabellonews.com","og_description":"-Apoyaron un proyecto de naci\u00f3n humanista que seguir\u00e1 recuperando y respetando derechos humanos, civiles, pol\u00edticos y sociales, se\u00f1al\u00f3 el gobernador Junio 03 de 2024 Ciudad Victoria, Tamaulipas.- Las y los tamaulipecos ratificaron en la jornada electoral del 2 de junio, de manera masiva y contundente, todo su apoyo al proyecto transformador. Con el triunfo de Claudia Sheinbaum Pardo, vienen tiempos mejores para la colaboraci\u00f3n Estado-Federaci\u00f3n, afirm\u00f3 el gobernador Am\u00e9rico Villarreal Anaya. \u201cHay que cerrar filas, llamar a la unidad para celebrar el triunfo de la doctora Claudia Sheinbaum porque son&hellip;","og_url":"https:\/\/cabellonews.com\/?p=892","og_site_name":"cabellonews.com","article_published_time":"2024-06-03T21:45:36+00:00","article_modified_time":"2024-06-17T22:06:19+00:00","og_image":[{"width":2048,"height":1495,"url":"http:\/\/cabellonews.com\/wp-content\/uploads\/2024\/06\/0efe0a82-b878-40dd-8c8b-c8b56fd8edbb.jpeg","type":"image\/jpeg"}],"author":"cabellonews.com","twitter_card":"summary_large_image","twitter_misc":{"Written by":"cabellonews.com"},"schema":{"@context":"https:\/\/schema.org","@graph":[{"@type":"WebPage","@id":"https:\/\/cabellonews.com\/?p=892","url":"https:\/\/cabellonews.com\/?p=892","name":"Respald\u00f3 Tamaulipas a Claudia Sheinbaum, vienen tiempos mejores: Am\u00e9rico - cabellonews.com","isPartOf":{"@id":"https:\/\/cabellonews.com\/#website"},"datePublished":"2024-06-03T21:45:36+00:00","dateModified":"2024-06-17T22:06:19+00:00","author":{"@id":"https:\/\/cabellonews.com\/#\/schema\/person\/7afe73bafa6cc5a24fd4c67dfd4379d8"},"breadcrumb":{"@id":"https:\/\/cabellonews.com\/?p=892#breadcrumb"},"inLanguage":"en-US","potentialAction":[{"@type":"ReadAction","target":["https:\/\/cabellonews.com\/?p=892"]}]},{"@type":"BreadcrumbList","@id":"https:\/\/cabellonews.com\/?p=892#breadcrumb","itemListElement":[{"@type":"ListItem","position":1,"name":"Inicio","item":"https:\/\/cabellonews.com\/"},{"@type":"ListItem","position":2,"name":"Respald\u00f3 Tamaulipas a Claudia Sheinbaum, vienen tiempos mejores: Am\u00e9rico"}]},{"@type":"WebSite","@id":"https:\/\/cabellonews.com\/#website","url":"https:\/\/cabellonews.com\/","name":"cabellonews.com","description":"Con Cobertura En Tamaulipas Y norte de Veracruz","potentialAction":[{"@type":"SearchAction","target":{"@type":"EntryPoint","urlTemplate":"https:\/\/cabellonews.com\/?s={search_term_string}"},"query-input":"required name=search_term_string"}],"inLanguage":"en-US"},{"@type":"Person","@id":"https:\/\/cabellonews.com\/#\/schema\/person\/7afe73bafa6cc5a24fd4c67dfd4379d8","name":"cabellonews.com","image":{"@type":"ImageObject","inLanguage":"en-US","@id":"https:\/\/cabellonews.com\/#\/schema\/person\/image\/","url":"https:\/\/secure.gravatar.com\/avatar\/8d6324fc2806389aad4cd38639618406?s=96&d=mm&r=g","contentUrl":"https:\/\/secure.gravatar.com\/avatar\/8d6324fc2806389aad4cd38639618406?s=96&d=mm&r=g","caption":"cabellonews.com"},"sameAs":["http:\/\/cabellonews.com"],"url":"https:\/\/cabellonews.com\/?author=1"}]}},"_links":{"self":[{"href":"https:\/\/cabellonews.com\/index.php?rest_route=\/wp\/v2\/posts\/892"}],"collection":[{"href":"https:\/\/cabellonews.com\/index.php?rest_route=\/wp\/v2\/posts"}],"about":[{"href":"https:\/\/cabellonews.com\/index.php?rest_route=\/wp\/v2\/types\/post"}],"author":[{"embeddable":true,"href":"https:\/\/cabellonews.com\/index.php?rest_route=\/wp\/v2\/users\/1"}],"replies":[{"embeddable":true,"href":"https:\/\/cabellonews.com\/index.php?rest_route=%2Fwp%2Fv2%2Fcomments&post=892"}],"version-history":[{"count":3,"href":"https:\/\/cabellonews.com\/index.php?rest_route=\/wp\/v2\/posts\/892\/revisions"}],"predecessor-version":[{"id":905,"href":"https:\/\/cabellonews.com\/index.php?rest_route=\/wp\/v2\/posts\/892\/revisions\/905"}],"wp:featuredmedia":[{"embeddable":true,"href":"https:\/\/cabellonews.com\/index.php?rest_route=\/wp\/v2\/media\/893"}],"wp:attachment":[{"href":"https:\/\/cabellonews.com\/index.php?rest_route=%2Fwp%2Fv2%2Fmedia&parent=892"}],"wp:term":[{"taxonomy":"category","embeddable":true,"href":"https:\/\/cabellonews.com\/index.php?rest_route=%2Fwp%2Fv2%2Fcategories&post=892"},{"taxonomy":"post_tag","embeddable":true,"href":"https:\/\/cabellonews.com\/index.php?rest_route=%2Fwp%2Fv2%2Ftags&post=892"}],"curies":[{"name":"wp","href":"https:\/\/api.w.org\/{rel}","templated":true}]}}