{"id":879,"date":"2024-04-03T02:00:16","date_gmt":"2024-04-03T02:00:16","guid":{"rendered":"https:\/\/cabellonews.com\/?p=879"},"modified":"2024-04-03T02:00:17","modified_gmt":"2024-04-03T02:00:17","slug":"alerta-chofer-resulta-lesionado-tras-accidente-en-carretera-victoria-zaragoza","status":"publish","type":"post","link":"https:\/\/cabellonews.com\/?p=879","title":{"rendered":"Alerta: chofer resulta lesionado tras accidente en Carretera Victoria-Zaragoza"},"content":{"rendered":"\n<p>Llera, Tamaulipas.-Tras impactarse en la parte delantera y volcarse la caja trasera de un tr\u00e1iler en el kil\u00f3metro 34 de la Carretera Federal 83 Victoria-Zaragoza, un operador de 39 a\u00f1os de edad result\u00f3 lesionado.<\/p>\n\n\n\n<p>El ciudadano manifest\u00f3 dolor en el lado izquierdo del est\u00f3mago por lo que se solicit\u00f3 al C4 una unidad m\u00e9dica para su valoraci\u00f3n.<\/p>\n\n\n\n<p>El hecho ocurri\u00f3 a la altura del municipio de Llera.<\/p>\n\n\n\n<p>Cabe mencionar que el accidente no interfiri\u00f3 en la circulaci\u00f3n vial del \u00e1rea.<\/p>\n\n\n\n<p>Conduzca con precauci\u00f3n para prevenir accidentes.<\/p>\n\n\n<figure class=\"wp-block-post-featured-image\"><img width=\"240\" height=\"172\" src=\"https:\/\/cabellonews.com\/wp-content\/uploads\/2024\/04\/e64de2a9-1ada-4114-91d5-5844dcc660c5-240x172.jpeg\" class=\"attachment-post-thumbnail size-post-thumbnail wp-post-image\" alt=\"\" decoding=\"async\" loading=\"lazy\" \/><\/figure>","protected":false},"excerpt":{"rendered":"<p>Llera, Tamaulipas.-Tras impactarse en la parte delantera y volcarse la caja trasera de un tr\u00e1iler en el kil\u00f3metro 34 de la Carretera Federal 83 Victoria-Zaragoza, un operador de 39 a\u00f1os de edad result\u00f3 lesionado. El ciudadano manifest\u00f3 dolor en el lado izquierdo del est\u00f3mago por lo que se solicit\u00f3 al C4 una unidad m\u00e9dica para su valoraci\u00f3n. El hecho ocurri\u00f3 a la altura del municipio de Llera. Cabe mencionar que el accidente no interfiri\u00f3 en la circulaci\u00f3n vial del \u00e1rea. Conduzca con precauci\u00f3n para prevenir accidentes.<\/p>\n","protected":false},"author":1,"featured_media":880,"comment_status":"open","ping_status":"open","sticky":false,"template":"","format":"standard","meta":[],"categories":[1],"tags":[],"gutentor_comment":54,"yoast_head":"<!-- This site is optimized with the Yoast SEO plugin v20.10 - https:\/\/yoast.com\/wordpress\/plugins\/seo\/ -->\n<title>Alerta: chofer resulta lesionado tras accidente en Carretera Victoria-Zaragoza - cabellonews.com<\/title>\n<meta name=\"robots\" content=\"index, follow, max-snippet:-1, max-image-preview:large, max-video-preview:-1\" \/>\n<link rel=\"canonical\" href=\"https:\/\/cabellonews.com\/?p=879\" \/>\n<meta property=\"og:locale\" content=\"en_US\" \/>\n<meta property=\"og:type\" content=\"article\" \/>\n<meta property=\"og:title\" content=\"Alerta: chofer resulta lesionado tras accidente en Carretera Victoria-Zaragoza - cabellonews.com\" \/>\n<meta property=\"og:description\" content=\"Llera, Tamaulipas.-Tras impactarse en la parte delantera y volcarse la caja trasera de un tr\u00e1iler en el kil\u00f3metro 34 de la Carretera Federal 83 Victoria-Zaragoza, un operador de 39 a\u00f1os de edad result\u00f3 lesionado. El ciudadano manifest\u00f3 dolor en el lado izquierdo del est\u00f3mago por lo que se solicit\u00f3 al C4 una unidad m\u00e9dica para su valoraci\u00f3n. El hecho ocurri\u00f3 a la altura del municipio de Llera. Cabe mencionar que el accidente no interfiri\u00f3 en la circulaci\u00f3n vial del \u00e1rea. Conduzca con precauci\u00f3n para prevenir accidentes.\" \/>\n<meta property=\"og:url\" content=\"https:\/\/cabellonews.com\/?p=879\" \/>\n<meta property=\"og:site_name\" content=\"cabellonews.com\" \/>\n<meta property=\"article:published_time\" content=\"2024-04-03T02:00:16+00:00\" \/>\n<meta property=\"article:modified_time\" content=\"2024-04-03T02:00:17+00:00\" \/>\n<meta property=\"og:image\" content=\"http:\/\/cabellonews.com\/wp-content\/uploads\/2024\/04\/e64de2a9-1ada-4114-91d5-5844dcc660c5.jpeg\" \/>\n\t<meta property=\"og:image:width\" content=\"1156\" \/>\n\t<meta property=\"og:image:height\" content=\"867\" \/>\n\t<meta property=\"og:image:type\" content=\"image\/jpeg\" \/>\n<meta name=\"author\" content=\"cabellonews.com\" \/>\n<meta name=\"twitter:card\" content=\"summary_large_image\" \/>\n<meta name=\"twitter:label1\" content=\"Written by\" \/>\n\t<meta name=\"twitter:data1\" content=\"cabellonews.com\" \/>\n\t<meta name=\"twitter:label2\" content=\"Est. reading time\" \/>\n\t<meta name=\"twitter:data2\" content=\"1 minute\" \/>\n<script type=\"application\/ld+json\" class=\"yoast-schema-graph\">{\"@context\":\"https:\/\/schema.org\",\"@graph\":[{\"@type\":\"WebPage\",\"@id\":\"https:\/\/cabellonews.com\/?p=879\",\"url\":\"https:\/\/cabellonews.com\/?p=879\",\"name\":\"Alerta: chofer resulta lesionado tras accidente en Carretera Victoria-Zaragoza - cabellonews.com\",\"isPartOf\":{\"@id\":\"https:\/\/cabellonews.com\/#website\"},\"datePublished\":\"2024-04-03T02:00:16+00:00\",\"dateModified\":\"2024-04-03T02:00:17+00:00\",\"author\":{\"@id\":\"https:\/\/cabellonews.com\/#\/schema\/person\/7afe73bafa6cc5a24fd4c67dfd4379d8\"},\"breadcrumb\":{\"@id\":\"https:\/\/cabellonews.com\/?p=879#breadcrumb\"},\"inLanguage\":\"en-US\",\"potentialAction\":[{\"@type\":\"ReadAction\",\"target\":[\"https:\/\/cabellonews.com\/?p=879\"]}]},{\"@type\":\"BreadcrumbList\",\"@id\":\"https:\/\/cabellonews.com\/?p=879#breadcrumb\",\"itemListElement\":[{\"@type\":\"ListItem\",\"position\":1,\"name\":\"Inicio\",\"item\":\"https:\/\/cabellonews.com\/\"},{\"@type\":\"ListItem\",\"position\":2,\"name\":\"Alerta: chofer resulta lesionado tras accidente en Carretera Victoria-Zaragoza\"}]},{\"@type\":\"WebSite\",\"@id\":\"https:\/\/cabellonews.com\/#website\",\"url\":\"https:\/\/cabellonews.com\/\",\"name\":\"cabellonews.com\",\"description\":\"Con Cobertura En Tamaulipas Y norte de Veracruz\",\"potentialAction\":[{\"@type\":\"SearchAction\",\"target\":{\"@type\":\"EntryPoint\",\"urlTemplate\":\"https:\/\/cabellonews.com\/?s={search_term_string}\"},\"query-input\":\"required name=search_term_string\"}],\"inLanguage\":\"en-US\"},{\"@type\":\"Person\",\"@id\":\"https:\/\/cabellonews.com\/#\/schema\/person\/7afe73bafa6cc5a24fd4c67dfd4379d8\",\"name\":\"cabellonews.com\",\"image\":{\"@type\":\"ImageObject\",\"inLanguage\":\"en-US\",\"@id\":\"https:\/\/cabellonews.com\/#\/schema\/person\/image\/\",\"url\":\"https:\/\/secure.gravatar.com\/avatar\/8d6324fc2806389aad4cd38639618406?s=96&d=mm&r=g\",\"contentUrl\":\"https:\/\/secure.gravatar.com\/avatar\/8d6324fc2806389aad4cd38639618406?s=96&d=mm&r=g\",\"caption\":\"cabellonews.com\"},\"sameAs\":[\"http:\/\/cabellonews.com\"],\"url\":\"https:\/\/cabellonews.com\/?author=1\"}]}<\/script>\n<!-- \/ Yoast SEO plugin. -->","yoast_head_json":{"title":"Alerta: chofer resulta lesionado tras accidente en Carretera Victoria-Zaragoza - cabellonews.com","robots":{"index":"index","follow":"follow","max-snippet":"max-snippet:-1","max-image-preview":"max-image-preview:large","max-video-preview":"max-video-preview:-1"},"canonical":"https:\/\/cabellonews.com\/?p=879","og_locale":"en_US","og_type":"article","og_title":"Alerta: chofer resulta lesionado tras accidente en Carretera Victoria-Zaragoza - cabellonews.com","og_description":"Llera, Tamaulipas.-Tras impactarse en la parte delantera y volcarse la caja trasera de un tr\u00e1iler en el kil\u00f3metro 34 de la Carretera Federal 83 Victoria-Zaragoza, un operador de 39 a\u00f1os de edad result\u00f3 lesionado. El ciudadano manifest\u00f3 dolor en el lado izquierdo del est\u00f3mago por lo que se solicit\u00f3 al C4 una unidad m\u00e9dica para su valoraci\u00f3n. El hecho ocurri\u00f3 a la altura del municipio de Llera. Cabe mencionar que el accidente no interfiri\u00f3 en la circulaci\u00f3n vial del \u00e1rea. Conduzca con precauci\u00f3n para prevenir accidentes.","og_url":"https:\/\/cabellonews.com\/?p=879","og_site_name":"cabellonews.com","article_published_time":"2024-04-03T02:00:16+00:00","article_modified_time":"2024-04-03T02:00:17+00:00","og_image":[{"width":1156,"height":867,"url":"http:\/\/cabellonews.com\/wp-content\/uploads\/2024\/04\/e64de2a9-1ada-4114-91d5-5844dcc660c5.jpeg","type":"image\/jpeg"}],"author":"cabellonews.com","twitter_card":"summary_large_image","twitter_misc":{"Written by":"cabellonews.com","Est. reading time":"1 minute"},"schema":{"@context":"https:\/\/schema.org","@graph":[{"@type":"WebPage","@id":"https:\/\/cabellonews.com\/?p=879","url":"https:\/\/cabellonews.com\/?p=879","name":"Alerta: chofer resulta lesionado tras accidente en Carretera Victoria-Zaragoza - cabellonews.com","isPartOf":{"@id":"https:\/\/cabellonews.com\/#website"},"datePublished":"2024-04-03T02:00:16+00:00","dateModified":"2024-04-03T02:00:17+00:00","author":{"@id":"https:\/\/cabellonews.com\/#\/schema\/person\/7afe73bafa6cc5a24fd4c67dfd4379d8"},"breadcrumb":{"@id":"https:\/\/cabellonews.com\/?p=879#breadcrumb"},"inLanguage":"en-US","potentialAction":[{"@type":"ReadAction","target":["https:\/\/cabellonews.com\/?p=879"]}]},{"@type":"BreadcrumbList","@id":"https:\/\/cabellonews.com\/?p=879#breadcrumb","itemListElement":[{"@type":"ListItem","position":1,"name":"Inicio","item":"https:\/\/cabellonews.com\/"},{"@type":"ListItem","position":2,"name":"Alerta: chofer resulta lesionado tras accidente en Carretera Victoria-Zaragoza"}]},{"@type":"WebSite","@id":"https:\/\/cabellonews.com\/#website","url":"https:\/\/cabellonews.com\/","name":"cabellonews.com","description":"Con Cobertura En Tamaulipas Y norte de Veracruz","potentialAction":[{"@type":"SearchAction","target":{"@type":"EntryPoint","urlTemplate":"https:\/\/cabellonews.com\/?s={search_term_string}"},"query-input":"required name=search_term_string"}],"inLanguage":"en-US"},{"@type":"Person","@id":"https:\/\/cabellonews.com\/#\/schema\/person\/7afe73bafa6cc5a24fd4c67dfd4379d8","name":"cabellonews.com","image":{"@type":"ImageObject","inLanguage":"en-US","@id":"https:\/\/cabellonews.com\/#\/schema\/person\/image\/","url":"https:\/\/secure.gravatar.com\/avatar\/8d6324fc2806389aad4cd38639618406?s=96&d=mm&r=g","contentUrl":"https:\/\/secure.gravatar.com\/avatar\/8d6324fc2806389aad4cd38639618406?s=96&d=mm&r=g","caption":"cabellonews.com"},"sameAs":["http:\/\/cabellonews.com"],"url":"https:\/\/cabellonews.com\/?author=1"}]}},"_links":{"self":[{"href":"https:\/\/cabellonews.com\/index.php?rest_route=\/wp\/v2\/posts\/879"}],"collection":[{"href":"https:\/\/cabellonews.com\/index.php?rest_route=\/wp\/v2\/posts"}],"about":[{"href":"https:\/\/cabellonews.com\/index.php?rest_route=\/wp\/v2\/types\/post"}],"author":[{"embeddable":true,"href":"https:\/\/cabellonews.com\/index.php?rest_route=\/wp\/v2\/users\/1"}],"replies":[{"embeddable":true,"href":"https:\/\/cabellonews.com\/index.php?rest_route=%2Fwp%2Fv2%2Fcomments&post=879"}],"version-history":[{"count":1,"href":"https:\/\/cabellonews.com\/index.php?rest_route=\/wp\/v2\/posts\/879\/revisions"}],"predecessor-version":[{"id":881,"href":"https:\/\/cabellonews.com\/index.php?rest_route=\/wp\/v2\/posts\/879\/revisions\/881"}],"wp:featuredmedia":[{"embeddable":true,"href":"https:\/\/cabellonews.com\/index.php?rest_route=\/wp\/v2\/media\/880"}],"wp:attachment":[{"href":"https:\/\/cabellonews.com\/index.php?rest_route=%2Fwp%2Fv2%2Fmedia&parent=879"}],"wp:term":[{"taxonomy":"category","embeddable":true,"href":"https:\/\/cabellonews.com\/index.php?rest_route=%2Fwp%2Fv2%2Fcategories&post=879"},{"taxonomy":"post_tag","embeddable":true,"href":"https:\/\/cabellonews.com\/index.php?rest_route=%2Fwp%2Fv2%2Ftags&post=879"}],"curies":[{"name":"wp","href":"https:\/\/api.w.org\/{rel}","templated":true}]}}