{"id":872,"date":"2024-02-22T20:08:45","date_gmt":"2024-02-22T20:08:45","guid":{"rendered":"https:\/\/cabellonews.com\/?p=872"},"modified":"2024-02-24T20:09:19","modified_gmt":"2024-02-24T20:09:19","slug":"establecen-sinergia-itife-y-conalep-para-mejorar-espacios-educativos","status":"publish","type":"post","link":"https:\/\/cabellonews.com\/?p=872","title":{"rendered":"Establecen sinergia ITIFE y CONALEP para mejorar espacios educativos"},"content":{"rendered":"\n<p>Febrero 22 de 2024<\/p>\n\n\n\n<p>Ciudad Victoria, Tamaulipas.- El director general del Instituto Tamaulipeco de Infraestructura F\u00edsica Educativa (ITIFE), Sergio Oliverio Castillo Sag\u00e1stegui se reuni\u00f3 con el titular del Colegio Nacional de Educaci\u00f3n Profesional T\u00e9cnica (CONALEP) Tamaulipas, Fernando Arizpe Pedraza con la finalidad de trabajar en la mejora de los espacios educativos.<\/p>\n\n\n\n<p>La rehabilitaci\u00f3n de edificios escolares y equipamiento fueron los principales temas que trataron ambos funcionarios, adem\u00e1s de la solicitud que har\u00e1n llegar al ITIFE respecto a certificar la infraestructura de los planteles del CONALEP.<\/p>\n\n\n\n<p>Castillo Sag\u00e1stegui mencion\u00f3 que se traz\u00f3 el objetivo de concluir la techumbre en el CONALEP de Reynosa, adem\u00e1s de la gesti\u00f3n de recursos complementarios con los que se terminar\u00e1n dos aulas en el plantel de Matamoros y, por \u00faltimo, la solicitud a la Secretar\u00eda de Educaci\u00f3n de Tamaulipas (SET) referente a la autorizaci\u00f3n de nuevos proyectos como la rehabilitaci\u00f3n de la infraestructura existente y equipamiento para los planteles que m\u00e1s lo necesiten.<\/p>\n\n\n\n<p>\u201cCon estas acciones, refrendamos el compromiso del gobernador Am\u00e9rico Villarreal Anaya de trabajar en equipo y lograr la transformaci\u00f3n de los espacios educativos en lugares dignos para un \u00f3ptimo proceso de ense\u00f1anza-aprendizaje\u201d, expres\u00f3 el titular del ITIFE.<\/p>\n\n\n\n<p>A la reuni\u00f3n tambi\u00e9n asistieron Leonardo Duarte Sol\u00eds, director de Planeaci\u00f3n y Alejandro Robledo Ram\u00edrez, director T\u00e9cnico del Instituto.<\/p>\n\n\n<figure class=\"wp-block-post-featured-image\"><img width=\"240\" height=\"172\" src=\"https:\/\/cabellonews.com\/wp-content\/uploads\/2024\/02\/13e78b6f-688f-4694-aa18-baa69b54debf-240x172.jpeg\" class=\"attachment-post-thumbnail size-post-thumbnail wp-post-image\" alt=\"\" decoding=\"async\" loading=\"lazy\" \/><\/figure>\n\n\n<pre class=\"wp-block-code\"><code>      *      *     *<\/code><\/pre>\n","protected":false},"excerpt":{"rendered":"<p>Febrero 22 de 2024 Ciudad Victoria, Tamaulipas.- El director general del Instituto Tamaulipeco de Infraestructura F\u00edsica Educativa (ITIFE), Sergio Oliverio Castillo Sag\u00e1stegui se reuni\u00f3 con el titular del Colegio Nacional de Educaci\u00f3n Profesional T\u00e9cnica (CONALEP) Tamaulipas, Fernando Arizpe Pedraza con la finalidad de trabajar en la mejora de los espacios educativos. La rehabilitaci\u00f3n de edificios escolares y equipamiento fueron los principales temas que trataron ambos funcionarios, adem\u00e1s de la solicitud que har\u00e1n llegar al ITIFE respecto a certificar la infraestructura de los planteles del CONALEP. Castillo Sag\u00e1stegui mencion\u00f3 que se&hellip;<\/p>\n","protected":false},"author":1,"featured_media":873,"comment_status":"open","ping_status":"open","sticky":false,"template":"","format":"standard","meta":[],"categories":[1],"tags":[],"gutentor_comment":0,"yoast_head":"<!-- This site is optimized with the Yoast SEO plugin v20.10 - https:\/\/yoast.com\/wordpress\/plugins\/seo\/ -->\n<title>Establecen sinergia ITIFE y CONALEP para mejorar espacios educativos - cabellonews.com<\/title>\n<meta name=\"robots\" content=\"index, follow, max-snippet:-1, max-image-preview:large, max-video-preview:-1\" \/>\n<link rel=\"canonical\" href=\"https:\/\/cabellonews.com\/?p=872\" \/>\n<meta property=\"og:locale\" content=\"en_US\" \/>\n<meta property=\"og:type\" content=\"article\" \/>\n<meta property=\"og:title\" content=\"Establecen sinergia ITIFE y CONALEP para mejorar espacios educativos - cabellonews.com\" \/>\n<meta property=\"og:description\" content=\"Febrero 22 de 2024 Ciudad Victoria, Tamaulipas.- El director general del Instituto Tamaulipeco de Infraestructura F\u00edsica Educativa (ITIFE), Sergio Oliverio Castillo Sag\u00e1stegui se reuni\u00f3 con el titular del Colegio Nacional de Educaci\u00f3n Profesional T\u00e9cnica (CONALEP) Tamaulipas, Fernando Arizpe Pedraza con la finalidad de trabajar en la mejora de los espacios educativos. La rehabilitaci\u00f3n de edificios escolares y equipamiento fueron los principales temas que trataron ambos funcionarios, adem\u00e1s de la solicitud que har\u00e1n llegar al ITIFE respecto a certificar la infraestructura de los planteles del CONALEP. Castillo Sag\u00e1stegui mencion\u00f3 que se&hellip;\" \/>\n<meta property=\"og:url\" content=\"https:\/\/cabellonews.com\/?p=872\" \/>\n<meta property=\"og:site_name\" content=\"cabellonews.com\" \/>\n<meta property=\"article:published_time\" content=\"2024-02-22T20:08:45+00:00\" \/>\n<meta property=\"article:modified_time\" content=\"2024-02-24T20:09:19+00:00\" \/>\n<meta property=\"og:image\" content=\"http:\/\/cabellonews.com\/wp-content\/uploads\/2024\/02\/13e78b6f-688f-4694-aa18-baa69b54debf.jpeg\" \/>\n\t<meta property=\"og:image:width\" content=\"983\" \/>\n\t<meta property=\"og:image:height\" content=\"1280\" \/>\n\t<meta property=\"og:image:type\" content=\"image\/jpeg\" \/>\n<meta name=\"author\" content=\"cabellonews.com\" \/>\n<meta name=\"twitter:card\" content=\"summary_large_image\" \/>\n<meta name=\"twitter:label1\" content=\"Written by\" \/>\n\t<meta name=\"twitter:data1\" content=\"cabellonews.com\" \/>\n\t<meta name=\"twitter:label2\" content=\"Est. reading time\" \/>\n\t<meta name=\"twitter:data2\" content=\"1 minute\" \/>\n<script type=\"application\/ld+json\" class=\"yoast-schema-graph\">{\"@context\":\"https:\/\/schema.org\",\"@graph\":[{\"@type\":\"WebPage\",\"@id\":\"https:\/\/cabellonews.com\/?p=872\",\"url\":\"https:\/\/cabellonews.com\/?p=872\",\"name\":\"Establecen sinergia ITIFE y CONALEP para mejorar espacios educativos - cabellonews.com\",\"isPartOf\":{\"@id\":\"https:\/\/cabellonews.com\/#website\"},\"datePublished\":\"2024-02-22T20:08:45+00:00\",\"dateModified\":\"2024-02-24T20:09:19+00:00\",\"author\":{\"@id\":\"https:\/\/cabellonews.com\/#\/schema\/person\/7afe73bafa6cc5a24fd4c67dfd4379d8\"},\"breadcrumb\":{\"@id\":\"https:\/\/cabellonews.com\/?p=872#breadcrumb\"},\"inLanguage\":\"en-US\",\"potentialAction\":[{\"@type\":\"ReadAction\",\"target\":[\"https:\/\/cabellonews.com\/?p=872\"]}]},{\"@type\":\"BreadcrumbList\",\"@id\":\"https:\/\/cabellonews.com\/?p=872#breadcrumb\",\"itemListElement\":[{\"@type\":\"ListItem\",\"position\":1,\"name\":\"Inicio\",\"item\":\"https:\/\/cabellonews.com\/\"},{\"@type\":\"ListItem\",\"position\":2,\"name\":\"Establecen sinergia ITIFE y CONALEP para mejorar espacios educativos\"}]},{\"@type\":\"WebSite\",\"@id\":\"https:\/\/cabellonews.com\/#website\",\"url\":\"https:\/\/cabellonews.com\/\",\"name\":\"cabellonews.com\",\"description\":\"Con Cobertura En Tamaulipas Y norte de Veracruz\",\"potentialAction\":[{\"@type\":\"SearchAction\",\"target\":{\"@type\":\"EntryPoint\",\"urlTemplate\":\"https:\/\/cabellonews.com\/?s={search_term_string}\"},\"query-input\":\"required name=search_term_string\"}],\"inLanguage\":\"en-US\"},{\"@type\":\"Person\",\"@id\":\"https:\/\/cabellonews.com\/#\/schema\/person\/7afe73bafa6cc5a24fd4c67dfd4379d8\",\"name\":\"cabellonews.com\",\"image\":{\"@type\":\"ImageObject\",\"inLanguage\":\"en-US\",\"@id\":\"https:\/\/cabellonews.com\/#\/schema\/person\/image\/\",\"url\":\"https:\/\/secure.gravatar.com\/avatar\/8d6324fc2806389aad4cd38639618406?s=96&d=mm&r=g\",\"contentUrl\":\"https:\/\/secure.gravatar.com\/avatar\/8d6324fc2806389aad4cd38639618406?s=96&d=mm&r=g\",\"caption\":\"cabellonews.com\"},\"sameAs\":[\"http:\/\/cabellonews.com\"],\"url\":\"https:\/\/cabellonews.com\/?author=1\"}]}<\/script>\n<!-- \/ Yoast SEO plugin. -->","yoast_head_json":{"title":"Establecen sinergia ITIFE y CONALEP para mejorar espacios educativos - cabellonews.com","robots":{"index":"index","follow":"follow","max-snippet":"max-snippet:-1","max-image-preview":"max-image-preview:large","max-video-preview":"max-video-preview:-1"},"canonical":"https:\/\/cabellonews.com\/?p=872","og_locale":"en_US","og_type":"article","og_title":"Establecen sinergia ITIFE y CONALEP para mejorar espacios educativos - cabellonews.com","og_description":"Febrero 22 de 2024 Ciudad Victoria, Tamaulipas.- El director general del Instituto Tamaulipeco de Infraestructura F\u00edsica Educativa (ITIFE), Sergio Oliverio Castillo Sag\u00e1stegui se reuni\u00f3 con el titular del Colegio Nacional de Educaci\u00f3n Profesional T\u00e9cnica (CONALEP) Tamaulipas, Fernando Arizpe Pedraza con la finalidad de trabajar en la mejora de los espacios educativos. La rehabilitaci\u00f3n de edificios escolares y equipamiento fueron los principales temas que trataron ambos funcionarios, adem\u00e1s de la solicitud que har\u00e1n llegar al ITIFE respecto a certificar la infraestructura de los planteles del CONALEP. Castillo Sag\u00e1stegui mencion\u00f3 que se&hellip;","og_url":"https:\/\/cabellonews.com\/?p=872","og_site_name":"cabellonews.com","article_published_time":"2024-02-22T20:08:45+00:00","article_modified_time":"2024-02-24T20:09:19+00:00","og_image":[{"width":983,"height":1280,"url":"http:\/\/cabellonews.com\/wp-content\/uploads\/2024\/02\/13e78b6f-688f-4694-aa18-baa69b54debf.jpeg","type":"image\/jpeg"}],"author":"cabellonews.com","twitter_card":"summary_large_image","twitter_misc":{"Written by":"cabellonews.com","Est. reading time":"1 minute"},"schema":{"@context":"https:\/\/schema.org","@graph":[{"@type":"WebPage","@id":"https:\/\/cabellonews.com\/?p=872","url":"https:\/\/cabellonews.com\/?p=872","name":"Establecen sinergia ITIFE y CONALEP para mejorar espacios educativos - cabellonews.com","isPartOf":{"@id":"https:\/\/cabellonews.com\/#website"},"datePublished":"2024-02-22T20:08:45+00:00","dateModified":"2024-02-24T20:09:19+00:00","author":{"@id":"https:\/\/cabellonews.com\/#\/schema\/person\/7afe73bafa6cc5a24fd4c67dfd4379d8"},"breadcrumb":{"@id":"https:\/\/cabellonews.com\/?p=872#breadcrumb"},"inLanguage":"en-US","potentialAction":[{"@type":"ReadAction","target":["https:\/\/cabellonews.com\/?p=872"]}]},{"@type":"BreadcrumbList","@id":"https:\/\/cabellonews.com\/?p=872#breadcrumb","itemListElement":[{"@type":"ListItem","position":1,"name":"Inicio","item":"https:\/\/cabellonews.com\/"},{"@type":"ListItem","position":2,"name":"Establecen sinergia ITIFE y CONALEP para mejorar espacios educativos"}]},{"@type":"WebSite","@id":"https:\/\/cabellonews.com\/#website","url":"https:\/\/cabellonews.com\/","name":"cabellonews.com","description":"Con Cobertura En Tamaulipas Y norte de Veracruz","potentialAction":[{"@type":"SearchAction","target":{"@type":"EntryPoint","urlTemplate":"https:\/\/cabellonews.com\/?s={search_term_string}"},"query-input":"required name=search_term_string"}],"inLanguage":"en-US"},{"@type":"Person","@id":"https:\/\/cabellonews.com\/#\/schema\/person\/7afe73bafa6cc5a24fd4c67dfd4379d8","name":"cabellonews.com","image":{"@type":"ImageObject","inLanguage":"en-US","@id":"https:\/\/cabellonews.com\/#\/schema\/person\/image\/","url":"https:\/\/secure.gravatar.com\/avatar\/8d6324fc2806389aad4cd38639618406?s=96&d=mm&r=g","contentUrl":"https:\/\/secure.gravatar.com\/avatar\/8d6324fc2806389aad4cd38639618406?s=96&d=mm&r=g","caption":"cabellonews.com"},"sameAs":["http:\/\/cabellonews.com"],"url":"https:\/\/cabellonews.com\/?author=1"}]}},"_links":{"self":[{"href":"https:\/\/cabellonews.com\/index.php?rest_route=\/wp\/v2\/posts\/872"}],"collection":[{"href":"https:\/\/cabellonews.com\/index.php?rest_route=\/wp\/v2\/posts"}],"about":[{"href":"https:\/\/cabellonews.com\/index.php?rest_route=\/wp\/v2\/types\/post"}],"author":[{"embeddable":true,"href":"https:\/\/cabellonews.com\/index.php?rest_route=\/wp\/v2\/users\/1"}],"replies":[{"embeddable":true,"href":"https:\/\/cabellonews.com\/index.php?rest_route=%2Fwp%2Fv2%2Fcomments&post=872"}],"version-history":[{"count":1,"href":"https:\/\/cabellonews.com\/index.php?rest_route=\/wp\/v2\/posts\/872\/revisions"}],"predecessor-version":[{"id":874,"href":"https:\/\/cabellonews.com\/index.php?rest_route=\/wp\/v2\/posts\/872\/revisions\/874"}],"wp:featuredmedia":[{"embeddable":true,"href":"https:\/\/cabellonews.com\/index.php?rest_route=\/wp\/v2\/media\/873"}],"wp:attachment":[{"href":"https:\/\/cabellonews.com\/index.php?rest_route=%2Fwp%2Fv2%2Fmedia&parent=872"}],"wp:term":[{"taxonomy":"category","embeddable":true,"href":"https:\/\/cabellonews.com\/index.php?rest_route=%2Fwp%2Fv2%2Fcategories&post=872"},{"taxonomy":"post_tag","embeddable":true,"href":"https:\/\/cabellonews.com\/index.php?rest_route=%2Fwp%2Fv2%2Ftags&post=872"}],"curies":[{"name":"wp","href":"https:\/\/api.w.org\/{rel}","templated":true}]}}