{"id":765,"date":"2023-12-06T17:05:24","date_gmt":"2023-12-06T17:05:24","guid":{"rendered":"https:\/\/cabellonews.com\/?p=765"},"modified":"2023-12-10T18:44:16","modified_gmt":"2023-12-10T18:44:16","slug":"iniciara-segundo-periodo-vacacional-anual-de-las-y-los-servidores-publicos-estatales","status":"publish","type":"post","link":"https:\/\/cabellonews.com\/?p=765","title":{"rendered":"Iniciar\u00e1 segundo periodo vacacional anual de las y los servidores p\u00fablicos estatales"},"content":{"rendered":"\n<p>Diciembre 06 de 2023<\/p>\n\n\n\n<p>Ciudad Victoria, Tamaulipas. &#8211; El segundo periodo vacacional de las y los trabajadores al servicio del Estado dar\u00e1 inicio el 21 de diciembre de 2023, reanudando labores el lunes 8 de enero de 2024, as\u00ed lo inform\u00f3 el secretario de Administraci\u00f3n, Jes\u00fas Lav\u00edn Ver\u00e1stegui.<\/p>\n\n\n\n<p>El establecimiento del periodo de descanso para las y los servidores p\u00fablicos cumple con lo dispuesto en el Art\u00edculo 74 del Reglamento de las Condiciones Generales de Trabajo.<\/p>\n\n\n\n<p>Adicionalmente, el titular de la dependencia inform\u00f3 que por instrucciones del gobernador Am\u00e9rico Villarreal Anaya, las dependencias y Organismos P\u00fablicos Descentralizados deber\u00e1n disponer de personal de guardia para el periodo vacacional, de manera que todas las \u00e1reas sigan ofreciendo servicio al p\u00fablico que as\u00ed lo requiera. Aclar\u00f3 que el personal de nuevo ingreso con menos de seis meses de labores en el servicio p\u00fablico, no tienen derecho de gozar el periodo vacacional, de acuerdo a lo establecido en el Art\u00edculo 78 del Reglamento antes mencionado.<\/p>\n\n\n\n<p>Finalmente, el secretario hizo extensivo los buenos deseos por parte propia y del gobernador Am\u00e9rico Villarreal Anaya a las y los trabajadores al servicio del Estado y sus familias.<\/p>\n\n\n<figure class=\"wp-block-post-featured-image\"><img width=\"240\" height=\"172\" src=\"https:\/\/cabellonews.com\/wp-content\/uploads\/2023\/12\/b8901157-0da4-48a4-bfd1-cf056b50e9e1-240x172.jpeg\" class=\"attachment-post-thumbnail size-post-thumbnail wp-post-image\" alt=\"\" decoding=\"async\" loading=\"lazy\" \/><\/figure>\n\n\n<pre class=\"wp-block-code\"><code>      *    *    *<\/code><\/pre>\n","protected":false},"excerpt":{"rendered":"<p>Diciembre 06 de 2023 Ciudad Victoria, Tamaulipas. &#8211; El segundo periodo vacacional de las y los trabajadores al servicio del Estado dar\u00e1 inicio el 21 de diciembre de 2023, reanudando labores el lunes 8 de enero de 2024, as\u00ed lo inform\u00f3 el secretario de Administraci\u00f3n, Jes\u00fas Lav\u00edn Ver\u00e1stegui. El establecimiento del periodo de descanso para las y los servidores p\u00fablicos cumple con lo dispuesto en el Art\u00edculo 74 del Reglamento de las Condiciones Generales de Trabajo. Adicionalmente, el titular de la dependencia inform\u00f3 que por instrucciones del gobernador Am\u00e9rico Villarreal&hellip;<\/p>\n","protected":false},"author":1,"featured_media":766,"comment_status":"open","ping_status":"open","sticky":false,"template":"","format":"standard","meta":[],"categories":[1],"tags":[],"gutentor_comment":0,"yoast_head":"<!-- This site is optimized with the Yoast SEO plugin v20.10 - https:\/\/yoast.com\/wordpress\/plugins\/seo\/ -->\n<title>Iniciar\u00e1 segundo periodo vacacional anual de las y los servidores p\u00fablicos estatales - cabellonews.com<\/title>\n<meta name=\"robots\" content=\"index, follow, max-snippet:-1, max-image-preview:large, max-video-preview:-1\" \/>\n<link rel=\"canonical\" href=\"https:\/\/cabellonews.com\/?p=765\" \/>\n<meta property=\"og:locale\" content=\"en_US\" \/>\n<meta property=\"og:type\" content=\"article\" \/>\n<meta property=\"og:title\" content=\"Iniciar\u00e1 segundo periodo vacacional anual de las y los servidores p\u00fablicos estatales - cabellonews.com\" \/>\n<meta property=\"og:description\" content=\"Diciembre 06 de 2023 Ciudad Victoria, Tamaulipas. &#8211; El segundo periodo vacacional de las y los trabajadores al servicio del Estado dar\u00e1 inicio el 21 de diciembre de 2023, reanudando labores el lunes 8 de enero de 2024, as\u00ed lo inform\u00f3 el secretario de Administraci\u00f3n, Jes\u00fas Lav\u00edn Ver\u00e1stegui. El establecimiento del periodo de descanso para las y los servidores p\u00fablicos cumple con lo dispuesto en el Art\u00edculo 74 del Reglamento de las Condiciones Generales de Trabajo. Adicionalmente, el titular de la dependencia inform\u00f3 que por instrucciones del gobernador Am\u00e9rico Villarreal&hellip;\" \/>\n<meta property=\"og:url\" content=\"https:\/\/cabellonews.com\/?p=765\" \/>\n<meta property=\"og:site_name\" content=\"cabellonews.com\" \/>\n<meta property=\"article:published_time\" content=\"2023-12-06T17:05:24+00:00\" \/>\n<meta property=\"article:modified_time\" content=\"2023-12-10T18:44:16+00:00\" \/>\n<meta property=\"og:image\" content=\"http:\/\/cabellonews.com\/wp-content\/uploads\/2023\/12\/b8901157-0da4-48a4-bfd1-cf056b50e9e1.jpeg\" \/>\n\t<meta property=\"og:image:width\" content=\"1024\" \/>\n\t<meta property=\"og:image:height\" content=\"720\" \/>\n\t<meta property=\"og:image:type\" content=\"image\/jpeg\" \/>\n<meta name=\"author\" content=\"cabellonews.com\" \/>\n<meta name=\"twitter:card\" content=\"summary_large_image\" \/>\n<meta name=\"twitter:label1\" content=\"Written by\" \/>\n\t<meta name=\"twitter:data1\" content=\"cabellonews.com\" \/>\n\t<meta name=\"twitter:label2\" content=\"Est. reading time\" \/>\n\t<meta name=\"twitter:data2\" content=\"1 minute\" \/>\n<script type=\"application\/ld+json\" class=\"yoast-schema-graph\">{\"@context\":\"https:\/\/schema.org\",\"@graph\":[{\"@type\":\"WebPage\",\"@id\":\"https:\/\/cabellonews.com\/?p=765\",\"url\":\"https:\/\/cabellonews.com\/?p=765\",\"name\":\"Iniciar\u00e1 segundo periodo vacacional anual de las y los servidores p\u00fablicos estatales - cabellonews.com\",\"isPartOf\":{\"@id\":\"https:\/\/cabellonews.com\/#website\"},\"datePublished\":\"2023-12-06T17:05:24+00:00\",\"dateModified\":\"2023-12-10T18:44:16+00:00\",\"author\":{\"@id\":\"https:\/\/cabellonews.com\/#\/schema\/person\/7afe73bafa6cc5a24fd4c67dfd4379d8\"},\"breadcrumb\":{\"@id\":\"https:\/\/cabellonews.com\/?p=765#breadcrumb\"},\"inLanguage\":\"en-US\",\"potentialAction\":[{\"@type\":\"ReadAction\",\"target\":[\"https:\/\/cabellonews.com\/?p=765\"]}]},{\"@type\":\"BreadcrumbList\",\"@id\":\"https:\/\/cabellonews.com\/?p=765#breadcrumb\",\"itemListElement\":[{\"@type\":\"ListItem\",\"position\":1,\"name\":\"Inicio\",\"item\":\"https:\/\/cabellonews.com\/\"},{\"@type\":\"ListItem\",\"position\":2,\"name\":\"Iniciar\u00e1 segundo periodo vacacional anual de las y los servidores p\u00fablicos estatales\"}]},{\"@type\":\"WebSite\",\"@id\":\"https:\/\/cabellonews.com\/#website\",\"url\":\"https:\/\/cabellonews.com\/\",\"name\":\"cabellonews.com\",\"description\":\"Con Cobertura En Tamaulipas Y norte de Veracruz\",\"potentialAction\":[{\"@type\":\"SearchAction\",\"target\":{\"@type\":\"EntryPoint\",\"urlTemplate\":\"https:\/\/cabellonews.com\/?s={search_term_string}\"},\"query-input\":\"required name=search_term_string\"}],\"inLanguage\":\"en-US\"},{\"@type\":\"Person\",\"@id\":\"https:\/\/cabellonews.com\/#\/schema\/person\/7afe73bafa6cc5a24fd4c67dfd4379d8\",\"name\":\"cabellonews.com\",\"image\":{\"@type\":\"ImageObject\",\"inLanguage\":\"en-US\",\"@id\":\"https:\/\/cabellonews.com\/#\/schema\/person\/image\/\",\"url\":\"https:\/\/secure.gravatar.com\/avatar\/8d6324fc2806389aad4cd38639618406?s=96&d=mm&r=g\",\"contentUrl\":\"https:\/\/secure.gravatar.com\/avatar\/8d6324fc2806389aad4cd38639618406?s=96&d=mm&r=g\",\"caption\":\"cabellonews.com\"},\"sameAs\":[\"http:\/\/cabellonews.com\"],\"url\":\"https:\/\/cabellonews.com\/?author=1\"}]}<\/script>\n<!-- \/ Yoast SEO plugin. -->","yoast_head_json":{"title":"Iniciar\u00e1 segundo periodo vacacional anual de las y los servidores p\u00fablicos estatales - cabellonews.com","robots":{"index":"index","follow":"follow","max-snippet":"max-snippet:-1","max-image-preview":"max-image-preview:large","max-video-preview":"max-video-preview:-1"},"canonical":"https:\/\/cabellonews.com\/?p=765","og_locale":"en_US","og_type":"article","og_title":"Iniciar\u00e1 segundo periodo vacacional anual de las y los servidores p\u00fablicos estatales - cabellonews.com","og_description":"Diciembre 06 de 2023 Ciudad Victoria, Tamaulipas. &#8211; El segundo periodo vacacional de las y los trabajadores al servicio del Estado dar\u00e1 inicio el 21 de diciembre de 2023, reanudando labores el lunes 8 de enero de 2024, as\u00ed lo inform\u00f3 el secretario de Administraci\u00f3n, Jes\u00fas Lav\u00edn Ver\u00e1stegui. El establecimiento del periodo de descanso para las y los servidores p\u00fablicos cumple con lo dispuesto en el Art\u00edculo 74 del Reglamento de las Condiciones Generales de Trabajo. Adicionalmente, el titular de la dependencia inform\u00f3 que por instrucciones del gobernador Am\u00e9rico Villarreal&hellip;","og_url":"https:\/\/cabellonews.com\/?p=765","og_site_name":"cabellonews.com","article_published_time":"2023-12-06T17:05:24+00:00","article_modified_time":"2023-12-10T18:44:16+00:00","og_image":[{"width":1024,"height":720,"url":"http:\/\/cabellonews.com\/wp-content\/uploads\/2023\/12\/b8901157-0da4-48a4-bfd1-cf056b50e9e1.jpeg","type":"image\/jpeg"}],"author":"cabellonews.com","twitter_card":"summary_large_image","twitter_misc":{"Written by":"cabellonews.com","Est. reading time":"1 minute"},"schema":{"@context":"https:\/\/schema.org","@graph":[{"@type":"WebPage","@id":"https:\/\/cabellonews.com\/?p=765","url":"https:\/\/cabellonews.com\/?p=765","name":"Iniciar\u00e1 segundo periodo vacacional anual de las y los servidores p\u00fablicos estatales - cabellonews.com","isPartOf":{"@id":"https:\/\/cabellonews.com\/#website"},"datePublished":"2023-12-06T17:05:24+00:00","dateModified":"2023-12-10T18:44:16+00:00","author":{"@id":"https:\/\/cabellonews.com\/#\/schema\/person\/7afe73bafa6cc5a24fd4c67dfd4379d8"},"breadcrumb":{"@id":"https:\/\/cabellonews.com\/?p=765#breadcrumb"},"inLanguage":"en-US","potentialAction":[{"@type":"ReadAction","target":["https:\/\/cabellonews.com\/?p=765"]}]},{"@type":"BreadcrumbList","@id":"https:\/\/cabellonews.com\/?p=765#breadcrumb","itemListElement":[{"@type":"ListItem","position":1,"name":"Inicio","item":"https:\/\/cabellonews.com\/"},{"@type":"ListItem","position":2,"name":"Iniciar\u00e1 segundo periodo vacacional anual de las y los servidores p\u00fablicos estatales"}]},{"@type":"WebSite","@id":"https:\/\/cabellonews.com\/#website","url":"https:\/\/cabellonews.com\/","name":"cabellonews.com","description":"Con Cobertura En Tamaulipas Y norte de Veracruz","potentialAction":[{"@type":"SearchAction","target":{"@type":"EntryPoint","urlTemplate":"https:\/\/cabellonews.com\/?s={search_term_string}"},"query-input":"required name=search_term_string"}],"inLanguage":"en-US"},{"@type":"Person","@id":"https:\/\/cabellonews.com\/#\/schema\/person\/7afe73bafa6cc5a24fd4c67dfd4379d8","name":"cabellonews.com","image":{"@type":"ImageObject","inLanguage":"en-US","@id":"https:\/\/cabellonews.com\/#\/schema\/person\/image\/","url":"https:\/\/secure.gravatar.com\/avatar\/8d6324fc2806389aad4cd38639618406?s=96&d=mm&r=g","contentUrl":"https:\/\/secure.gravatar.com\/avatar\/8d6324fc2806389aad4cd38639618406?s=96&d=mm&r=g","caption":"cabellonews.com"},"sameAs":["http:\/\/cabellonews.com"],"url":"https:\/\/cabellonews.com\/?author=1"}]}},"_links":{"self":[{"href":"https:\/\/cabellonews.com\/index.php?rest_route=\/wp\/v2\/posts\/765"}],"collection":[{"href":"https:\/\/cabellonews.com\/index.php?rest_route=\/wp\/v2\/posts"}],"about":[{"href":"https:\/\/cabellonews.com\/index.php?rest_route=\/wp\/v2\/types\/post"}],"author":[{"embeddable":true,"href":"https:\/\/cabellonews.com\/index.php?rest_route=\/wp\/v2\/users\/1"}],"replies":[{"embeddable":true,"href":"https:\/\/cabellonews.com\/index.php?rest_route=%2Fwp%2Fv2%2Fcomments&post=765"}],"version-history":[{"count":1,"href":"https:\/\/cabellonews.com\/index.php?rest_route=\/wp\/v2\/posts\/765\/revisions"}],"predecessor-version":[{"id":767,"href":"https:\/\/cabellonews.com\/index.php?rest_route=\/wp\/v2\/posts\/765\/revisions\/767"}],"wp:featuredmedia":[{"embeddable":true,"href":"https:\/\/cabellonews.com\/index.php?rest_route=\/wp\/v2\/media\/766"}],"wp:attachment":[{"href":"https:\/\/cabellonews.com\/index.php?rest_route=%2Fwp%2Fv2%2Fmedia&parent=765"}],"wp:term":[{"taxonomy":"category","embeddable":true,"href":"https:\/\/cabellonews.com\/index.php?rest_route=%2Fwp%2Fv2%2Fcategories&post=765"},{"taxonomy":"post_tag","embeddable":true,"href":"https:\/\/cabellonews.com\/index.php?rest_route=%2Fwp%2Fv2%2Ftags&post=765"}],"curies":[{"name":"wp","href":"https:\/\/api.w.org\/{rel}","templated":true}]}}