{"id":762,"date":"2023-12-07T16:30:01","date_gmt":"2023-12-07T16:30:01","guid":{"rendered":"https:\/\/cabellonews.com\/?p=762"},"modified":"2023-12-10T18:47:08","modified_gmt":"2023-12-10T18:47:08","slug":"destaca-amlo-logros-de-seguridad-en-tamaulipas-y-anuncia-visita-al-estado","status":"publish","type":"post","link":"https:\/\/cabellonews.com\/?p=762","title":{"rendered":"Destaca AMLO logros de seguridad en Tamaulipas y anuncia visita al estado"},"content":{"rendered":"\n<p>-El presidente se comprometi\u00f3 a seguir avanzando para reducir la incidencia delictiva y anunci\u00f3 otra gira a la entidad, el 16 o 17 de diciembre<\/p>\n\n\n\n<p>Diciembre 07 de 2023<\/p>\n\n\n\n<p>Ciudad de M\u00e9xico. &#8211; El presidente de M\u00e9xico, Andr\u00e9s Manuel L\u00f3pez Obrador, reconoci\u00f3 que la incidencia delictiva en Tamaulipas ha disminuido gracias al trabajo del gobernador Am\u00e9rico Villarreal Anaya, \u201cs\u00ed percibo que est\u00e1 mejor en materia de seguridad Tamaulipas, porque todos los d\u00edas vemos los reportes\u201d, dijo, y anunci\u00f3 que este mismo mes estar\u00e1 en Nuevo Laredo para inaugurar las instalaciones militares de esa ciudad.<\/p>\n\n\n\n<p>\u201cS\u00ed hay una disminuci\u00f3n, s\u00ed hay mejoras. Hay una tendencia a la baja, s\u00ed es evidente que hay una disminuci\u00f3n en delitos, siempre me gu\u00edo en homicidio doloso y en robo de veh\u00edculos que son delitos que no tienen cifra negra, est\u00e1n m\u00e1s apegados a lo que sucede\u201d, expres\u00f3 el presidente durante su conferencia ma\u00f1anera de este jueves en Palacio Nacional.<\/p>\n\n\n\n<p>L\u00f3pez Obrador destac\u00f3 que el gobernador de Tamaulipas est\u00e1 pendiente ya que todas las ma\u00f1anas asiste a las reuniones de seguridad.<\/p>\n\n\n\n<p>\u201cLa gente en Tamaulipas, es una obviedad, porque lo sabe, lo sabe y lo sabe, Am\u00e9rico Villarreal es un hombre \u00edntegro, honesto, una gente de bien y eso ayuda mucho, mucho, mucho\u201d, mencion\u00f3.<\/p>\n\n\n\n<p>El presidente se comprometi\u00f3 a seguir avanzando para reducir la incidencia delictiva en Tamaulipas y en todo el pa\u00eds, y anunci\u00f3 que este mismo mes podr\u00eda realizar una nueva visita al estado, el pr\u00f3ximo 16 o 17 de diciembre, para inaugurar las instalaciones militares en la ciudad de Nuevo Laredo y supervisar el avance en la construcci\u00f3n de lo que ser\u00e1n las oficinas centrales de la Direcci\u00f3n Nacional de Aduanas.<\/p>\n\n\n<figure class=\"wp-block-post-featured-image\"><img width=\"240\" height=\"172\" src=\"https:\/\/cabellonews.com\/wp-content\/uploads\/2023\/12\/d45fabe2-4f08-4faa-ba8c-f5f4120f7e90-240x172.jpeg\" class=\"attachment-post-thumbnail size-post-thumbnail wp-post-image\" alt=\"\" decoding=\"async\" loading=\"lazy\" \/><\/figure>\n\n\n<pre class=\"wp-block-code\"><code>      *     *    *<\/code><\/pre>\n","protected":false},"excerpt":{"rendered":"<p>-El presidente se comprometi\u00f3 a seguir avanzando para reducir la incidencia delictiva y anunci\u00f3 otra gira a la entidad, el 16 o 17 de diciembre Diciembre 07 de 2023 Ciudad de M\u00e9xico. &#8211; El presidente de M\u00e9xico, Andr\u00e9s Manuel L\u00f3pez Obrador, reconoci\u00f3 que la incidencia delictiva en Tamaulipas ha disminuido gracias al trabajo del gobernador Am\u00e9rico Villarreal Anaya, \u201cs\u00ed percibo que est\u00e1 mejor en materia de seguridad Tamaulipas, porque todos los d\u00edas vemos los reportes\u201d, dijo, y anunci\u00f3 que este mismo mes estar\u00e1 en Nuevo Laredo para inaugurar las instalaciones&hellip;<\/p>\n","protected":false},"author":1,"featured_media":763,"comment_status":"open","ping_status":"open","sticky":false,"template":"","format":"standard","meta":[],"categories":[1],"tags":[],"gutentor_comment":0,"yoast_head":"<!-- This site is optimized with the Yoast SEO plugin v20.10 - https:\/\/yoast.com\/wordpress\/plugins\/seo\/ -->\n<title>Destaca AMLO logros de seguridad en Tamaulipas y anuncia visita al estado - cabellonews.com<\/title>\n<meta name=\"robots\" content=\"index, follow, max-snippet:-1, max-image-preview:large, max-video-preview:-1\" \/>\n<link rel=\"canonical\" href=\"https:\/\/cabellonews.com\/?p=762\" \/>\n<meta property=\"og:locale\" content=\"en_US\" \/>\n<meta property=\"og:type\" content=\"article\" \/>\n<meta property=\"og:title\" content=\"Destaca AMLO logros de seguridad en Tamaulipas y anuncia visita al estado - cabellonews.com\" \/>\n<meta property=\"og:description\" content=\"-El presidente se comprometi\u00f3 a seguir avanzando para reducir la incidencia delictiva y anunci\u00f3 otra gira a la entidad, el 16 o 17 de diciembre Diciembre 07 de 2023 Ciudad de M\u00e9xico. &#8211; El presidente de M\u00e9xico, Andr\u00e9s Manuel L\u00f3pez Obrador, reconoci\u00f3 que la incidencia delictiva en Tamaulipas ha disminuido gracias al trabajo del gobernador Am\u00e9rico Villarreal Anaya, \u201cs\u00ed percibo que est\u00e1 mejor en materia de seguridad Tamaulipas, porque todos los d\u00edas vemos los reportes\u201d, dijo, y anunci\u00f3 que este mismo mes estar\u00e1 en Nuevo Laredo para inaugurar las instalaciones&hellip;\" \/>\n<meta property=\"og:url\" content=\"https:\/\/cabellonews.com\/?p=762\" \/>\n<meta property=\"og:site_name\" content=\"cabellonews.com\" \/>\n<meta property=\"article:published_time\" content=\"2023-12-07T16:30:01+00:00\" \/>\n<meta property=\"article:modified_time\" content=\"2023-12-10T18:47:08+00:00\" \/>\n<meta property=\"og:image\" content=\"http:\/\/cabellonews.com\/wp-content\/uploads\/2023\/12\/d45fabe2-4f08-4faa-ba8c-f5f4120f7e90.jpeg\" \/>\n\t<meta property=\"og:image:width\" content=\"1600\" \/>\n\t<meta property=\"og:image:height\" content=\"1065\" \/>\n\t<meta property=\"og:image:type\" content=\"image\/jpeg\" \/>\n<meta name=\"author\" content=\"cabellonews.com\" \/>\n<meta name=\"twitter:card\" content=\"summary_large_image\" \/>\n<meta name=\"twitter:label1\" content=\"Written by\" \/>\n\t<meta name=\"twitter:data1\" content=\"cabellonews.com\" \/>\n\t<meta name=\"twitter:label2\" content=\"Est. reading time\" \/>\n\t<meta name=\"twitter:data2\" content=\"2 minutes\" \/>\n<script type=\"application\/ld+json\" class=\"yoast-schema-graph\">{\"@context\":\"https:\/\/schema.org\",\"@graph\":[{\"@type\":\"WebPage\",\"@id\":\"https:\/\/cabellonews.com\/?p=762\",\"url\":\"https:\/\/cabellonews.com\/?p=762\",\"name\":\"Destaca AMLO logros de seguridad en Tamaulipas y anuncia visita al estado - cabellonews.com\",\"isPartOf\":{\"@id\":\"https:\/\/cabellonews.com\/#website\"},\"datePublished\":\"2023-12-07T16:30:01+00:00\",\"dateModified\":\"2023-12-10T18:47:08+00:00\",\"author\":{\"@id\":\"https:\/\/cabellonews.com\/#\/schema\/person\/7afe73bafa6cc5a24fd4c67dfd4379d8\"},\"breadcrumb\":{\"@id\":\"https:\/\/cabellonews.com\/?p=762#breadcrumb\"},\"inLanguage\":\"en-US\",\"potentialAction\":[{\"@type\":\"ReadAction\",\"target\":[\"https:\/\/cabellonews.com\/?p=762\"]}]},{\"@type\":\"BreadcrumbList\",\"@id\":\"https:\/\/cabellonews.com\/?p=762#breadcrumb\",\"itemListElement\":[{\"@type\":\"ListItem\",\"position\":1,\"name\":\"Inicio\",\"item\":\"https:\/\/cabellonews.com\/\"},{\"@type\":\"ListItem\",\"position\":2,\"name\":\"Destaca AMLO logros de seguridad en Tamaulipas y anuncia visita al estado\"}]},{\"@type\":\"WebSite\",\"@id\":\"https:\/\/cabellonews.com\/#website\",\"url\":\"https:\/\/cabellonews.com\/\",\"name\":\"cabellonews.com\",\"description\":\"Con Cobertura En Tamaulipas Y norte de Veracruz\",\"potentialAction\":[{\"@type\":\"SearchAction\",\"target\":{\"@type\":\"EntryPoint\",\"urlTemplate\":\"https:\/\/cabellonews.com\/?s={search_term_string}\"},\"query-input\":\"required name=search_term_string\"}],\"inLanguage\":\"en-US\"},{\"@type\":\"Person\",\"@id\":\"https:\/\/cabellonews.com\/#\/schema\/person\/7afe73bafa6cc5a24fd4c67dfd4379d8\",\"name\":\"cabellonews.com\",\"image\":{\"@type\":\"ImageObject\",\"inLanguage\":\"en-US\",\"@id\":\"https:\/\/cabellonews.com\/#\/schema\/person\/image\/\",\"url\":\"https:\/\/secure.gravatar.com\/avatar\/8d6324fc2806389aad4cd38639618406?s=96&d=mm&r=g\",\"contentUrl\":\"https:\/\/secure.gravatar.com\/avatar\/8d6324fc2806389aad4cd38639618406?s=96&d=mm&r=g\",\"caption\":\"cabellonews.com\"},\"sameAs\":[\"http:\/\/cabellonews.com\"],\"url\":\"https:\/\/cabellonews.com\/?author=1\"}]}<\/script>\n<!-- \/ Yoast SEO plugin. -->","yoast_head_json":{"title":"Destaca AMLO logros de seguridad en Tamaulipas y anuncia visita al estado - cabellonews.com","robots":{"index":"index","follow":"follow","max-snippet":"max-snippet:-1","max-image-preview":"max-image-preview:large","max-video-preview":"max-video-preview:-1"},"canonical":"https:\/\/cabellonews.com\/?p=762","og_locale":"en_US","og_type":"article","og_title":"Destaca AMLO logros de seguridad en Tamaulipas y anuncia visita al estado - cabellonews.com","og_description":"-El presidente se comprometi\u00f3 a seguir avanzando para reducir la incidencia delictiva y anunci\u00f3 otra gira a la entidad, el 16 o 17 de diciembre Diciembre 07 de 2023 Ciudad de M\u00e9xico. &#8211; El presidente de M\u00e9xico, Andr\u00e9s Manuel L\u00f3pez Obrador, reconoci\u00f3 que la incidencia delictiva en Tamaulipas ha disminuido gracias al trabajo del gobernador Am\u00e9rico Villarreal Anaya, \u201cs\u00ed percibo que est\u00e1 mejor en materia de seguridad Tamaulipas, porque todos los d\u00edas vemos los reportes\u201d, dijo, y anunci\u00f3 que este mismo mes estar\u00e1 en Nuevo Laredo para inaugurar las instalaciones&hellip;","og_url":"https:\/\/cabellonews.com\/?p=762","og_site_name":"cabellonews.com","article_published_time":"2023-12-07T16:30:01+00:00","article_modified_time":"2023-12-10T18:47:08+00:00","og_image":[{"width":1600,"height":1065,"url":"http:\/\/cabellonews.com\/wp-content\/uploads\/2023\/12\/d45fabe2-4f08-4faa-ba8c-f5f4120f7e90.jpeg","type":"image\/jpeg"}],"author":"cabellonews.com","twitter_card":"summary_large_image","twitter_misc":{"Written by":"cabellonews.com","Est. reading time":"2 minutes"},"schema":{"@context":"https:\/\/schema.org","@graph":[{"@type":"WebPage","@id":"https:\/\/cabellonews.com\/?p=762","url":"https:\/\/cabellonews.com\/?p=762","name":"Destaca AMLO logros de seguridad en Tamaulipas y anuncia visita al estado - cabellonews.com","isPartOf":{"@id":"https:\/\/cabellonews.com\/#website"},"datePublished":"2023-12-07T16:30:01+00:00","dateModified":"2023-12-10T18:47:08+00:00","author":{"@id":"https:\/\/cabellonews.com\/#\/schema\/person\/7afe73bafa6cc5a24fd4c67dfd4379d8"},"breadcrumb":{"@id":"https:\/\/cabellonews.com\/?p=762#breadcrumb"},"inLanguage":"en-US","potentialAction":[{"@type":"ReadAction","target":["https:\/\/cabellonews.com\/?p=762"]}]},{"@type":"BreadcrumbList","@id":"https:\/\/cabellonews.com\/?p=762#breadcrumb","itemListElement":[{"@type":"ListItem","position":1,"name":"Inicio","item":"https:\/\/cabellonews.com\/"},{"@type":"ListItem","position":2,"name":"Destaca AMLO logros de seguridad en Tamaulipas y anuncia visita al estado"}]},{"@type":"WebSite","@id":"https:\/\/cabellonews.com\/#website","url":"https:\/\/cabellonews.com\/","name":"cabellonews.com","description":"Con Cobertura En Tamaulipas Y norte de Veracruz","potentialAction":[{"@type":"SearchAction","target":{"@type":"EntryPoint","urlTemplate":"https:\/\/cabellonews.com\/?s={search_term_string}"},"query-input":"required name=search_term_string"}],"inLanguage":"en-US"},{"@type":"Person","@id":"https:\/\/cabellonews.com\/#\/schema\/person\/7afe73bafa6cc5a24fd4c67dfd4379d8","name":"cabellonews.com","image":{"@type":"ImageObject","inLanguage":"en-US","@id":"https:\/\/cabellonews.com\/#\/schema\/person\/image\/","url":"https:\/\/secure.gravatar.com\/avatar\/8d6324fc2806389aad4cd38639618406?s=96&d=mm&r=g","contentUrl":"https:\/\/secure.gravatar.com\/avatar\/8d6324fc2806389aad4cd38639618406?s=96&d=mm&r=g","caption":"cabellonews.com"},"sameAs":["http:\/\/cabellonews.com"],"url":"https:\/\/cabellonews.com\/?author=1"}]}},"_links":{"self":[{"href":"https:\/\/cabellonews.com\/index.php?rest_route=\/wp\/v2\/posts\/762"}],"collection":[{"href":"https:\/\/cabellonews.com\/index.php?rest_route=\/wp\/v2\/posts"}],"about":[{"href":"https:\/\/cabellonews.com\/index.php?rest_route=\/wp\/v2\/types\/post"}],"author":[{"embeddable":true,"href":"https:\/\/cabellonews.com\/index.php?rest_route=\/wp\/v2\/users\/1"}],"replies":[{"embeddable":true,"href":"https:\/\/cabellonews.com\/index.php?rest_route=%2Fwp%2Fv2%2Fcomments&post=762"}],"version-history":[{"count":1,"href":"https:\/\/cabellonews.com\/index.php?rest_route=\/wp\/v2\/posts\/762\/revisions"}],"predecessor-version":[{"id":764,"href":"https:\/\/cabellonews.com\/index.php?rest_route=\/wp\/v2\/posts\/762\/revisions\/764"}],"wp:featuredmedia":[{"embeddable":true,"href":"https:\/\/cabellonews.com\/index.php?rest_route=\/wp\/v2\/media\/763"}],"wp:attachment":[{"href":"https:\/\/cabellonews.com\/index.php?rest_route=%2Fwp%2Fv2%2Fmedia&parent=762"}],"wp:term":[{"taxonomy":"category","embeddable":true,"href":"https:\/\/cabellonews.com\/index.php?rest_route=%2Fwp%2Fv2%2Fcategories&post=762"},{"taxonomy":"post_tag","embeddable":true,"href":"https:\/\/cabellonews.com\/index.php?rest_route=%2Fwp%2Fv2%2Ftags&post=762"}],"curies":[{"name":"wp","href":"https:\/\/api.w.org\/{rel}","templated":true}]}}