{"id":756,"date":"2023-12-09T16:27:40","date_gmt":"2023-12-09T16:27:40","guid":{"rendered":"https:\/\/cabellonews.com\/?p=756"},"modified":"2023-12-10T18:53:26","modified_gmt":"2023-12-10T18:53:26","slug":"en-la-zona-del-altiplano-se-haran-cada-vez-mas-cosas-buenas-americo","status":"publish","type":"post","link":"https:\/\/cabellonews.com\/?p=756","title":{"rendered":"En la zona del altiplano se har\u00e1n cada vez m\u00e1s cosas buenas: Am\u00e9rico"},"content":{"rendered":"\n<ul>\n<li>El gobernador de Tamaulipas y su esposa Mar\u00eda llevan brigada asistencial, con m\u00faltiples beneficios, a familias de los cinco municipios de la regi\u00f3n<\/li>\n<\/ul>\n\n\n\n<p>Diciembre 09 de 2023<\/p>\n\n\n\n<p>Tula, Tamaulipas.- Las y los habitantes del altiplano tamaulipeco cuentan con todo el apoyo del Gobierno del Estado para resolver sus demandas sociales y necesidades, afirm\u00f3 el gobernador de Tamaulipas, Am\u00e9rico Villarreal Anaya, al encabezar junto a la presidenta del Sistema DIF Tamaulipas, Mar\u00eda de Villarreal, la Brigada Navide\u00f1a en el Altiplano \u201cTransformando Familias\u201d, en la cual se entregaron m\u00faltiples beneficios, desde medicamentos hasta implementos agr\u00edcolas y en la que participaron dependencias gubernamentales estatales y federales.<\/p>\n\n\n\n<p>\u201cSiempre cuenten con un Gobierno del Estado, solidario, amigo y participativo con ustedes, sobre todo con la gente del altiplano\u201d, afirm\u00f3.<\/p>\n\n\n\n<p>Luego de ser recibido entusiastamente por los habitantes de Tula, Palmillas, Jaumave, Miquihuana y Bustamante, el gobernador indic\u00f3 que atender\u00e1 cada una de sus peticiones y, a los integrantes de su gabinete, gir\u00f3 la instrucci\u00f3n para que inicie la rehabilitaci\u00f3n de escuelas y caminos, como el del ejido L\u00e1zaro C\u00e1rdenas y de Mamale\u00f3n, \u201cpara que mejoremos la oportunidad de llegar a otros ejidos de esta regi\u00f3n\u201d.<\/p>\n\n\n\n<p>\u201cTambi\u00e9n hay un trabajo importante que estamos desarrollando de investigaci\u00f3n y apoyo para localizar agua\u201d y que todas las comunidades cuenten con el vital l\u00edquido.<\/p>\n\n\n\n<p>\u201cEstamos atentos de estas necesidades y cr\u00e9anme que estamos trabajando y buscando los recursos para solucionar estos problemas y que tengamos todos en Tamaulipas la oportunidad de tener un mejor desarrollo y bienestar social\u201d, expres\u00f3.<\/p>\n\n\n\n<p>Tamaulipas es un estado muy grande y con muchas necesidades en los m\u00e1s de mil 300 ejidos y en las m\u00e1s de 80 mil hect\u00e1reas, dijo, al se\u00f1alar que en la zona del altiplano, &#8220;se har\u00e1n cada vez m\u00e1s cosas buenas&#8221;.<\/p>\n\n\n\n<p>\u201cLo vemos aqu\u00ed, ahorita que ven\u00edamos llegando en como se est\u00e1n desarrollando los trabajos y que va a ser un punto de econom\u00eda para esta regi\u00f3n y que van a venir otros beneficios equiparados a esta carretera de Tula- Ocampo para tener un mejor tr\u00e1nsito de las mercanc\u00edas que vienen del centro del pa\u00eds para que lleguen otra vez a nuestra costa, a nuestros puertos de altura\u201d, dijo.<\/p>\n\n\n\n<p>Tras agradecer a las y los presidentes municipales del altiplano su apoyo para desarrollar el evento, el gobernador reiter\u00f3 el llamado a sentirse hermanados, &#8220;todos somos tamaulipecos, y as\u00ed como ahora en esta regi\u00f3n del altiplano, tambi\u00e9n hemos podido hacer estas mismas acciones en otras regiones de nuestro estado&#8221;, indic\u00f3.<\/p>\n\n\n\n<p>\u201c\u201dUstedes nos dieron la confianza, estamos sumados a la transformaci\u00f3n, centrados en que lo que debemos de buscar que es el beneficio de la persona, de la familia, para que cada vez haya m\u00e1s bienestar y desarrollo social\u201d, mencion\u00f3.<\/p>\n\n\n\n<p>HAN ARRIBADO 12 MIL PAISANOS<\/p>\n\n\n\n<p>Durante su intervenci\u00f3n, el gobernador Am\u00e9rico Villarreal se\u00f1al\u00f3 que hasta el momento han arribado 12 mil paisanos por las fronteras de Tamaulipas.<\/p>\n\n\n\n<p>Les reiter\u00f3 la invitaci\u00f3n para que le regalen un d\u00eda a Tamaulipas y que se den la oportunidad de conocer los Pueblos M\u00e1gicos de Tula y Mier y la reserva de la Bi\u00f3sfera de El Cielo, por mencionar algunos puntos.<\/p>\n\n\n\n<p>MI EQUIPO DIF SIEMPRE EST\u00c1 CON USTEDES: DOCTORA MAR\u00cdA<\/p>\n\n\n\n<p>Por su parte, la presidenta del Sistema DIF Tamaulipas, Mar\u00eda de Villarreal, expres\u00f3 su alegr\u00eda por brindar estos servicios a las y los habitantes de estos municipios del altiplano.<\/p>\n\n\n\n<p>\u201cAhora acompa\u00f1ados de todos los colaboradores de Am\u00e9rico, los secretarios, y todos participando. Ahora no solo es una fiesta navide\u00f1a, tambi\u00e9n es una brigada de asistencia, que quiero que todos aprovechen al m\u00e1ximo, porque todos con la mejor disposici\u00f3n y cari\u00f1o, han venido a atenderlos aqu\u00ed, a su tierra, para ver las necesidades\u201d, dijo.<\/p>\n\n\n\n<p>\u201cMi equipo DIF siempre est\u00e1 con ustedes y el equipo de Am\u00e9rico tambi\u00e9n. No se sientan solos, todos juntos podemos\u201d, concluy\u00f3.<\/p>\n\n\n\n<p>Acompa\u00f1aron al gobernador, el secretario general de Gobierno, H\u00e9ctor Joel Villegas Gonz\u00e1lez; la directora del Sistema DIF, Patricia Lara Ayala; la secretaria de Educaci\u00f3n, Luc\u00eda Aim\u00e9 Castillo Pastor; el secretario de Recursos Hidr\u00e1ulicos para el Desarrollo Social, Ra\u00fal Quiroga \u00c1lvarez; el secretario de Energ\u00eda, Jos\u00e9 Ram\u00f3n Silva; la secretaria de Desarrollo Urbano y Medio Ambiente, Karina Sald\u00edvar Lartigue; el secretario de Obras P\u00fablicas, Pedro Cepeda Anaya; el secretario de Turismo, Benjam\u00edn Hern\u00e1ndez Rodr\u00edguez; el secretario de Desarrollo Rural, Pesca y Acuacultura, Antonio Varela Flores; el secretario de Salud, Vicente Joel Hern\u00e1ndez; el jefe de la Oficina del Gobernador, Ricardo Guerrero y el rector de la Universidad Aut\u00f3noma de Tamaulipas, D\u00e1maso Anaya Alvarado.<\/p>\n\n\n<figure class=\"wp-block-post-featured-image\"><img width=\"240\" height=\"172\" src=\"https:\/\/cabellonews.com\/wp-content\/uploads\/2023\/12\/26347383-38b8-4647-ab9e-3df18726a5ef-240x172.jpeg\" class=\"attachment-post-thumbnail size-post-thumbnail wp-post-image\" alt=\"\" decoding=\"async\" loading=\"lazy\" \/><\/figure>\n\n\n<pre class=\"wp-block-code\"><code>      *    *    *<\/code><\/pre>\n","protected":false},"excerpt":{"rendered":"<p>Diciembre 09 de 2023 Tula, Tamaulipas.- Las y los habitantes del altiplano tamaulipeco cuentan con todo el apoyo del Gobierno del Estado para resolver sus demandas sociales y necesidades, afirm\u00f3 el gobernador de Tamaulipas, Am\u00e9rico Villarreal Anaya, al encabezar junto a la presidenta del Sistema DIF Tamaulipas, Mar\u00eda de Villarreal, la Brigada Navide\u00f1a en el Altiplano \u201cTransformando Familias\u201d, en la cual se entregaron m\u00faltiples beneficios, desde medicamentos hasta implementos agr\u00edcolas y en la que participaron dependencias gubernamentales estatales y federales. \u201cSiempre cuenten con un Gobierno del Estado, solidario, amigo y&hellip;<\/p>\n","protected":false},"author":1,"featured_media":757,"comment_status":"open","ping_status":"open","sticky":false,"template":"","format":"standard","meta":[],"categories":[1],"tags":[],"gutentor_comment":0,"yoast_head":"<!-- This site is optimized with the Yoast SEO plugin v20.10 - https:\/\/yoast.com\/wordpress\/plugins\/seo\/ -->\n<title>En la zona del altiplano se har\u00e1n cada vez m\u00e1s cosas buenas: Am\u00e9rico - cabellonews.com<\/title>\n<meta name=\"robots\" content=\"index, follow, max-snippet:-1, max-image-preview:large, max-video-preview:-1\" \/>\n<link rel=\"canonical\" href=\"https:\/\/cabellonews.com\/?p=756\" \/>\n<meta property=\"og:locale\" content=\"en_US\" \/>\n<meta property=\"og:type\" content=\"article\" \/>\n<meta property=\"og:title\" content=\"En la zona del altiplano se har\u00e1n cada vez m\u00e1s cosas buenas: Am\u00e9rico - cabellonews.com\" \/>\n<meta property=\"og:description\" content=\"Diciembre 09 de 2023 Tula, Tamaulipas.- Las y los habitantes del altiplano tamaulipeco cuentan con todo el apoyo del Gobierno del Estado para resolver sus demandas sociales y necesidades, afirm\u00f3 el gobernador de Tamaulipas, Am\u00e9rico Villarreal Anaya, al encabezar junto a la presidenta del Sistema DIF Tamaulipas, Mar\u00eda de Villarreal, la Brigada Navide\u00f1a en el Altiplano \u201cTransformando Familias\u201d, en la cual se entregaron m\u00faltiples beneficios, desde medicamentos hasta implementos agr\u00edcolas y en la que participaron dependencias gubernamentales estatales y federales. \u201cSiempre cuenten con un Gobierno del Estado, solidario, amigo y&hellip;\" \/>\n<meta property=\"og:url\" content=\"https:\/\/cabellonews.com\/?p=756\" \/>\n<meta property=\"og:site_name\" content=\"cabellonews.com\" \/>\n<meta property=\"article:published_time\" content=\"2023-12-09T16:27:40+00:00\" \/>\n<meta property=\"article:modified_time\" content=\"2023-12-10T18:53:26+00:00\" \/>\n<meta property=\"og:image\" content=\"http:\/\/cabellonews.com\/wp-content\/uploads\/2023\/12\/26347383-38b8-4647-ab9e-3df18726a5ef.jpeg\" \/>\n\t<meta property=\"og:image:width\" content=\"1600\" \/>\n\t<meta property=\"og:image:height\" content=\"1066\" \/>\n\t<meta property=\"og:image:type\" content=\"image\/jpeg\" \/>\n<meta name=\"author\" content=\"cabellonews.com\" \/>\n<meta name=\"twitter:card\" content=\"summary_large_image\" \/>\n<meta name=\"twitter:label1\" content=\"Written by\" \/>\n\t<meta name=\"twitter:data1\" content=\"cabellonews.com\" \/>\n\t<meta name=\"twitter:label2\" content=\"Est. reading time\" \/>\n\t<meta name=\"twitter:data2\" content=\"4 minutes\" \/>\n<script type=\"application\/ld+json\" class=\"yoast-schema-graph\">{\"@context\":\"https:\/\/schema.org\",\"@graph\":[{\"@type\":\"WebPage\",\"@id\":\"https:\/\/cabellonews.com\/?p=756\",\"url\":\"https:\/\/cabellonews.com\/?p=756\",\"name\":\"En la zona del altiplano se har\u00e1n cada vez m\u00e1s cosas buenas: Am\u00e9rico - cabellonews.com\",\"isPartOf\":{\"@id\":\"https:\/\/cabellonews.com\/#website\"},\"datePublished\":\"2023-12-09T16:27:40+00:00\",\"dateModified\":\"2023-12-10T18:53:26+00:00\",\"author\":{\"@id\":\"https:\/\/cabellonews.com\/#\/schema\/person\/7afe73bafa6cc5a24fd4c67dfd4379d8\"},\"breadcrumb\":{\"@id\":\"https:\/\/cabellonews.com\/?p=756#breadcrumb\"},\"inLanguage\":\"en-US\",\"potentialAction\":[{\"@type\":\"ReadAction\",\"target\":[\"https:\/\/cabellonews.com\/?p=756\"]}]},{\"@type\":\"BreadcrumbList\",\"@id\":\"https:\/\/cabellonews.com\/?p=756#breadcrumb\",\"itemListElement\":[{\"@type\":\"ListItem\",\"position\":1,\"name\":\"Inicio\",\"item\":\"https:\/\/cabellonews.com\/\"},{\"@type\":\"ListItem\",\"position\":2,\"name\":\"En la zona del altiplano se har\u00e1n cada vez m\u00e1s cosas buenas: Am\u00e9rico\"}]},{\"@type\":\"WebSite\",\"@id\":\"https:\/\/cabellonews.com\/#website\",\"url\":\"https:\/\/cabellonews.com\/\",\"name\":\"cabellonews.com\",\"description\":\"Con Cobertura En Tamaulipas Y norte de Veracruz\",\"potentialAction\":[{\"@type\":\"SearchAction\",\"target\":{\"@type\":\"EntryPoint\",\"urlTemplate\":\"https:\/\/cabellonews.com\/?s={search_term_string}\"},\"query-input\":\"required name=search_term_string\"}],\"inLanguage\":\"en-US\"},{\"@type\":\"Person\",\"@id\":\"https:\/\/cabellonews.com\/#\/schema\/person\/7afe73bafa6cc5a24fd4c67dfd4379d8\",\"name\":\"cabellonews.com\",\"image\":{\"@type\":\"ImageObject\",\"inLanguage\":\"en-US\",\"@id\":\"https:\/\/cabellonews.com\/#\/schema\/person\/image\/\",\"url\":\"https:\/\/secure.gravatar.com\/avatar\/8d6324fc2806389aad4cd38639618406?s=96&d=mm&r=g\",\"contentUrl\":\"https:\/\/secure.gravatar.com\/avatar\/8d6324fc2806389aad4cd38639618406?s=96&d=mm&r=g\",\"caption\":\"cabellonews.com\"},\"sameAs\":[\"http:\/\/cabellonews.com\"],\"url\":\"https:\/\/cabellonews.com\/?author=1\"}]}<\/script>\n<!-- \/ Yoast SEO plugin. -->","yoast_head_json":{"title":"En la zona del altiplano se har\u00e1n cada vez m\u00e1s cosas buenas: Am\u00e9rico - cabellonews.com","robots":{"index":"index","follow":"follow","max-snippet":"max-snippet:-1","max-image-preview":"max-image-preview:large","max-video-preview":"max-video-preview:-1"},"canonical":"https:\/\/cabellonews.com\/?p=756","og_locale":"en_US","og_type":"article","og_title":"En la zona del altiplano se har\u00e1n cada vez m\u00e1s cosas buenas: Am\u00e9rico - cabellonews.com","og_description":"Diciembre 09 de 2023 Tula, Tamaulipas.- Las y los habitantes del altiplano tamaulipeco cuentan con todo el apoyo del Gobierno del Estado para resolver sus demandas sociales y necesidades, afirm\u00f3 el gobernador de Tamaulipas, Am\u00e9rico Villarreal Anaya, al encabezar junto a la presidenta del Sistema DIF Tamaulipas, Mar\u00eda de Villarreal, la Brigada Navide\u00f1a en el Altiplano \u201cTransformando Familias\u201d, en la cual se entregaron m\u00faltiples beneficios, desde medicamentos hasta implementos agr\u00edcolas y en la que participaron dependencias gubernamentales estatales y federales. \u201cSiempre cuenten con un Gobierno del Estado, solidario, amigo y&hellip;","og_url":"https:\/\/cabellonews.com\/?p=756","og_site_name":"cabellonews.com","article_published_time":"2023-12-09T16:27:40+00:00","article_modified_time":"2023-12-10T18:53:26+00:00","og_image":[{"width":1600,"height":1066,"url":"http:\/\/cabellonews.com\/wp-content\/uploads\/2023\/12\/26347383-38b8-4647-ab9e-3df18726a5ef.jpeg","type":"image\/jpeg"}],"author":"cabellonews.com","twitter_card":"summary_large_image","twitter_misc":{"Written by":"cabellonews.com","Est. reading time":"4 minutes"},"schema":{"@context":"https:\/\/schema.org","@graph":[{"@type":"WebPage","@id":"https:\/\/cabellonews.com\/?p=756","url":"https:\/\/cabellonews.com\/?p=756","name":"En la zona del altiplano se har\u00e1n cada vez m\u00e1s cosas buenas: Am\u00e9rico - cabellonews.com","isPartOf":{"@id":"https:\/\/cabellonews.com\/#website"},"datePublished":"2023-12-09T16:27:40+00:00","dateModified":"2023-12-10T18:53:26+00:00","author":{"@id":"https:\/\/cabellonews.com\/#\/schema\/person\/7afe73bafa6cc5a24fd4c67dfd4379d8"},"breadcrumb":{"@id":"https:\/\/cabellonews.com\/?p=756#breadcrumb"},"inLanguage":"en-US","potentialAction":[{"@type":"ReadAction","target":["https:\/\/cabellonews.com\/?p=756"]}]},{"@type":"BreadcrumbList","@id":"https:\/\/cabellonews.com\/?p=756#breadcrumb","itemListElement":[{"@type":"ListItem","position":1,"name":"Inicio","item":"https:\/\/cabellonews.com\/"},{"@type":"ListItem","position":2,"name":"En la zona del altiplano se har\u00e1n cada vez m\u00e1s cosas buenas: Am\u00e9rico"}]},{"@type":"WebSite","@id":"https:\/\/cabellonews.com\/#website","url":"https:\/\/cabellonews.com\/","name":"cabellonews.com","description":"Con Cobertura En Tamaulipas Y norte de Veracruz","potentialAction":[{"@type":"SearchAction","target":{"@type":"EntryPoint","urlTemplate":"https:\/\/cabellonews.com\/?s={search_term_string}"},"query-input":"required name=search_term_string"}],"inLanguage":"en-US"},{"@type":"Person","@id":"https:\/\/cabellonews.com\/#\/schema\/person\/7afe73bafa6cc5a24fd4c67dfd4379d8","name":"cabellonews.com","image":{"@type":"ImageObject","inLanguage":"en-US","@id":"https:\/\/cabellonews.com\/#\/schema\/person\/image\/","url":"https:\/\/secure.gravatar.com\/avatar\/8d6324fc2806389aad4cd38639618406?s=96&d=mm&r=g","contentUrl":"https:\/\/secure.gravatar.com\/avatar\/8d6324fc2806389aad4cd38639618406?s=96&d=mm&r=g","caption":"cabellonews.com"},"sameAs":["http:\/\/cabellonews.com"],"url":"https:\/\/cabellonews.com\/?author=1"}]}},"_links":{"self":[{"href":"https:\/\/cabellonews.com\/index.php?rest_route=\/wp\/v2\/posts\/756"}],"collection":[{"href":"https:\/\/cabellonews.com\/index.php?rest_route=\/wp\/v2\/posts"}],"about":[{"href":"https:\/\/cabellonews.com\/index.php?rest_route=\/wp\/v2\/types\/post"}],"author":[{"embeddable":true,"href":"https:\/\/cabellonews.com\/index.php?rest_route=\/wp\/v2\/users\/1"}],"replies":[{"embeddable":true,"href":"https:\/\/cabellonews.com\/index.php?rest_route=%2Fwp%2Fv2%2Fcomments&post=756"}],"version-history":[{"count":1,"href":"https:\/\/cabellonews.com\/index.php?rest_route=\/wp\/v2\/posts\/756\/revisions"}],"predecessor-version":[{"id":758,"href":"https:\/\/cabellonews.com\/index.php?rest_route=\/wp\/v2\/posts\/756\/revisions\/758"}],"wp:featuredmedia":[{"embeddable":true,"href":"https:\/\/cabellonews.com\/index.php?rest_route=\/wp\/v2\/media\/757"}],"wp:attachment":[{"href":"https:\/\/cabellonews.com\/index.php?rest_route=%2Fwp%2Fv2%2Fmedia&parent=756"}],"wp:term":[{"taxonomy":"category","embeddable":true,"href":"https:\/\/cabellonews.com\/index.php?rest_route=%2Fwp%2Fv2%2Fcategories&post=756"},{"taxonomy":"post_tag","embeddable":true,"href":"https:\/\/cabellonews.com\/index.php?rest_route=%2Fwp%2Fv2%2Ftags&post=756"}],"curies":[{"name":"wp","href":"https:\/\/api.w.org\/{rel}","templated":true}]}}