{"id":746,"date":"2023-12-05T23:31:30","date_gmt":"2023-12-05T23:31:30","guid":{"rendered":"https:\/\/cabellonews.com\/?p=746"},"modified":"2023-12-10T18:40:44","modified_gmt":"2023-12-10T18:40:44","slug":"promueve-sebien-cuidado-y-adopcion-responsable-de-mascotas","status":"publish","type":"post","link":"https:\/\/cabellonews.com\/?p=746","title":{"rendered":"Promueve SEBIEN cuidado y adopci\u00f3n responsable de mascotas"},"content":{"rendered":"\n<ul>\n<li>Sociedad y gobierno participar\u00e1n en la \u201cCarrera Navide\u00f1a con Causa\u201d y brindar\u00e1n un hogar a los animales en situaci\u00f3n de vulnerabilidad y abandono<\/li>\n<\/ul>\n\n\n\n<p>Diciembre 05 de 2023<\/p>\n\n\n\n<p>Ciudad Victoria, Tamaulipas.- En el marco de la temporada navide\u00f1a, la Secretar\u00eda de Bienestar Social, en colaboraci\u00f3n con la Subsecretar\u00eda de Derechos Humanos y Articulaci\u00f3n Social del Gobierno del Estado de Tamaulipas, llevar\u00e1 a cabo la &#8220;Carrera Navide\u00f1a con Causa&#8221; en el Parque de Bienestar Social &#8220;La Loma&#8221;.<\/p>\n\n\n\n<p>La iniciativa se desarrollar\u00e1 el pr\u00f3ximo 9 de diciembre en dicho espacio de encuentro y esparcimiento, pretendiendo contar con la participaci\u00f3n de alrededor de 100 personas, entre hombres, mujeres, j\u00f3venes y adultos mayores de la comunidad.<\/p>\n\n\n\n<p>&#8220;La Carrera Navide\u00f1a con Causa&#8221;, tiene como objetivo principal promover la adopci\u00f3n responsable de animales en situaci\u00f3n de abandono, provenientes de refugios en Ciudad Victoria.<\/p>\n\n\n\n<p>Este evento no solo buscar\u00e1 fomentar el ejercicio f\u00edsico y la convivencia, sino tambi\u00e9n concientizar\u00e1 sobre la importancia de brindar hogar y amor a aquellos seres que necesitan una segunda oportunidad.<\/p>\n\n\n\n<p>El Parque de Bienestar Social &#8220;La Loma&#8221; permitir\u00e1 crear un ambiente festivo y solidario, donde los participantes no solo disfrutar\u00e1n de la actividad f\u00edsica, sino que tambi\u00e9n se sensibilizar\u00e1n sobre la relevancia de cuidar y proteger a los animales.<\/p>\n\n\n\n<p>As\u00ed mismo se recibir\u00e1n donaciones en especie que ser\u00e1n destinadas a los refugios participantes, consolidando as\u00ed la respuesta positiva de la comunidad.<\/p>\n\n\n\n<p>El evento contar\u00e1 con patrocinadores y colaboradores como la Jurisdicci\u00f3n Sanitaria No. 1, y las Organizaciones KN Proyect, Gatuario, Refugio La Gloria, Forrajera San Carlos, Distribuidor Purina, Biorehb, Total Play y Volkswagen Valle Victoria que a trav\u00e9s de la entrega de premios para los primeros lugares, contribuir\u00e1n a construir una sociedad m\u00e1s solidaria y comprometida con el bienestar de los animales en situaci\u00f3n de vulnerabilidad.<\/p>\n\n\n\n<p>Estas actividades humanistas refuerzan el compromiso del Gobierno del Estado encabezado por Am\u00e9rico Villarreal Anaya de impulsar acciones que fortalezcan la convivencia, la responsabilidad social y la promoci\u00f3n del respeto a los derechos de todos los seres vivos.<\/p>\n\n\n<figure class=\"wp-block-post-featured-image\"><img width=\"240\" height=\"172\" src=\"https:\/\/cabellonews.com\/wp-content\/uploads\/2023\/12\/d510e9ea-b102-4f5c-b044-153a3b389717-240x172.jpeg\" class=\"attachment-post-thumbnail size-post-thumbnail wp-post-image\" alt=\"\" decoding=\"async\" loading=\"lazy\" \/><\/figure>\n\n\n<pre class=\"wp-block-code\"><code>    *     *    *<\/code><\/pre>\n","protected":false},"excerpt":{"rendered":"<p>Diciembre 05 de 2023 Ciudad Victoria, Tamaulipas.- En el marco de la temporada navide\u00f1a, la Secretar\u00eda de Bienestar Social, en colaboraci\u00f3n con la Subsecretar\u00eda de Derechos Humanos y Articulaci\u00f3n Social del Gobierno del Estado de Tamaulipas, llevar\u00e1 a cabo la &#8220;Carrera Navide\u00f1a con Causa&#8221; en el Parque de Bienestar Social &#8220;La Loma&#8221;. La iniciativa se desarrollar\u00e1 el pr\u00f3ximo 9 de diciembre en dicho espacio de encuentro y esparcimiento, pretendiendo contar con la participaci\u00f3n de alrededor de 100 personas, entre hombres, mujeres, j\u00f3venes y adultos mayores de la comunidad. &#8220;La Carrera&hellip;<\/p>\n","protected":false},"author":1,"featured_media":747,"comment_status":"open","ping_status":"open","sticky":false,"template":"","format":"standard","meta":[],"categories":[1],"tags":[],"gutentor_comment":0,"yoast_head":"<!-- This site is optimized with the Yoast SEO plugin v20.10 - https:\/\/yoast.com\/wordpress\/plugins\/seo\/ -->\n<title>Promueve SEBIEN cuidado y adopci\u00f3n responsable de mascotas - cabellonews.com<\/title>\n<meta name=\"robots\" content=\"index, follow, max-snippet:-1, max-image-preview:large, max-video-preview:-1\" \/>\n<link rel=\"canonical\" href=\"https:\/\/cabellonews.com\/?p=746\" \/>\n<meta property=\"og:locale\" content=\"en_US\" \/>\n<meta property=\"og:type\" content=\"article\" \/>\n<meta property=\"og:title\" content=\"Promueve SEBIEN cuidado y adopci\u00f3n responsable de mascotas - cabellonews.com\" \/>\n<meta property=\"og:description\" content=\"Diciembre 05 de 2023 Ciudad Victoria, Tamaulipas.- En el marco de la temporada navide\u00f1a, la Secretar\u00eda de Bienestar Social, en colaboraci\u00f3n con la Subsecretar\u00eda de Derechos Humanos y Articulaci\u00f3n Social del Gobierno del Estado de Tamaulipas, llevar\u00e1 a cabo la &#8220;Carrera Navide\u00f1a con Causa&#8221; en el Parque de Bienestar Social &#8220;La Loma&#8221;. La iniciativa se desarrollar\u00e1 el pr\u00f3ximo 9 de diciembre en dicho espacio de encuentro y esparcimiento, pretendiendo contar con la participaci\u00f3n de alrededor de 100 personas, entre hombres, mujeres, j\u00f3venes y adultos mayores de la comunidad. &#8220;La Carrera&hellip;\" \/>\n<meta property=\"og:url\" content=\"https:\/\/cabellonews.com\/?p=746\" \/>\n<meta property=\"og:site_name\" content=\"cabellonews.com\" \/>\n<meta property=\"article:published_time\" content=\"2023-12-05T23:31:30+00:00\" \/>\n<meta property=\"article:modified_time\" content=\"2023-12-10T18:40:44+00:00\" \/>\n<meta property=\"og:image\" content=\"http:\/\/cabellonews.com\/wp-content\/uploads\/2023\/12\/d510e9ea-b102-4f5c-b044-153a3b389717.jpeg\" \/>\n\t<meta property=\"og:image:width\" content=\"1280\" \/>\n\t<meta property=\"og:image:height\" content=\"1600\" \/>\n\t<meta property=\"og:image:type\" content=\"image\/jpeg\" \/>\n<meta name=\"author\" content=\"cabellonews.com\" \/>\n<meta name=\"twitter:card\" content=\"summary_large_image\" \/>\n<meta name=\"twitter:label1\" content=\"Written by\" \/>\n\t<meta name=\"twitter:data1\" content=\"cabellonews.com\" \/>\n\t<meta name=\"twitter:label2\" content=\"Est. reading time\" \/>\n\t<meta name=\"twitter:data2\" content=\"2 minutes\" \/>\n<script type=\"application\/ld+json\" class=\"yoast-schema-graph\">{\"@context\":\"https:\/\/schema.org\",\"@graph\":[{\"@type\":\"WebPage\",\"@id\":\"https:\/\/cabellonews.com\/?p=746\",\"url\":\"https:\/\/cabellonews.com\/?p=746\",\"name\":\"Promueve SEBIEN cuidado y adopci\u00f3n responsable de mascotas - cabellonews.com\",\"isPartOf\":{\"@id\":\"https:\/\/cabellonews.com\/#website\"},\"datePublished\":\"2023-12-05T23:31:30+00:00\",\"dateModified\":\"2023-12-10T18:40:44+00:00\",\"author\":{\"@id\":\"https:\/\/cabellonews.com\/#\/schema\/person\/7afe73bafa6cc5a24fd4c67dfd4379d8\"},\"breadcrumb\":{\"@id\":\"https:\/\/cabellonews.com\/?p=746#breadcrumb\"},\"inLanguage\":\"en-US\",\"potentialAction\":[{\"@type\":\"ReadAction\",\"target\":[\"https:\/\/cabellonews.com\/?p=746\"]}]},{\"@type\":\"BreadcrumbList\",\"@id\":\"https:\/\/cabellonews.com\/?p=746#breadcrumb\",\"itemListElement\":[{\"@type\":\"ListItem\",\"position\":1,\"name\":\"Inicio\",\"item\":\"https:\/\/cabellonews.com\/\"},{\"@type\":\"ListItem\",\"position\":2,\"name\":\"Promueve SEBIEN cuidado y adopci\u00f3n responsable de mascotas\"}]},{\"@type\":\"WebSite\",\"@id\":\"https:\/\/cabellonews.com\/#website\",\"url\":\"https:\/\/cabellonews.com\/\",\"name\":\"cabellonews.com\",\"description\":\"Con Cobertura En Tamaulipas Y norte de Veracruz\",\"potentialAction\":[{\"@type\":\"SearchAction\",\"target\":{\"@type\":\"EntryPoint\",\"urlTemplate\":\"https:\/\/cabellonews.com\/?s={search_term_string}\"},\"query-input\":\"required name=search_term_string\"}],\"inLanguage\":\"en-US\"},{\"@type\":\"Person\",\"@id\":\"https:\/\/cabellonews.com\/#\/schema\/person\/7afe73bafa6cc5a24fd4c67dfd4379d8\",\"name\":\"cabellonews.com\",\"image\":{\"@type\":\"ImageObject\",\"inLanguage\":\"en-US\",\"@id\":\"https:\/\/cabellonews.com\/#\/schema\/person\/image\/\",\"url\":\"https:\/\/secure.gravatar.com\/avatar\/8d6324fc2806389aad4cd38639618406?s=96&d=mm&r=g\",\"contentUrl\":\"https:\/\/secure.gravatar.com\/avatar\/8d6324fc2806389aad4cd38639618406?s=96&d=mm&r=g\",\"caption\":\"cabellonews.com\"},\"sameAs\":[\"http:\/\/cabellonews.com\"],\"url\":\"https:\/\/cabellonews.com\/?author=1\"}]}<\/script>\n<!-- \/ Yoast SEO plugin. -->","yoast_head_json":{"title":"Promueve SEBIEN cuidado y adopci\u00f3n responsable de mascotas - cabellonews.com","robots":{"index":"index","follow":"follow","max-snippet":"max-snippet:-1","max-image-preview":"max-image-preview:large","max-video-preview":"max-video-preview:-1"},"canonical":"https:\/\/cabellonews.com\/?p=746","og_locale":"en_US","og_type":"article","og_title":"Promueve SEBIEN cuidado y adopci\u00f3n responsable de mascotas - cabellonews.com","og_description":"Diciembre 05 de 2023 Ciudad Victoria, Tamaulipas.- En el marco de la temporada navide\u00f1a, la Secretar\u00eda de Bienestar Social, en colaboraci\u00f3n con la Subsecretar\u00eda de Derechos Humanos y Articulaci\u00f3n Social del Gobierno del Estado de Tamaulipas, llevar\u00e1 a cabo la &#8220;Carrera Navide\u00f1a con Causa&#8221; en el Parque de Bienestar Social &#8220;La Loma&#8221;. La iniciativa se desarrollar\u00e1 el pr\u00f3ximo 9 de diciembre en dicho espacio de encuentro y esparcimiento, pretendiendo contar con la participaci\u00f3n de alrededor de 100 personas, entre hombres, mujeres, j\u00f3venes y adultos mayores de la comunidad. &#8220;La Carrera&hellip;","og_url":"https:\/\/cabellonews.com\/?p=746","og_site_name":"cabellonews.com","article_published_time":"2023-12-05T23:31:30+00:00","article_modified_time":"2023-12-10T18:40:44+00:00","og_image":[{"width":1280,"height":1600,"url":"http:\/\/cabellonews.com\/wp-content\/uploads\/2023\/12\/d510e9ea-b102-4f5c-b044-153a3b389717.jpeg","type":"image\/jpeg"}],"author":"cabellonews.com","twitter_card":"summary_large_image","twitter_misc":{"Written by":"cabellonews.com","Est. reading time":"2 minutes"},"schema":{"@context":"https:\/\/schema.org","@graph":[{"@type":"WebPage","@id":"https:\/\/cabellonews.com\/?p=746","url":"https:\/\/cabellonews.com\/?p=746","name":"Promueve SEBIEN cuidado y adopci\u00f3n responsable de mascotas - cabellonews.com","isPartOf":{"@id":"https:\/\/cabellonews.com\/#website"},"datePublished":"2023-12-05T23:31:30+00:00","dateModified":"2023-12-10T18:40:44+00:00","author":{"@id":"https:\/\/cabellonews.com\/#\/schema\/person\/7afe73bafa6cc5a24fd4c67dfd4379d8"},"breadcrumb":{"@id":"https:\/\/cabellonews.com\/?p=746#breadcrumb"},"inLanguage":"en-US","potentialAction":[{"@type":"ReadAction","target":["https:\/\/cabellonews.com\/?p=746"]}]},{"@type":"BreadcrumbList","@id":"https:\/\/cabellonews.com\/?p=746#breadcrumb","itemListElement":[{"@type":"ListItem","position":1,"name":"Inicio","item":"https:\/\/cabellonews.com\/"},{"@type":"ListItem","position":2,"name":"Promueve SEBIEN cuidado y adopci\u00f3n responsable de mascotas"}]},{"@type":"WebSite","@id":"https:\/\/cabellonews.com\/#website","url":"https:\/\/cabellonews.com\/","name":"cabellonews.com","description":"Con Cobertura En Tamaulipas Y norte de Veracruz","potentialAction":[{"@type":"SearchAction","target":{"@type":"EntryPoint","urlTemplate":"https:\/\/cabellonews.com\/?s={search_term_string}"},"query-input":"required name=search_term_string"}],"inLanguage":"en-US"},{"@type":"Person","@id":"https:\/\/cabellonews.com\/#\/schema\/person\/7afe73bafa6cc5a24fd4c67dfd4379d8","name":"cabellonews.com","image":{"@type":"ImageObject","inLanguage":"en-US","@id":"https:\/\/cabellonews.com\/#\/schema\/person\/image\/","url":"https:\/\/secure.gravatar.com\/avatar\/8d6324fc2806389aad4cd38639618406?s=96&d=mm&r=g","contentUrl":"https:\/\/secure.gravatar.com\/avatar\/8d6324fc2806389aad4cd38639618406?s=96&d=mm&r=g","caption":"cabellonews.com"},"sameAs":["http:\/\/cabellonews.com"],"url":"https:\/\/cabellonews.com\/?author=1"}]}},"_links":{"self":[{"href":"https:\/\/cabellonews.com\/index.php?rest_route=\/wp\/v2\/posts\/746"}],"collection":[{"href":"https:\/\/cabellonews.com\/index.php?rest_route=\/wp\/v2\/posts"}],"about":[{"href":"https:\/\/cabellonews.com\/index.php?rest_route=\/wp\/v2\/types\/post"}],"author":[{"embeddable":true,"href":"https:\/\/cabellonews.com\/index.php?rest_route=\/wp\/v2\/users\/1"}],"replies":[{"embeddable":true,"href":"https:\/\/cabellonews.com\/index.php?rest_route=%2Fwp%2Fv2%2Fcomments&post=746"}],"version-history":[{"count":1,"href":"https:\/\/cabellonews.com\/index.php?rest_route=\/wp\/v2\/posts\/746\/revisions"}],"predecessor-version":[{"id":748,"href":"https:\/\/cabellonews.com\/index.php?rest_route=\/wp\/v2\/posts\/746\/revisions\/748"}],"wp:featuredmedia":[{"embeddable":true,"href":"https:\/\/cabellonews.com\/index.php?rest_route=\/wp\/v2\/media\/747"}],"wp:attachment":[{"href":"https:\/\/cabellonews.com\/index.php?rest_route=%2Fwp%2Fv2%2Fmedia&parent=746"}],"wp:term":[{"taxonomy":"category","embeddable":true,"href":"https:\/\/cabellonews.com\/index.php?rest_route=%2Fwp%2Fv2%2Fcategories&post=746"},{"taxonomy":"post_tag","embeddable":true,"href":"https:\/\/cabellonews.com\/index.php?rest_route=%2Fwp%2Fv2%2Ftags&post=746"}],"curies":[{"name":"wp","href":"https:\/\/api.w.org\/{rel}","templated":true}]}}