{"id":740,"date":"2023-12-03T22:33:27","date_gmt":"2023-12-03T22:33:27","guid":{"rendered":"https:\/\/cabellonews.com\/?p=740"},"modified":"2023-12-10T18:05:10","modified_gmt":"2023-12-10T18:05:10","slug":"con-el-espiritu-de-la-navidad-construyamos-juntos-una-mejor-sociedad-gobernador","status":"publish","type":"post","link":"https:\/\/cabellonews.com\/?p=740","title":{"rendered":"Con el esp\u00edritu de la navidad construyamos juntos una mejor sociedad: Gobernador"},"content":{"rendered":"\n<p>-Encienden Am\u00e9rico y Mar\u00eda el tradicional pino, en una emotiva celebraci\u00f3n que marca el inicio de las festividades de fin de a\u00f1o<\/p>\n\n\n\n<p>Diciembre 03 de 2023<\/p>\n\n\n\n<p>Ciudad Victoria, Tamaulipas.- El gobernador Am\u00e9rico Villarreal Anaya y la presidenta del DIF Tamaulipas, doctora Mar\u00eda de Villarreal, presidieron este domingo el encendido del pino navide\u00f1o y de la primera vela de adviento, en una emotiva fiesta que marca el inicio de las celebraciones navide\u00f1as y de fin de a\u00f1o en nuestro estado.<\/p>\n\n\n\n<p>Luego de escuchar la explicaci\u00f3n de lo que representa el encendido de la primera vela de adviento, por parte del obispo monse\u00f1or Oscar Tamez Villarreal, el gobernador invit\u00f3 a las familias reunidas en la Plaza Ju\u00e1rez de esta capital a disfrutar de la temporada navide\u00f1a y compartir con sus seres queridos una \u00e9poca de prosperidad y bienestar.<\/p>\n\n\n\n<p>&#8220;Yo los conmino y les pido su apoyo para que sigamos construyendo juntos con este esp\u00edritu de esta Navidad, el que tengamos cada vez una mejor sociedad y que en este momento a nuestra juventud le podemos brindar que conserve en su memoria este momento y este espacio y si lo logramos habremos cumplido nuestro cometido&#8221;, dijo.<\/p>\n\n\n\n<p>&#8220;Todo mundo conjuntamos nuestros deseos de prosperidad, de bienestar, que el pr\u00f3jimo y que nuestros seres queridos se encuentren en una condici\u00f3n de felicidad y, sobre todo, enfocados a lo m\u00e1s preciado y m\u00e1s bello que tenemos, que son nuestra ni\u00f1as, nuestros ni\u00f1os, nuestros j\u00f3venes&#8221;, expres\u00f3.<\/p>\n\n\n\n<p>Con la ayuda de todos los presentes y tras realizar el respectivo conteo, lleg\u00f3 el momento esperado y se encendieron todas las luces que adornan el majestuoso pino navide\u00f1o de 16 metros de altura y la Villa Navide\u00f1a.<\/p>\n\n\n\n<p>Este a\u00f1o, la espectacular Villa Navide\u00f1a, dise\u00f1ada por artesanos tamaulipecos en la Plaza Ju\u00e1rez, es interactiva y cuenta con elementos especiales como cascadas y dos estanques con peces (tilapia roja) ubicados a un costado de las escalinatas que conducen al pesebre, en el centro del p\u00f3rtico principal de Palacio de Gobierno, enmarcado por un cielo estrellado y grecas tamaulipecas.<\/p>\n\n\n\n<p>Adem\u00e1s, una majestuosa estrella de Bel\u00e9n ilumina el escenario principal y al bajar de la escalinata se represent\u00f3 a los pastores, en medio de un bosque con pinos mexicanos.<\/p>\n\n\n\n<p>Para alimentar a los peces, se colocaron dos dispensadores para que los ni\u00f1os puedan interactuar y disfrutar su visita a la Villa.<\/p>\n\n\n\n<p>Como parte de esta fiesta, los asistentes saborearon del tradicional champurrado, acompa\u00f1ado con piezas de pan y dulces para todos los ni\u00f1os y ni\u00f1as.<\/p>\n\n\n\n<p>El gobernador estuvo acompa\u00f1ado por el presidente municipal de Victoria, Eduardo Gatt\u00e1s B\u00e1ez y su esposa Luc\u00eda Rodr\u00edguez de Gatt\u00e1s; el rector de la Universidad Aut\u00f3noma de Tamaulipas, D\u00e1maso Anaya Alvarado; el secretario general de Gobierno, H\u00e9ctor Joel Villegas Gonz\u00e1lez; Adriana Lozano Rodr\u00edguez, secretaria de Finanzas; Jes\u00fas Lav\u00edn Ver\u00e1stegui, secretario de Administraci\u00f3n; Olga Patricia Sosa Ru\u00edz, secretaria del Trabajo y Previsi\u00f3n Social y Luis Lauro Reyes Rodr\u00edguez, delegado federal de Programas para el Bienestar en Tamaulipas.<\/p>\n\n\n<figure class=\"wp-block-post-featured-image\"><img width=\"240\" height=\"172\" src=\"https:\/\/cabellonews.com\/wp-content\/uploads\/2023\/12\/a30d575e-5a39-4a3f-84c6-d24d4c7579e7-240x172.jpeg\" class=\"attachment-post-thumbnail size-post-thumbnail wp-post-image\" alt=\"\" decoding=\"async\" loading=\"lazy\" \/><\/figure>\n\n\n<pre class=\"wp-block-code\"><code>      *     *     *<\/code><\/pre>\n","protected":false},"excerpt":{"rendered":"<p>-Encienden Am\u00e9rico y Mar\u00eda el tradicional pino, en una emotiva celebraci\u00f3n que marca el inicio de las festividades de fin de a\u00f1o Diciembre 03 de 2023 Ciudad Victoria, Tamaulipas.- El gobernador Am\u00e9rico Villarreal Anaya y la presidenta del DIF Tamaulipas, doctora Mar\u00eda de Villarreal, presidieron este domingo el encendido del pino navide\u00f1o y de la primera vela de adviento, en una emotiva fiesta que marca el inicio de las celebraciones navide\u00f1as y de fin de a\u00f1o en nuestro estado. Luego de escuchar la explicaci\u00f3n de lo que representa el encendido&hellip;<\/p>\n","protected":false},"author":1,"featured_media":741,"comment_status":"open","ping_status":"open","sticky":false,"template":"","format":"standard","meta":[],"categories":[1],"tags":[],"gutentor_comment":0,"yoast_head":"<!-- This site is optimized with the Yoast SEO plugin v20.10 - https:\/\/yoast.com\/wordpress\/plugins\/seo\/ -->\n<title>Con el esp\u00edritu de la navidad construyamos juntos una mejor sociedad: Gobernador - cabellonews.com<\/title>\n<meta name=\"robots\" content=\"index, follow, max-snippet:-1, max-image-preview:large, max-video-preview:-1\" \/>\n<link rel=\"canonical\" href=\"https:\/\/cabellonews.com\/?p=740\" \/>\n<meta property=\"og:locale\" content=\"en_US\" \/>\n<meta property=\"og:type\" content=\"article\" \/>\n<meta property=\"og:title\" content=\"Con el esp\u00edritu de la navidad construyamos juntos una mejor sociedad: Gobernador - cabellonews.com\" \/>\n<meta property=\"og:description\" content=\"-Encienden Am\u00e9rico y Mar\u00eda el tradicional pino, en una emotiva celebraci\u00f3n que marca el inicio de las festividades de fin de a\u00f1o Diciembre 03 de 2023 Ciudad Victoria, Tamaulipas.- El gobernador Am\u00e9rico Villarreal Anaya y la presidenta del DIF Tamaulipas, doctora Mar\u00eda de Villarreal, presidieron este domingo el encendido del pino navide\u00f1o y de la primera vela de adviento, en una emotiva fiesta que marca el inicio de las celebraciones navide\u00f1as y de fin de a\u00f1o en nuestro estado. Luego de escuchar la explicaci\u00f3n de lo que representa el encendido&hellip;\" \/>\n<meta property=\"og:url\" content=\"https:\/\/cabellonews.com\/?p=740\" \/>\n<meta property=\"og:site_name\" content=\"cabellonews.com\" \/>\n<meta property=\"article:published_time\" content=\"2023-12-03T22:33:27+00:00\" \/>\n<meta property=\"article:modified_time\" content=\"2023-12-10T18:05:10+00:00\" \/>\n<meta property=\"og:image\" content=\"http:\/\/cabellonews.com\/wp-content\/uploads\/2023\/12\/a30d575e-5a39-4a3f-84c6-d24d4c7579e7.jpeg\" \/>\n\t<meta property=\"og:image:width\" content=\"1600\" \/>\n\t<meta property=\"og:image:height\" content=\"1066\" \/>\n\t<meta property=\"og:image:type\" content=\"image\/jpeg\" \/>\n<meta name=\"author\" content=\"cabellonews.com\" \/>\n<meta name=\"twitter:card\" content=\"summary_large_image\" \/>\n<meta name=\"twitter:label1\" content=\"Written by\" \/>\n\t<meta name=\"twitter:data1\" content=\"cabellonews.com\" \/>\n\t<meta name=\"twitter:label2\" content=\"Est. reading time\" \/>\n\t<meta name=\"twitter:data2\" content=\"3 minutes\" \/>\n<script type=\"application\/ld+json\" class=\"yoast-schema-graph\">{\"@context\":\"https:\/\/schema.org\",\"@graph\":[{\"@type\":\"WebPage\",\"@id\":\"https:\/\/cabellonews.com\/?p=740\",\"url\":\"https:\/\/cabellonews.com\/?p=740\",\"name\":\"Con el esp\u00edritu de la navidad construyamos juntos una mejor sociedad: Gobernador - cabellonews.com\",\"isPartOf\":{\"@id\":\"https:\/\/cabellonews.com\/#website\"},\"datePublished\":\"2023-12-03T22:33:27+00:00\",\"dateModified\":\"2023-12-10T18:05:10+00:00\",\"author\":{\"@id\":\"https:\/\/cabellonews.com\/#\/schema\/person\/7afe73bafa6cc5a24fd4c67dfd4379d8\"},\"breadcrumb\":{\"@id\":\"https:\/\/cabellonews.com\/?p=740#breadcrumb\"},\"inLanguage\":\"en-US\",\"potentialAction\":[{\"@type\":\"ReadAction\",\"target\":[\"https:\/\/cabellonews.com\/?p=740\"]}]},{\"@type\":\"BreadcrumbList\",\"@id\":\"https:\/\/cabellonews.com\/?p=740#breadcrumb\",\"itemListElement\":[{\"@type\":\"ListItem\",\"position\":1,\"name\":\"Inicio\",\"item\":\"https:\/\/cabellonews.com\/\"},{\"@type\":\"ListItem\",\"position\":2,\"name\":\"Con el esp\u00edritu de la navidad construyamos juntos una mejor sociedad: Gobernador\"}]},{\"@type\":\"WebSite\",\"@id\":\"https:\/\/cabellonews.com\/#website\",\"url\":\"https:\/\/cabellonews.com\/\",\"name\":\"cabellonews.com\",\"description\":\"Con Cobertura En Tamaulipas Y norte de Veracruz\",\"potentialAction\":[{\"@type\":\"SearchAction\",\"target\":{\"@type\":\"EntryPoint\",\"urlTemplate\":\"https:\/\/cabellonews.com\/?s={search_term_string}\"},\"query-input\":\"required name=search_term_string\"}],\"inLanguage\":\"en-US\"},{\"@type\":\"Person\",\"@id\":\"https:\/\/cabellonews.com\/#\/schema\/person\/7afe73bafa6cc5a24fd4c67dfd4379d8\",\"name\":\"cabellonews.com\",\"image\":{\"@type\":\"ImageObject\",\"inLanguage\":\"en-US\",\"@id\":\"https:\/\/cabellonews.com\/#\/schema\/person\/image\/\",\"url\":\"https:\/\/secure.gravatar.com\/avatar\/8d6324fc2806389aad4cd38639618406?s=96&d=mm&r=g\",\"contentUrl\":\"https:\/\/secure.gravatar.com\/avatar\/8d6324fc2806389aad4cd38639618406?s=96&d=mm&r=g\",\"caption\":\"cabellonews.com\"},\"sameAs\":[\"http:\/\/cabellonews.com\"],\"url\":\"https:\/\/cabellonews.com\/?author=1\"}]}<\/script>\n<!-- \/ Yoast SEO plugin. -->","yoast_head_json":{"title":"Con el esp\u00edritu de la navidad construyamos juntos una mejor sociedad: Gobernador - cabellonews.com","robots":{"index":"index","follow":"follow","max-snippet":"max-snippet:-1","max-image-preview":"max-image-preview:large","max-video-preview":"max-video-preview:-1"},"canonical":"https:\/\/cabellonews.com\/?p=740","og_locale":"en_US","og_type":"article","og_title":"Con el esp\u00edritu de la navidad construyamos juntos una mejor sociedad: Gobernador - cabellonews.com","og_description":"-Encienden Am\u00e9rico y Mar\u00eda el tradicional pino, en una emotiva celebraci\u00f3n que marca el inicio de las festividades de fin de a\u00f1o Diciembre 03 de 2023 Ciudad Victoria, Tamaulipas.- El gobernador Am\u00e9rico Villarreal Anaya y la presidenta del DIF Tamaulipas, doctora Mar\u00eda de Villarreal, presidieron este domingo el encendido del pino navide\u00f1o y de la primera vela de adviento, en una emotiva fiesta que marca el inicio de las celebraciones navide\u00f1as y de fin de a\u00f1o en nuestro estado. Luego de escuchar la explicaci\u00f3n de lo que representa el encendido&hellip;","og_url":"https:\/\/cabellonews.com\/?p=740","og_site_name":"cabellonews.com","article_published_time":"2023-12-03T22:33:27+00:00","article_modified_time":"2023-12-10T18:05:10+00:00","og_image":[{"width":1600,"height":1066,"url":"http:\/\/cabellonews.com\/wp-content\/uploads\/2023\/12\/a30d575e-5a39-4a3f-84c6-d24d4c7579e7.jpeg","type":"image\/jpeg"}],"author":"cabellonews.com","twitter_card":"summary_large_image","twitter_misc":{"Written by":"cabellonews.com","Est. reading time":"3 minutes"},"schema":{"@context":"https:\/\/schema.org","@graph":[{"@type":"WebPage","@id":"https:\/\/cabellonews.com\/?p=740","url":"https:\/\/cabellonews.com\/?p=740","name":"Con el esp\u00edritu de la navidad construyamos juntos una mejor sociedad: Gobernador - cabellonews.com","isPartOf":{"@id":"https:\/\/cabellonews.com\/#website"},"datePublished":"2023-12-03T22:33:27+00:00","dateModified":"2023-12-10T18:05:10+00:00","author":{"@id":"https:\/\/cabellonews.com\/#\/schema\/person\/7afe73bafa6cc5a24fd4c67dfd4379d8"},"breadcrumb":{"@id":"https:\/\/cabellonews.com\/?p=740#breadcrumb"},"inLanguage":"en-US","potentialAction":[{"@type":"ReadAction","target":["https:\/\/cabellonews.com\/?p=740"]}]},{"@type":"BreadcrumbList","@id":"https:\/\/cabellonews.com\/?p=740#breadcrumb","itemListElement":[{"@type":"ListItem","position":1,"name":"Inicio","item":"https:\/\/cabellonews.com\/"},{"@type":"ListItem","position":2,"name":"Con el esp\u00edritu de la navidad construyamos juntos una mejor sociedad: Gobernador"}]},{"@type":"WebSite","@id":"https:\/\/cabellonews.com\/#website","url":"https:\/\/cabellonews.com\/","name":"cabellonews.com","description":"Con Cobertura En Tamaulipas Y norte de Veracruz","potentialAction":[{"@type":"SearchAction","target":{"@type":"EntryPoint","urlTemplate":"https:\/\/cabellonews.com\/?s={search_term_string}"},"query-input":"required name=search_term_string"}],"inLanguage":"en-US"},{"@type":"Person","@id":"https:\/\/cabellonews.com\/#\/schema\/person\/7afe73bafa6cc5a24fd4c67dfd4379d8","name":"cabellonews.com","image":{"@type":"ImageObject","inLanguage":"en-US","@id":"https:\/\/cabellonews.com\/#\/schema\/person\/image\/","url":"https:\/\/secure.gravatar.com\/avatar\/8d6324fc2806389aad4cd38639618406?s=96&d=mm&r=g","contentUrl":"https:\/\/secure.gravatar.com\/avatar\/8d6324fc2806389aad4cd38639618406?s=96&d=mm&r=g","caption":"cabellonews.com"},"sameAs":["http:\/\/cabellonews.com"],"url":"https:\/\/cabellonews.com\/?author=1"}]}},"_links":{"self":[{"href":"https:\/\/cabellonews.com\/index.php?rest_route=\/wp\/v2\/posts\/740"}],"collection":[{"href":"https:\/\/cabellonews.com\/index.php?rest_route=\/wp\/v2\/posts"}],"about":[{"href":"https:\/\/cabellonews.com\/index.php?rest_route=\/wp\/v2\/types\/post"}],"author":[{"embeddable":true,"href":"https:\/\/cabellonews.com\/index.php?rest_route=\/wp\/v2\/users\/1"}],"replies":[{"embeddable":true,"href":"https:\/\/cabellonews.com\/index.php?rest_route=%2Fwp%2Fv2%2Fcomments&post=740"}],"version-history":[{"count":1,"href":"https:\/\/cabellonews.com\/index.php?rest_route=\/wp\/v2\/posts\/740\/revisions"}],"predecessor-version":[{"id":742,"href":"https:\/\/cabellonews.com\/index.php?rest_route=\/wp\/v2\/posts\/740\/revisions\/742"}],"wp:featuredmedia":[{"embeddable":true,"href":"https:\/\/cabellonews.com\/index.php?rest_route=\/wp\/v2\/media\/741"}],"wp:attachment":[{"href":"https:\/\/cabellonews.com\/index.php?rest_route=%2Fwp%2Fv2%2Fmedia&parent=740"}],"wp:term":[{"taxonomy":"category","embeddable":true,"href":"https:\/\/cabellonews.com\/index.php?rest_route=%2Fwp%2Fv2%2Fcategories&post=740"},{"taxonomy":"post_tag","embeddable":true,"href":"https:\/\/cabellonews.com\/index.php?rest_route=%2Fwp%2Fv2%2Ftags&post=740"}],"curies":[{"name":"wp","href":"https:\/\/api.w.org\/{rel}","templated":true}]}}