{"id":737,"date":"2023-12-02T19:23:02","date_gmt":"2023-12-02T19:23:02","guid":{"rendered":"https:\/\/cabellonews.com\/?p=737"},"modified":"2023-12-10T17:57:01","modified_gmt":"2023-12-10T17:57:01","slug":"premia-sebien-a-ganadores-del-concurso-estatal-cultura-mexicana-como-un-derecho-humano","status":"publish","type":"post","link":"https:\/\/cabellonews.com\/?p=737","title":{"rendered":"Premia SEBIEN a ganadores del Concurso Estatal &#8220;Cultura Mexicana como un Derecho Humano&#8221;"},"content":{"rendered":"\n<p>-J\u00f3venes destacados se llevan los honores en la primera edici\u00f3n del certamen<\/p>\n\n\n\n<p>Diciembre 02 de 2023<\/p>\n\n\n\n<p>Ciudad Victoria, Tamaulipas.- El Gobierno del Estado de Tamaulipas, que encabeza Am\u00e9rico Villarreal Anaya a trav\u00e9s de la Secretar\u00eda de Bienestar Social, en colaboraci\u00f3n con la Subsecretar\u00eda de Derechos Humanos y Articulaci\u00f3n Social, llev\u00f3 a cabo la premiaci\u00f3n y entrega de reconocimientos del Primer Concurso Estatal de Oratoria &#8220;Cultura Mexicana como un Derecho Humano&#8221;.<\/p>\n\n\n\n<p>El evento, realizado de forma virtual, cont\u00f3 con la destacada participaci\u00f3n de m\u00e1s de treinta j\u00f3venes provenientes de las tres regiones del estado: norte, centro y sur.<\/p>\n\n\n\n<p>Diversas autoridades estuvieron presentes en esta ocasi\u00f3n, entre ellas, Dania Itzel Rodr\u00edguez Zamarr\u00f3n, subsecretaria de Bienestar Social, quien represent\u00f3 a la titular de Bienestar Social del estado.<\/p>\n\n\n\n<p>&#8220;Este concurso refleja el compromiso del gobierno estatal con el desarrollo integral de la juventud y la promoci\u00f3n de sus derechos humanos\u201d, expres\u00f3 Rodr\u00edguez Zamarr\u00f3n al compartir el mensaje de la titular de SEBIEN.<\/p>\n\n\n\n<p>\u201cFelicitamos a todos los participantes por su dedicaci\u00f3n y a los ganadores por destacarse en esta celebraci\u00f3n de la cultura mexicana&#8221;, finaliz\u00f3 la subsecretaria.<\/p>\n\n\n\n<p>Tambi\u00e9n se cont\u00f3 con la participaci\u00f3n de Esteban Etienne Ru\u00edz, subsecretario de Derechos Humanos y Articulaci\u00f3n Social, y otros representantes del gobierno estatal.<\/p>\n\n\n\n<p>Durante el evento, se entregaron reconocimientos a todos los participantes, reconociendo su contribuci\u00f3n al certamen.<\/p>\n\n\n\n<p>El jurado calificador, integrado por expertos en la materia, desempe\u00f1\u00f3 una labor fundamental para determinar a los ganadores en cada categor\u00eda.<\/p>\n\n\n\n<p>En la Categor\u00eda &#8220;A&#8221; (de 12 a 17 a\u00f1os) el tercer lugar, lo obtuvo Nicol Maleny Rivaz V\u00e1zquez, del municipio de G\u00f3mez Far\u00edas; el segundo lugar fue de Muriel Guadalupe Salazar Pi\u00f1a, de Ciudad Victoria; mientras que el primer lugar lo acredit\u00f3 Juan de Dios Rivera V\u00e1zquez, de Nuevo Laredo.<\/p>\n\n\n\n<p>En la Categor\u00eda &#8220;B&#8221; (de 18 a 29 a\u00f1os), se destacaron Kevin Mata Lim\u00f3n, de Ciudad Victoria, obteniendo el tercer lugar; Carolina Romo Plancarte, de Nuevo Laredo, recibiendo el segundo lugar y por \u00faltimo, V\u00edctor Aurelio Casanova Gonz\u00e1lez, de Ciudad Madero, el ganador del primer lugar.<\/p>\n\n\n\n<p>Los discursistas ganadores tuvieron la oportunidad de compartir sus reflexiones, destacando la relevancia cultural del D\u00eda de Muertos en M\u00e9xico.<\/p>\n\n\n\n<p>El evento concluy\u00f3 con un llamado a seguir promoviendo los derechos humanos a trav\u00e9s de la libertad de expresi\u00f3n y con un agradecimiento a todos los presentes por su participaci\u00f3n.<\/p>\n\n\n<figure class=\"wp-block-post-featured-image\"><img width=\"240\" height=\"172\" src=\"https:\/\/cabellonews.com\/wp-content\/uploads\/2023\/12\/c7da3b30-ade2-485d-bfd9-343196abe4f1-240x172.jpeg\" class=\"attachment-post-thumbnail size-post-thumbnail wp-post-image\" alt=\"\" decoding=\"async\" loading=\"lazy\" \/><\/figure>\n\n\n<pre class=\"wp-block-code\"><code>    *    *    *<\/code><\/pre>\n","protected":false},"excerpt":{"rendered":"<p>-J\u00f3venes destacados se llevan los honores en la primera edici\u00f3n del certamen Diciembre 02 de 2023 Ciudad Victoria, Tamaulipas.- El Gobierno del Estado de Tamaulipas, que encabeza Am\u00e9rico Villarreal Anaya a trav\u00e9s de la Secretar\u00eda de Bienestar Social, en colaboraci\u00f3n con la Subsecretar\u00eda de Derechos Humanos y Articulaci\u00f3n Social, llev\u00f3 a cabo la premiaci\u00f3n y entrega de reconocimientos del Primer Concurso Estatal de Oratoria &#8220;Cultura Mexicana como un Derecho Humano&#8221;. El evento, realizado de forma virtual, cont\u00f3 con la destacada participaci\u00f3n de m\u00e1s de treinta j\u00f3venes provenientes de las tres&hellip;<\/p>\n","protected":false},"author":1,"featured_media":738,"comment_status":"open","ping_status":"open","sticky":false,"template":"","format":"standard","meta":[],"categories":[1],"tags":[],"gutentor_comment":0,"yoast_head":"<!-- This site is optimized with the Yoast SEO plugin v20.10 - https:\/\/yoast.com\/wordpress\/plugins\/seo\/ -->\n<title>Premia SEBIEN a ganadores del Concurso Estatal &quot;Cultura Mexicana como un Derecho Humano&quot; - cabellonews.com<\/title>\n<meta name=\"robots\" content=\"index, follow, max-snippet:-1, max-image-preview:large, max-video-preview:-1\" \/>\n<link rel=\"canonical\" href=\"https:\/\/cabellonews.com\/?p=737\" \/>\n<meta property=\"og:locale\" content=\"en_US\" \/>\n<meta property=\"og:type\" content=\"article\" \/>\n<meta property=\"og:title\" content=\"Premia SEBIEN a ganadores del Concurso Estatal &quot;Cultura Mexicana como un Derecho Humano&quot; - cabellonews.com\" \/>\n<meta property=\"og:description\" content=\"-J\u00f3venes destacados se llevan los honores en la primera edici\u00f3n del certamen Diciembre 02 de 2023 Ciudad Victoria, Tamaulipas.- El Gobierno del Estado de Tamaulipas, que encabeza Am\u00e9rico Villarreal Anaya a trav\u00e9s de la Secretar\u00eda de Bienestar Social, en colaboraci\u00f3n con la Subsecretar\u00eda de Derechos Humanos y Articulaci\u00f3n Social, llev\u00f3 a cabo la premiaci\u00f3n y entrega de reconocimientos del Primer Concurso Estatal de Oratoria &#8220;Cultura Mexicana como un Derecho Humano&#8221;. El evento, realizado de forma virtual, cont\u00f3 con la destacada participaci\u00f3n de m\u00e1s de treinta j\u00f3venes provenientes de las tres&hellip;\" \/>\n<meta property=\"og:url\" content=\"https:\/\/cabellonews.com\/?p=737\" \/>\n<meta property=\"og:site_name\" content=\"cabellonews.com\" \/>\n<meta property=\"article:published_time\" content=\"2023-12-02T19:23:02+00:00\" \/>\n<meta property=\"article:modified_time\" content=\"2023-12-10T17:57:01+00:00\" \/>\n<meta property=\"og:image\" content=\"http:\/\/cabellonews.com\/wp-content\/uploads\/2023\/12\/c7da3b30-ade2-485d-bfd9-343196abe4f1.jpeg\" \/>\n\t<meta property=\"og:image:width\" content=\"1296\" \/>\n\t<meta property=\"og:image:height\" content=\"864\" \/>\n\t<meta property=\"og:image:type\" content=\"image\/jpeg\" \/>\n<meta name=\"author\" content=\"cabellonews.com\" \/>\n<meta name=\"twitter:card\" content=\"summary_large_image\" \/>\n<meta name=\"twitter:label1\" content=\"Written by\" \/>\n\t<meta name=\"twitter:data1\" content=\"cabellonews.com\" \/>\n\t<meta name=\"twitter:label2\" content=\"Est. reading time\" \/>\n\t<meta name=\"twitter:data2\" content=\"2 minutes\" \/>\n<script type=\"application\/ld+json\" class=\"yoast-schema-graph\">{\"@context\":\"https:\/\/schema.org\",\"@graph\":[{\"@type\":\"WebPage\",\"@id\":\"https:\/\/cabellonews.com\/?p=737\",\"url\":\"https:\/\/cabellonews.com\/?p=737\",\"name\":\"Premia SEBIEN a ganadores del Concurso Estatal \\\"Cultura Mexicana como un Derecho Humano\\\" - cabellonews.com\",\"isPartOf\":{\"@id\":\"https:\/\/cabellonews.com\/#website\"},\"datePublished\":\"2023-12-02T19:23:02+00:00\",\"dateModified\":\"2023-12-10T17:57:01+00:00\",\"author\":{\"@id\":\"https:\/\/cabellonews.com\/#\/schema\/person\/7afe73bafa6cc5a24fd4c67dfd4379d8\"},\"breadcrumb\":{\"@id\":\"https:\/\/cabellonews.com\/?p=737#breadcrumb\"},\"inLanguage\":\"en-US\",\"potentialAction\":[{\"@type\":\"ReadAction\",\"target\":[\"https:\/\/cabellonews.com\/?p=737\"]}]},{\"@type\":\"BreadcrumbList\",\"@id\":\"https:\/\/cabellonews.com\/?p=737#breadcrumb\",\"itemListElement\":[{\"@type\":\"ListItem\",\"position\":1,\"name\":\"Inicio\",\"item\":\"https:\/\/cabellonews.com\/\"},{\"@type\":\"ListItem\",\"position\":2,\"name\":\"Premia SEBIEN a ganadores del Concurso Estatal &#8220;Cultura Mexicana como un Derecho Humano&#8221;\"}]},{\"@type\":\"WebSite\",\"@id\":\"https:\/\/cabellonews.com\/#website\",\"url\":\"https:\/\/cabellonews.com\/\",\"name\":\"cabellonews.com\",\"description\":\"Con Cobertura En Tamaulipas Y norte de Veracruz\",\"potentialAction\":[{\"@type\":\"SearchAction\",\"target\":{\"@type\":\"EntryPoint\",\"urlTemplate\":\"https:\/\/cabellonews.com\/?s={search_term_string}\"},\"query-input\":\"required name=search_term_string\"}],\"inLanguage\":\"en-US\"},{\"@type\":\"Person\",\"@id\":\"https:\/\/cabellonews.com\/#\/schema\/person\/7afe73bafa6cc5a24fd4c67dfd4379d8\",\"name\":\"cabellonews.com\",\"image\":{\"@type\":\"ImageObject\",\"inLanguage\":\"en-US\",\"@id\":\"https:\/\/cabellonews.com\/#\/schema\/person\/image\/\",\"url\":\"https:\/\/secure.gravatar.com\/avatar\/8d6324fc2806389aad4cd38639618406?s=96&d=mm&r=g\",\"contentUrl\":\"https:\/\/secure.gravatar.com\/avatar\/8d6324fc2806389aad4cd38639618406?s=96&d=mm&r=g\",\"caption\":\"cabellonews.com\"},\"sameAs\":[\"http:\/\/cabellonews.com\"],\"url\":\"https:\/\/cabellonews.com\/?author=1\"}]}<\/script>\n<!-- \/ Yoast SEO plugin. -->","yoast_head_json":{"title":"Premia SEBIEN a ganadores del Concurso Estatal \"Cultura Mexicana como un Derecho Humano\" - cabellonews.com","robots":{"index":"index","follow":"follow","max-snippet":"max-snippet:-1","max-image-preview":"max-image-preview:large","max-video-preview":"max-video-preview:-1"},"canonical":"https:\/\/cabellonews.com\/?p=737","og_locale":"en_US","og_type":"article","og_title":"Premia SEBIEN a ganadores del Concurso Estatal \"Cultura Mexicana como un Derecho Humano\" - cabellonews.com","og_description":"-J\u00f3venes destacados se llevan los honores en la primera edici\u00f3n del certamen Diciembre 02 de 2023 Ciudad Victoria, Tamaulipas.- El Gobierno del Estado de Tamaulipas, que encabeza Am\u00e9rico Villarreal Anaya a trav\u00e9s de la Secretar\u00eda de Bienestar Social, en colaboraci\u00f3n con la Subsecretar\u00eda de Derechos Humanos y Articulaci\u00f3n Social, llev\u00f3 a cabo la premiaci\u00f3n y entrega de reconocimientos del Primer Concurso Estatal de Oratoria &#8220;Cultura Mexicana como un Derecho Humano&#8221;. El evento, realizado de forma virtual, cont\u00f3 con la destacada participaci\u00f3n de m\u00e1s de treinta j\u00f3venes provenientes de las tres&hellip;","og_url":"https:\/\/cabellonews.com\/?p=737","og_site_name":"cabellonews.com","article_published_time":"2023-12-02T19:23:02+00:00","article_modified_time":"2023-12-10T17:57:01+00:00","og_image":[{"width":1296,"height":864,"url":"http:\/\/cabellonews.com\/wp-content\/uploads\/2023\/12\/c7da3b30-ade2-485d-bfd9-343196abe4f1.jpeg","type":"image\/jpeg"}],"author":"cabellonews.com","twitter_card":"summary_large_image","twitter_misc":{"Written by":"cabellonews.com","Est. reading time":"2 minutes"},"schema":{"@context":"https:\/\/schema.org","@graph":[{"@type":"WebPage","@id":"https:\/\/cabellonews.com\/?p=737","url":"https:\/\/cabellonews.com\/?p=737","name":"Premia SEBIEN a ganadores del Concurso Estatal \"Cultura Mexicana como un Derecho Humano\" - cabellonews.com","isPartOf":{"@id":"https:\/\/cabellonews.com\/#website"},"datePublished":"2023-12-02T19:23:02+00:00","dateModified":"2023-12-10T17:57:01+00:00","author":{"@id":"https:\/\/cabellonews.com\/#\/schema\/person\/7afe73bafa6cc5a24fd4c67dfd4379d8"},"breadcrumb":{"@id":"https:\/\/cabellonews.com\/?p=737#breadcrumb"},"inLanguage":"en-US","potentialAction":[{"@type":"ReadAction","target":["https:\/\/cabellonews.com\/?p=737"]}]},{"@type":"BreadcrumbList","@id":"https:\/\/cabellonews.com\/?p=737#breadcrumb","itemListElement":[{"@type":"ListItem","position":1,"name":"Inicio","item":"https:\/\/cabellonews.com\/"},{"@type":"ListItem","position":2,"name":"Premia SEBIEN a ganadores del Concurso Estatal &#8220;Cultura Mexicana como un Derecho Humano&#8221;"}]},{"@type":"WebSite","@id":"https:\/\/cabellonews.com\/#website","url":"https:\/\/cabellonews.com\/","name":"cabellonews.com","description":"Con Cobertura En Tamaulipas Y norte de Veracruz","potentialAction":[{"@type":"SearchAction","target":{"@type":"EntryPoint","urlTemplate":"https:\/\/cabellonews.com\/?s={search_term_string}"},"query-input":"required name=search_term_string"}],"inLanguage":"en-US"},{"@type":"Person","@id":"https:\/\/cabellonews.com\/#\/schema\/person\/7afe73bafa6cc5a24fd4c67dfd4379d8","name":"cabellonews.com","image":{"@type":"ImageObject","inLanguage":"en-US","@id":"https:\/\/cabellonews.com\/#\/schema\/person\/image\/","url":"https:\/\/secure.gravatar.com\/avatar\/8d6324fc2806389aad4cd38639618406?s=96&d=mm&r=g","contentUrl":"https:\/\/secure.gravatar.com\/avatar\/8d6324fc2806389aad4cd38639618406?s=96&d=mm&r=g","caption":"cabellonews.com"},"sameAs":["http:\/\/cabellonews.com"],"url":"https:\/\/cabellonews.com\/?author=1"}]}},"_links":{"self":[{"href":"https:\/\/cabellonews.com\/index.php?rest_route=\/wp\/v2\/posts\/737"}],"collection":[{"href":"https:\/\/cabellonews.com\/index.php?rest_route=\/wp\/v2\/posts"}],"about":[{"href":"https:\/\/cabellonews.com\/index.php?rest_route=\/wp\/v2\/types\/post"}],"author":[{"embeddable":true,"href":"https:\/\/cabellonews.com\/index.php?rest_route=\/wp\/v2\/users\/1"}],"replies":[{"embeddable":true,"href":"https:\/\/cabellonews.com\/index.php?rest_route=%2Fwp%2Fv2%2Fcomments&post=737"}],"version-history":[{"count":1,"href":"https:\/\/cabellonews.com\/index.php?rest_route=\/wp\/v2\/posts\/737\/revisions"}],"predecessor-version":[{"id":739,"href":"https:\/\/cabellonews.com\/index.php?rest_route=\/wp\/v2\/posts\/737\/revisions\/739"}],"wp:featuredmedia":[{"embeddable":true,"href":"https:\/\/cabellonews.com\/index.php?rest_route=\/wp\/v2\/media\/738"}],"wp:attachment":[{"href":"https:\/\/cabellonews.com\/index.php?rest_route=%2Fwp%2Fv2%2Fmedia&parent=737"}],"wp:term":[{"taxonomy":"category","embeddable":true,"href":"https:\/\/cabellonews.com\/index.php?rest_route=%2Fwp%2Fv2%2Fcategories&post=737"},{"taxonomy":"post_tag","embeddable":true,"href":"https:\/\/cabellonews.com\/index.php?rest_route=%2Fwp%2Fv2%2Ftags&post=737"}],"curies":[{"name":"wp","href":"https:\/\/api.w.org\/{rel}","templated":true}]}}