{"id":730,"date":"2023-11-29T02:12:40","date_gmt":"2023-11-29T02:12:40","guid":{"rendered":"https:\/\/cabellonews.com\/?p=730"},"modified":"2023-11-30T02:13:31","modified_gmt":"2023-11-30T02:13:31","slug":"presenta-americo-a-la-consul-de-estados-unidos-en-matamoros-grandes-proyectos-en-marcha","status":"publish","type":"post","link":"https:\/\/cabellonews.com\/?p=730","title":{"rendered":"Presenta Am\u00e9rico a la c\u00f3nsul de Estados Unidos en Matamoros grandes proyectos en marcha"},"content":{"rendered":"\n<p>-En reuni\u00f3n de trabajo, el gobernador de Tamaulipas destaca avances en seguridad, migraci\u00f3n, medio ambiente, movilidad y agua<\/p>\n\n\n\n<p>Noviembre 29 de 2023<\/p>\n\n\n\n<p>Ciudad Victoria, Tamaulipas.- El gobernador Am\u00e9rico Villarreal Anaya y la c\u00f3nsul de Estados Unidos en Matamoros, Brianna Powers, sostuvieron este mi\u00e9rcoles una reuni\u00f3n donde acordaron trabajar y colaborar en armon\u00eda para que le vaya bien a Tamaulipas y al vecino pa\u00eds.<\/p>\n\n\n\n<p>Durante el encuentro celebrado en la Casa de Gobierno, el mandatario tamaulipeco expuso a Brianna Powers los proyectos estrat\u00e9gicos que est\u00e1n en marcha en Tamaulipas y que lo colocan como la entidad m\u00e1s atractiva para los inversionistas nacionales y extranjeros.<\/p>\n\n\n\n<p>Durante la reuni\u00f3n se destac\u00f3 el trabajo y los avances que tiene Tamaulipas en seguridad, migraci\u00f3n, medio ambiente, movilidad y agua.<\/p>\n\n\n\n<p>Brianna Powers agradeci\u00f3 la apertura y la hospitalidad del Gobierno de Tamaulipas, con quien dijo, se colaborar\u00e1 muy fuerte para atender demandas de los habitantes de ambos pa\u00edses.<\/p>\n\n\n<figure class=\"wp-block-post-featured-image\"><img width=\"240\" height=\"172\" src=\"https:\/\/cabellonews.com\/wp-content\/uploads\/2023\/11\/7b10ce3a-aed2-4f58-9f3b-a55693366f7e-240x172.jpeg\" class=\"attachment-post-thumbnail size-post-thumbnail wp-post-image\" alt=\"\" decoding=\"async\" loading=\"lazy\" \/><\/figure>\n\n\n<pre class=\"wp-block-code\"><code>     *      *     *<\/code><\/pre>\n","protected":false},"excerpt":{"rendered":"<p>-En reuni\u00f3n de trabajo, el gobernador de Tamaulipas destaca avances en seguridad, migraci\u00f3n, medio ambiente, movilidad y agua Noviembre 29 de 2023 Ciudad Victoria, Tamaulipas.- El gobernador Am\u00e9rico Villarreal Anaya y la c\u00f3nsul de Estados Unidos en Matamoros, Brianna Powers, sostuvieron este mi\u00e9rcoles una reuni\u00f3n donde acordaron trabajar y colaborar en armon\u00eda para que le vaya bien a Tamaulipas y al vecino pa\u00eds. Durante el encuentro celebrado en la Casa de Gobierno, el mandatario tamaulipeco expuso a Brianna Powers los proyectos estrat\u00e9gicos que est\u00e1n en marcha en Tamaulipas y que&hellip;<\/p>\n","protected":false},"author":1,"featured_media":731,"comment_status":"open","ping_status":"open","sticky":false,"template":"","format":"standard","meta":[],"categories":[1],"tags":[],"gutentor_comment":0,"yoast_head":"<!-- This site is optimized with the Yoast SEO plugin v20.10 - https:\/\/yoast.com\/wordpress\/plugins\/seo\/ -->\n<title>Presenta Am\u00e9rico a la c\u00f3nsul de Estados Unidos en Matamoros grandes proyectos en marcha - cabellonews.com<\/title>\n<meta name=\"robots\" content=\"index, follow, max-snippet:-1, max-image-preview:large, max-video-preview:-1\" \/>\n<link rel=\"canonical\" href=\"https:\/\/cabellonews.com\/?p=730\" \/>\n<meta property=\"og:locale\" content=\"en_US\" \/>\n<meta property=\"og:type\" content=\"article\" \/>\n<meta property=\"og:title\" content=\"Presenta Am\u00e9rico a la c\u00f3nsul de Estados Unidos en Matamoros grandes proyectos en marcha - cabellonews.com\" \/>\n<meta property=\"og:description\" content=\"-En reuni\u00f3n de trabajo, el gobernador de Tamaulipas destaca avances en seguridad, migraci\u00f3n, medio ambiente, movilidad y agua Noviembre 29 de 2023 Ciudad Victoria, Tamaulipas.- El gobernador Am\u00e9rico Villarreal Anaya y la c\u00f3nsul de Estados Unidos en Matamoros, Brianna Powers, sostuvieron este mi\u00e9rcoles una reuni\u00f3n donde acordaron trabajar y colaborar en armon\u00eda para que le vaya bien a Tamaulipas y al vecino pa\u00eds. Durante el encuentro celebrado en la Casa de Gobierno, el mandatario tamaulipeco expuso a Brianna Powers los proyectos estrat\u00e9gicos que est\u00e1n en marcha en Tamaulipas y que&hellip;\" \/>\n<meta property=\"og:url\" content=\"https:\/\/cabellonews.com\/?p=730\" \/>\n<meta property=\"og:site_name\" content=\"cabellonews.com\" \/>\n<meta property=\"article:published_time\" content=\"2023-11-29T02:12:40+00:00\" \/>\n<meta property=\"article:modified_time\" content=\"2023-11-30T02:13:31+00:00\" \/>\n<meta property=\"og:image\" content=\"http:\/\/cabellonews.com\/wp-content\/uploads\/2023\/11\/7b10ce3a-aed2-4f58-9f3b-a55693366f7e.jpeg\" \/>\n\t<meta property=\"og:image:width\" content=\"1600\" \/>\n\t<meta property=\"og:image:height\" content=\"1066\" \/>\n\t<meta property=\"og:image:type\" content=\"image\/jpeg\" \/>\n<meta name=\"author\" content=\"cabellonews.com\" \/>\n<meta name=\"twitter:card\" content=\"summary_large_image\" \/>\n<meta name=\"twitter:label1\" content=\"Written by\" \/>\n\t<meta name=\"twitter:data1\" content=\"cabellonews.com\" \/>\n\t<meta name=\"twitter:label2\" content=\"Est. reading time\" \/>\n\t<meta name=\"twitter:data2\" content=\"1 minute\" \/>\n<script type=\"application\/ld+json\" class=\"yoast-schema-graph\">{\"@context\":\"https:\/\/schema.org\",\"@graph\":[{\"@type\":\"WebPage\",\"@id\":\"https:\/\/cabellonews.com\/?p=730\",\"url\":\"https:\/\/cabellonews.com\/?p=730\",\"name\":\"Presenta Am\u00e9rico a la c\u00f3nsul de Estados Unidos en Matamoros grandes proyectos en marcha - cabellonews.com\",\"isPartOf\":{\"@id\":\"https:\/\/cabellonews.com\/#website\"},\"datePublished\":\"2023-11-29T02:12:40+00:00\",\"dateModified\":\"2023-11-30T02:13:31+00:00\",\"author\":{\"@id\":\"https:\/\/cabellonews.com\/#\/schema\/person\/7afe73bafa6cc5a24fd4c67dfd4379d8\"},\"breadcrumb\":{\"@id\":\"https:\/\/cabellonews.com\/?p=730#breadcrumb\"},\"inLanguage\":\"en-US\",\"potentialAction\":[{\"@type\":\"ReadAction\",\"target\":[\"https:\/\/cabellonews.com\/?p=730\"]}]},{\"@type\":\"BreadcrumbList\",\"@id\":\"https:\/\/cabellonews.com\/?p=730#breadcrumb\",\"itemListElement\":[{\"@type\":\"ListItem\",\"position\":1,\"name\":\"Inicio\",\"item\":\"https:\/\/cabellonews.com\/\"},{\"@type\":\"ListItem\",\"position\":2,\"name\":\"Presenta Am\u00e9rico a la c\u00f3nsul de Estados Unidos en Matamoros grandes proyectos en marcha\"}]},{\"@type\":\"WebSite\",\"@id\":\"https:\/\/cabellonews.com\/#website\",\"url\":\"https:\/\/cabellonews.com\/\",\"name\":\"cabellonews.com\",\"description\":\"Con Cobertura En Tamaulipas Y norte de Veracruz\",\"potentialAction\":[{\"@type\":\"SearchAction\",\"target\":{\"@type\":\"EntryPoint\",\"urlTemplate\":\"https:\/\/cabellonews.com\/?s={search_term_string}\"},\"query-input\":\"required name=search_term_string\"}],\"inLanguage\":\"en-US\"},{\"@type\":\"Person\",\"@id\":\"https:\/\/cabellonews.com\/#\/schema\/person\/7afe73bafa6cc5a24fd4c67dfd4379d8\",\"name\":\"cabellonews.com\",\"image\":{\"@type\":\"ImageObject\",\"inLanguage\":\"en-US\",\"@id\":\"https:\/\/cabellonews.com\/#\/schema\/person\/image\/\",\"url\":\"https:\/\/secure.gravatar.com\/avatar\/8d6324fc2806389aad4cd38639618406?s=96&d=mm&r=g\",\"contentUrl\":\"https:\/\/secure.gravatar.com\/avatar\/8d6324fc2806389aad4cd38639618406?s=96&d=mm&r=g\",\"caption\":\"cabellonews.com\"},\"sameAs\":[\"http:\/\/cabellonews.com\"],\"url\":\"https:\/\/cabellonews.com\/?author=1\"}]}<\/script>\n<!-- \/ Yoast SEO plugin. -->","yoast_head_json":{"title":"Presenta Am\u00e9rico a la c\u00f3nsul de Estados Unidos en Matamoros grandes proyectos en marcha - cabellonews.com","robots":{"index":"index","follow":"follow","max-snippet":"max-snippet:-1","max-image-preview":"max-image-preview:large","max-video-preview":"max-video-preview:-1"},"canonical":"https:\/\/cabellonews.com\/?p=730","og_locale":"en_US","og_type":"article","og_title":"Presenta Am\u00e9rico a la c\u00f3nsul de Estados Unidos en Matamoros grandes proyectos en marcha - cabellonews.com","og_description":"-En reuni\u00f3n de trabajo, el gobernador de Tamaulipas destaca avances en seguridad, migraci\u00f3n, medio ambiente, movilidad y agua Noviembre 29 de 2023 Ciudad Victoria, Tamaulipas.- El gobernador Am\u00e9rico Villarreal Anaya y la c\u00f3nsul de Estados Unidos en Matamoros, Brianna Powers, sostuvieron este mi\u00e9rcoles una reuni\u00f3n donde acordaron trabajar y colaborar en armon\u00eda para que le vaya bien a Tamaulipas y al vecino pa\u00eds. Durante el encuentro celebrado en la Casa de Gobierno, el mandatario tamaulipeco expuso a Brianna Powers los proyectos estrat\u00e9gicos que est\u00e1n en marcha en Tamaulipas y que&hellip;","og_url":"https:\/\/cabellonews.com\/?p=730","og_site_name":"cabellonews.com","article_published_time":"2023-11-29T02:12:40+00:00","article_modified_time":"2023-11-30T02:13:31+00:00","og_image":[{"width":1600,"height":1066,"url":"http:\/\/cabellonews.com\/wp-content\/uploads\/2023\/11\/7b10ce3a-aed2-4f58-9f3b-a55693366f7e.jpeg","type":"image\/jpeg"}],"author":"cabellonews.com","twitter_card":"summary_large_image","twitter_misc":{"Written by":"cabellonews.com","Est. reading time":"1 minute"},"schema":{"@context":"https:\/\/schema.org","@graph":[{"@type":"WebPage","@id":"https:\/\/cabellonews.com\/?p=730","url":"https:\/\/cabellonews.com\/?p=730","name":"Presenta Am\u00e9rico a la c\u00f3nsul de Estados Unidos en Matamoros grandes proyectos en marcha - cabellonews.com","isPartOf":{"@id":"https:\/\/cabellonews.com\/#website"},"datePublished":"2023-11-29T02:12:40+00:00","dateModified":"2023-11-30T02:13:31+00:00","author":{"@id":"https:\/\/cabellonews.com\/#\/schema\/person\/7afe73bafa6cc5a24fd4c67dfd4379d8"},"breadcrumb":{"@id":"https:\/\/cabellonews.com\/?p=730#breadcrumb"},"inLanguage":"en-US","potentialAction":[{"@type":"ReadAction","target":["https:\/\/cabellonews.com\/?p=730"]}]},{"@type":"BreadcrumbList","@id":"https:\/\/cabellonews.com\/?p=730#breadcrumb","itemListElement":[{"@type":"ListItem","position":1,"name":"Inicio","item":"https:\/\/cabellonews.com\/"},{"@type":"ListItem","position":2,"name":"Presenta Am\u00e9rico a la c\u00f3nsul de Estados Unidos en Matamoros grandes proyectos en marcha"}]},{"@type":"WebSite","@id":"https:\/\/cabellonews.com\/#website","url":"https:\/\/cabellonews.com\/","name":"cabellonews.com","description":"Con Cobertura En Tamaulipas Y norte de Veracruz","potentialAction":[{"@type":"SearchAction","target":{"@type":"EntryPoint","urlTemplate":"https:\/\/cabellonews.com\/?s={search_term_string}"},"query-input":"required name=search_term_string"}],"inLanguage":"en-US"},{"@type":"Person","@id":"https:\/\/cabellonews.com\/#\/schema\/person\/7afe73bafa6cc5a24fd4c67dfd4379d8","name":"cabellonews.com","image":{"@type":"ImageObject","inLanguage":"en-US","@id":"https:\/\/cabellonews.com\/#\/schema\/person\/image\/","url":"https:\/\/secure.gravatar.com\/avatar\/8d6324fc2806389aad4cd38639618406?s=96&d=mm&r=g","contentUrl":"https:\/\/secure.gravatar.com\/avatar\/8d6324fc2806389aad4cd38639618406?s=96&d=mm&r=g","caption":"cabellonews.com"},"sameAs":["http:\/\/cabellonews.com"],"url":"https:\/\/cabellonews.com\/?author=1"}]}},"_links":{"self":[{"href":"https:\/\/cabellonews.com\/index.php?rest_route=\/wp\/v2\/posts\/730"}],"collection":[{"href":"https:\/\/cabellonews.com\/index.php?rest_route=\/wp\/v2\/posts"}],"about":[{"href":"https:\/\/cabellonews.com\/index.php?rest_route=\/wp\/v2\/types\/post"}],"author":[{"embeddable":true,"href":"https:\/\/cabellonews.com\/index.php?rest_route=\/wp\/v2\/users\/1"}],"replies":[{"embeddable":true,"href":"https:\/\/cabellonews.com\/index.php?rest_route=%2Fwp%2Fv2%2Fcomments&post=730"}],"version-history":[{"count":1,"href":"https:\/\/cabellonews.com\/index.php?rest_route=\/wp\/v2\/posts\/730\/revisions"}],"predecessor-version":[{"id":732,"href":"https:\/\/cabellonews.com\/index.php?rest_route=\/wp\/v2\/posts\/730\/revisions\/732"}],"wp:featuredmedia":[{"embeddable":true,"href":"https:\/\/cabellonews.com\/index.php?rest_route=\/wp\/v2\/media\/731"}],"wp:attachment":[{"href":"https:\/\/cabellonews.com\/index.php?rest_route=%2Fwp%2Fv2%2Fmedia&parent=730"}],"wp:term":[{"taxonomy":"category","embeddable":true,"href":"https:\/\/cabellonews.com\/index.php?rest_route=%2Fwp%2Fv2%2Fcategories&post=730"},{"taxonomy":"post_tag","embeddable":true,"href":"https:\/\/cabellonews.com\/index.php?rest_route=%2Fwp%2Fv2%2Ftags&post=730"}],"curies":[{"name":"wp","href":"https:\/\/api.w.org\/{rel}","templated":true}]}}