{"id":727,"date":"2023-11-29T02:11:40","date_gmt":"2023-11-29T02:11:40","guid":{"rendered":"https:\/\/cabellonews.com\/?p=727"},"modified":"2023-11-30T02:12:15","modified_gmt":"2023-11-30T02:12:15","slug":"capacita-el-instituto-de-las-mujeres-a-notarios-publicos-de-tamaulipas-sobre-perspectiva-de-genero","status":"publish","type":"post","link":"https:\/\/cabellonews.com\/?p=727","title":{"rendered":"Capacita el Instituto de las Mujeres a Notarios P\u00fablicos de Tamaulipas sobre perspectiva de g\u00e9nero"},"content":{"rendered":"\n<p>Noviembre 29 de 2023<\/p>\n\n\n\n<p>Ciudad Victoria, Tamaulipas.- Dentro del marco de los 16 d\u00edas de activismo por el D\u00eda Internacional de la Eliminaci\u00f3n de la Violencia Contra la Mujer, el Instituto de las Mujeres en Tamaulipas llev\u00f3 a cabo una capacitaci\u00f3n para Notarios P\u00fablicos de Tamaulipas denominada, \u201cLa violencia pol\u00edtica por raz\u00f3n de g\u00e9nero: Retos para la actuaci\u00f3n del notariado en M\u00e9xico\u201d, acciones que se realizan en base a las pol\u00edticas p\u00fablicas del gobernador Am\u00e9rico Villarreal Anaya.<\/p>\n\n\n\n<p>La finalidad es que el notariado mexicano logre tener una intervenci\u00f3n oportuna en el marco de la violencia pol\u00edtica por raz\u00f3n de g\u00e9nero, el d\u00eda de las elecciones y\/o proceso electoral, dando fe a los hechos; la capacitaci\u00f3n tuvo lugar en el auditorio \u201cAlberto L\u00f3pez\u201d del Centro Cultural y fue impartida por el Mtro. Elizardo Rannauro Malgarejo.<\/p>\n\n\n\n<p>Durante esta capacitaci\u00f3n, se enfatiz\u00f3 que 24 mujeres experimentaron violencia pol\u00edtica en raz\u00f3n de g\u00e9nero en las plataformas de comunicaci\u00f3n del Proceso Electoral Local 2018-2019 a nivel nacional.<\/p>\n\n\n\n<p>\u201cLa violencia que vivimos las mujeres todos los d\u00edas no se ve eliminada en el \u00e1mbito pol\u00edtico, necesitamos el apoyo de las notarias y notarios, reconocemos su capacidad, el dominio del tema, sabemos que van a responder ante cualquier situaci\u00f3n con honestidad pero tambi\u00e9n queremos que lo hagan con perspectiva de g\u00e9nero\u201d, expres\u00f3 la directora general del Instituto de las Mujeres y presidenta del Observatorio de Participaci\u00f3n Pol\u00edtica de las Mujeres Dianaluz Guti\u00e9rrez Gonz\u00e1lez.<\/p>\n\n\n\n<p>\u201cLa violencia no es un juego, queremos que todas las mujeres que aspiren a un puesto de elecci\u00f3n popular se sientan respaldadas por ustedes, porque la violencia no discrimina clase social y tampoco tiene que ver con los colores\u201d, dijo al se\u00f1alar que estas acciones forman parte de la pol\u00edtica humanista del gobierno de Tamaulipas y en este caso, para que las mujeres vivan una vida libre de violencia.<\/p>\n\n\n\n<p>Contacto: Instituto de las Mujeres en Tamaulipas, Mtra. Dianaluz Guti\u00e9rrez Gonz\u00e1lez imt@tamaulipas.gob.mx<\/p>\n\n\n<figure class=\"wp-block-post-featured-image\"><img width=\"240\" height=\"172\" src=\"https:\/\/cabellonews.com\/wp-content\/uploads\/2023\/11\/a4264058-b082-463f-b5cd-a96d65320df7-240x172.jpeg\" class=\"attachment-post-thumbnail size-post-thumbnail wp-post-image\" alt=\"\" decoding=\"async\" loading=\"lazy\" \/><\/figure>\n\n\n<pre class=\"wp-block-code\"><code>    *     *    *<\/code><\/pre>\n","protected":false},"excerpt":{"rendered":"<p>Noviembre 29 de 2023 Ciudad Victoria, Tamaulipas.- Dentro del marco de los 16 d\u00edas de activismo por el D\u00eda Internacional de la Eliminaci\u00f3n de la Violencia Contra la Mujer, el Instituto de las Mujeres en Tamaulipas llev\u00f3 a cabo una capacitaci\u00f3n para Notarios P\u00fablicos de Tamaulipas denominada, \u201cLa violencia pol\u00edtica por raz\u00f3n de g\u00e9nero: Retos para la actuaci\u00f3n del notariado en M\u00e9xico\u201d, acciones que se realizan en base a las pol\u00edticas p\u00fablicas del gobernador Am\u00e9rico Villarreal Anaya. La finalidad es que el notariado mexicano logre tener una intervenci\u00f3n oportuna en&hellip;<\/p>\n","protected":false},"author":1,"featured_media":728,"comment_status":"open","ping_status":"open","sticky":false,"template":"","format":"standard","meta":[],"categories":[1],"tags":[],"gutentor_comment":1,"yoast_head":"<!-- This site is optimized with the Yoast SEO plugin v20.10 - https:\/\/yoast.com\/wordpress\/plugins\/seo\/ -->\n<title>Capacita el Instituto de las Mujeres a Notarios P\u00fablicos de Tamaulipas sobre perspectiva de g\u00e9nero - cabellonews.com<\/title>\n<meta name=\"robots\" content=\"index, follow, max-snippet:-1, max-image-preview:large, max-video-preview:-1\" \/>\n<link rel=\"canonical\" href=\"https:\/\/cabellonews.com\/?p=727\" \/>\n<meta property=\"og:locale\" content=\"en_US\" \/>\n<meta property=\"og:type\" content=\"article\" \/>\n<meta property=\"og:title\" content=\"Capacita el Instituto de las Mujeres a Notarios P\u00fablicos de Tamaulipas sobre perspectiva de g\u00e9nero - cabellonews.com\" \/>\n<meta property=\"og:description\" content=\"Noviembre 29 de 2023 Ciudad Victoria, Tamaulipas.- Dentro del marco de los 16 d\u00edas de activismo por el D\u00eda Internacional de la Eliminaci\u00f3n de la Violencia Contra la Mujer, el Instituto de las Mujeres en Tamaulipas llev\u00f3 a cabo una capacitaci\u00f3n para Notarios P\u00fablicos de Tamaulipas denominada, \u201cLa violencia pol\u00edtica por raz\u00f3n de g\u00e9nero: Retos para la actuaci\u00f3n del notariado en M\u00e9xico\u201d, acciones que se realizan en base a las pol\u00edticas p\u00fablicas del gobernador Am\u00e9rico Villarreal Anaya. La finalidad es que el notariado mexicano logre tener una intervenci\u00f3n oportuna en&hellip;\" \/>\n<meta property=\"og:url\" content=\"https:\/\/cabellonews.com\/?p=727\" \/>\n<meta property=\"og:site_name\" content=\"cabellonews.com\" \/>\n<meta property=\"article:published_time\" content=\"2023-11-29T02:11:40+00:00\" \/>\n<meta property=\"article:modified_time\" content=\"2023-11-30T02:12:15+00:00\" \/>\n<meta property=\"og:image\" content=\"http:\/\/cabellonews.com\/wp-content\/uploads\/2023\/11\/a4264058-b082-463f-b5cd-a96d65320df7.jpeg\" \/>\n\t<meta property=\"og:image:width\" content=\"1600\" \/>\n\t<meta property=\"og:image:height\" content=\"1063\" \/>\n\t<meta property=\"og:image:type\" content=\"image\/jpeg\" \/>\n<meta name=\"author\" content=\"cabellonews.com\" \/>\n<meta name=\"twitter:card\" content=\"summary_large_image\" \/>\n<meta name=\"twitter:label1\" content=\"Written by\" \/>\n\t<meta name=\"twitter:data1\" content=\"cabellonews.com\" \/>\n\t<meta name=\"twitter:label2\" content=\"Est. reading time\" \/>\n\t<meta name=\"twitter:data2\" content=\"2 minutes\" \/>\n<script type=\"application\/ld+json\" class=\"yoast-schema-graph\">{\"@context\":\"https:\/\/schema.org\",\"@graph\":[{\"@type\":\"WebPage\",\"@id\":\"https:\/\/cabellonews.com\/?p=727\",\"url\":\"https:\/\/cabellonews.com\/?p=727\",\"name\":\"Capacita el Instituto de las Mujeres a Notarios P\u00fablicos de Tamaulipas sobre perspectiva de g\u00e9nero - cabellonews.com\",\"isPartOf\":{\"@id\":\"https:\/\/cabellonews.com\/#website\"},\"datePublished\":\"2023-11-29T02:11:40+00:00\",\"dateModified\":\"2023-11-30T02:12:15+00:00\",\"author\":{\"@id\":\"https:\/\/cabellonews.com\/#\/schema\/person\/7afe73bafa6cc5a24fd4c67dfd4379d8\"},\"breadcrumb\":{\"@id\":\"https:\/\/cabellonews.com\/?p=727#breadcrumb\"},\"inLanguage\":\"en-US\",\"potentialAction\":[{\"@type\":\"ReadAction\",\"target\":[\"https:\/\/cabellonews.com\/?p=727\"]}]},{\"@type\":\"BreadcrumbList\",\"@id\":\"https:\/\/cabellonews.com\/?p=727#breadcrumb\",\"itemListElement\":[{\"@type\":\"ListItem\",\"position\":1,\"name\":\"Inicio\",\"item\":\"https:\/\/cabellonews.com\/\"},{\"@type\":\"ListItem\",\"position\":2,\"name\":\"Capacita el Instituto de las Mujeres a Notarios P\u00fablicos de Tamaulipas sobre perspectiva de g\u00e9nero\"}]},{\"@type\":\"WebSite\",\"@id\":\"https:\/\/cabellonews.com\/#website\",\"url\":\"https:\/\/cabellonews.com\/\",\"name\":\"cabellonews.com\",\"description\":\"Con Cobertura En Tamaulipas Y norte de Veracruz\",\"potentialAction\":[{\"@type\":\"SearchAction\",\"target\":{\"@type\":\"EntryPoint\",\"urlTemplate\":\"https:\/\/cabellonews.com\/?s={search_term_string}\"},\"query-input\":\"required name=search_term_string\"}],\"inLanguage\":\"en-US\"},{\"@type\":\"Person\",\"@id\":\"https:\/\/cabellonews.com\/#\/schema\/person\/7afe73bafa6cc5a24fd4c67dfd4379d8\",\"name\":\"cabellonews.com\",\"image\":{\"@type\":\"ImageObject\",\"inLanguage\":\"en-US\",\"@id\":\"https:\/\/cabellonews.com\/#\/schema\/person\/image\/\",\"url\":\"https:\/\/secure.gravatar.com\/avatar\/8d6324fc2806389aad4cd38639618406?s=96&d=mm&r=g\",\"contentUrl\":\"https:\/\/secure.gravatar.com\/avatar\/8d6324fc2806389aad4cd38639618406?s=96&d=mm&r=g\",\"caption\":\"cabellonews.com\"},\"sameAs\":[\"http:\/\/cabellonews.com\"],\"url\":\"https:\/\/cabellonews.com\/?author=1\"}]}<\/script>\n<!-- \/ Yoast SEO plugin. -->","yoast_head_json":{"title":"Capacita el Instituto de las Mujeres a Notarios P\u00fablicos de Tamaulipas sobre perspectiva de g\u00e9nero - cabellonews.com","robots":{"index":"index","follow":"follow","max-snippet":"max-snippet:-1","max-image-preview":"max-image-preview:large","max-video-preview":"max-video-preview:-1"},"canonical":"https:\/\/cabellonews.com\/?p=727","og_locale":"en_US","og_type":"article","og_title":"Capacita el Instituto de las Mujeres a Notarios P\u00fablicos de Tamaulipas sobre perspectiva de g\u00e9nero - cabellonews.com","og_description":"Noviembre 29 de 2023 Ciudad Victoria, Tamaulipas.- Dentro del marco de los 16 d\u00edas de activismo por el D\u00eda Internacional de la Eliminaci\u00f3n de la Violencia Contra la Mujer, el Instituto de las Mujeres en Tamaulipas llev\u00f3 a cabo una capacitaci\u00f3n para Notarios P\u00fablicos de Tamaulipas denominada, \u201cLa violencia pol\u00edtica por raz\u00f3n de g\u00e9nero: Retos para la actuaci\u00f3n del notariado en M\u00e9xico\u201d, acciones que se realizan en base a las pol\u00edticas p\u00fablicas del gobernador Am\u00e9rico Villarreal Anaya. La finalidad es que el notariado mexicano logre tener una intervenci\u00f3n oportuna en&hellip;","og_url":"https:\/\/cabellonews.com\/?p=727","og_site_name":"cabellonews.com","article_published_time":"2023-11-29T02:11:40+00:00","article_modified_time":"2023-11-30T02:12:15+00:00","og_image":[{"width":1600,"height":1063,"url":"http:\/\/cabellonews.com\/wp-content\/uploads\/2023\/11\/a4264058-b082-463f-b5cd-a96d65320df7.jpeg","type":"image\/jpeg"}],"author":"cabellonews.com","twitter_card":"summary_large_image","twitter_misc":{"Written by":"cabellonews.com","Est. reading time":"2 minutes"},"schema":{"@context":"https:\/\/schema.org","@graph":[{"@type":"WebPage","@id":"https:\/\/cabellonews.com\/?p=727","url":"https:\/\/cabellonews.com\/?p=727","name":"Capacita el Instituto de las Mujeres a Notarios P\u00fablicos de Tamaulipas sobre perspectiva de g\u00e9nero - cabellonews.com","isPartOf":{"@id":"https:\/\/cabellonews.com\/#website"},"datePublished":"2023-11-29T02:11:40+00:00","dateModified":"2023-11-30T02:12:15+00:00","author":{"@id":"https:\/\/cabellonews.com\/#\/schema\/person\/7afe73bafa6cc5a24fd4c67dfd4379d8"},"breadcrumb":{"@id":"https:\/\/cabellonews.com\/?p=727#breadcrumb"},"inLanguage":"en-US","potentialAction":[{"@type":"ReadAction","target":["https:\/\/cabellonews.com\/?p=727"]}]},{"@type":"BreadcrumbList","@id":"https:\/\/cabellonews.com\/?p=727#breadcrumb","itemListElement":[{"@type":"ListItem","position":1,"name":"Inicio","item":"https:\/\/cabellonews.com\/"},{"@type":"ListItem","position":2,"name":"Capacita el Instituto de las Mujeres a Notarios P\u00fablicos de Tamaulipas sobre perspectiva de g\u00e9nero"}]},{"@type":"WebSite","@id":"https:\/\/cabellonews.com\/#website","url":"https:\/\/cabellonews.com\/","name":"cabellonews.com","description":"Con Cobertura En Tamaulipas Y norte de Veracruz","potentialAction":[{"@type":"SearchAction","target":{"@type":"EntryPoint","urlTemplate":"https:\/\/cabellonews.com\/?s={search_term_string}"},"query-input":"required name=search_term_string"}],"inLanguage":"en-US"},{"@type":"Person","@id":"https:\/\/cabellonews.com\/#\/schema\/person\/7afe73bafa6cc5a24fd4c67dfd4379d8","name":"cabellonews.com","image":{"@type":"ImageObject","inLanguage":"en-US","@id":"https:\/\/cabellonews.com\/#\/schema\/person\/image\/","url":"https:\/\/secure.gravatar.com\/avatar\/8d6324fc2806389aad4cd38639618406?s=96&d=mm&r=g","contentUrl":"https:\/\/secure.gravatar.com\/avatar\/8d6324fc2806389aad4cd38639618406?s=96&d=mm&r=g","caption":"cabellonews.com"},"sameAs":["http:\/\/cabellonews.com"],"url":"https:\/\/cabellonews.com\/?author=1"}]}},"_links":{"self":[{"href":"https:\/\/cabellonews.com\/index.php?rest_route=\/wp\/v2\/posts\/727"}],"collection":[{"href":"https:\/\/cabellonews.com\/index.php?rest_route=\/wp\/v2\/posts"}],"about":[{"href":"https:\/\/cabellonews.com\/index.php?rest_route=\/wp\/v2\/types\/post"}],"author":[{"embeddable":true,"href":"https:\/\/cabellonews.com\/index.php?rest_route=\/wp\/v2\/users\/1"}],"replies":[{"embeddable":true,"href":"https:\/\/cabellonews.com\/index.php?rest_route=%2Fwp%2Fv2%2Fcomments&post=727"}],"version-history":[{"count":1,"href":"https:\/\/cabellonews.com\/index.php?rest_route=\/wp\/v2\/posts\/727\/revisions"}],"predecessor-version":[{"id":729,"href":"https:\/\/cabellonews.com\/index.php?rest_route=\/wp\/v2\/posts\/727\/revisions\/729"}],"wp:featuredmedia":[{"embeddable":true,"href":"https:\/\/cabellonews.com\/index.php?rest_route=\/wp\/v2\/media\/728"}],"wp:attachment":[{"href":"https:\/\/cabellonews.com\/index.php?rest_route=%2Fwp%2Fv2%2Fmedia&parent=727"}],"wp:term":[{"taxonomy":"category","embeddable":true,"href":"https:\/\/cabellonews.com\/index.php?rest_route=%2Fwp%2Fv2%2Fcategories&post=727"},{"taxonomy":"post_tag","embeddable":true,"href":"https:\/\/cabellonews.com\/index.php?rest_route=%2Fwp%2Fv2%2Ftags&post=727"}],"curies":[{"name":"wp","href":"https:\/\/api.w.org\/{rel}","templated":true}]}}