{"id":721,"date":"2023-11-28T02:09:45","date_gmt":"2023-11-28T02:09:45","guid":{"rendered":"https:\/\/cabellonews.com\/?p=721"},"modified":"2023-11-29T02:10:03","modified_gmt":"2023-11-29T02:10:03","slug":"recibe-tamaulipas-853-mdp-por-regularizacion-de-autos","status":"publish","type":"post","link":"https:\/\/cabellonews.com\/?p=721","title":{"rendered":"Recibe Tamaulipas 853 MDP por regularizaci\u00f3n de autos"},"content":{"rendered":"\n<p>-El dinero se destina a rehabilitaci\u00f3n de vialidades; unidades se incorporan al padr\u00f3n vehicular y pueden ser identificadas si se ven involucradas en hechos delictivos<\/p>\n\n\n\n<p>Noviembre 28 de 2023<\/p>\n\n\n\n<p>Ciudad Victoria, Tamaulipas. &#8211; El Programa de Regularizaci\u00f3n de Veh\u00edculos de Procedencia Extranjera ha dejado m\u00faltiples beneficios a las y los tamaulipecos, pues adem\u00e1s de garantizar la propiedad leg\u00edtima de su patrimonio y de favorecer el Estado de derecho, tambi\u00e9n aporta recursos para un intenso programa de bacheo que se lleva a cabo en diversos municipios del estado.<\/p>\n\n\n\n<p>Durante la conferencia de prensa ma\u00f1anera del presidente Andr\u00e9s Manuel L\u00f3pez Obrador, este martes en Palacio Nacional, la secretaria de Seguridad y Protecci\u00f3n Ciudadana, Rosa Icela Rodr\u00edguez Vel\u00e1zquez dio a conocer que el Gobierno de Tamaulipas ha recibido ingresos por 835 millones 567 mil 500 pesos, producto de la regularizaci\u00f3n de 334 mil 227 veh\u00edculos.<\/p>\n\n\n\n<p>Gracias a este programa, que opera a trav\u00e9s de 13 m\u00f3dulos en el estado, el Gobierno de Tamaulipas no solo ha recibido recursos que se destinan \u00edntegramente a la rehabilitaci\u00f3n de vialidades, sino que ha permitido ampliar el padr\u00f3n vehicular debidamente acreditado y poder identificarlo en caso de que una de estas unidades se vea involucrada en hechos delictivos o de inseguridad.<\/p>\n\n\n\n<p>Desde el inicio del programa dispuesto por el presidente Andr\u00e9s Manuel L\u00f3pez Obrador, el Gobierno de Tamaulipas ha exhortado a la ciudadan\u00eda que posee un auto de procedencia extranjera a acudir a los m\u00f3dulos y cumplir con las disposiciones oficiales a fin de poder legitimar la propiedad de su veh\u00edculo para bienestar de su familia.<\/p>\n\n\n\n<p>Actualmente, en Tamaulipas operan 13 m\u00f3dulos del Registro P\u00fablico Vehicular: En Reynosa dos, en Matamoros dos, al igual que en Nuevo Laredo y un m\u00f3dulo en los municipios de Valle Hermoso, R\u00edo Bravo, San Fernando, Tampico, Victoria, Mante y D\u00edaz Ordaz, respectivamente.<\/p>\n\n\n\n<p>Durante la conferencia de prensa de este d\u00eda, la secretaria de Seguridad, Rosa Icela Rodr\u00edguez dio a conocer que del 19 de marzo de 2022 al 27 de noviembre de 2023, se han regularizado un mill\u00f3n 906 mil 815 autos de procedencia extranjera y anunci\u00f3 que a partir del 1 de diciembre se incorporan a este programa unidades procedentes de Asia y Europa que se comercializan en Estados Unidos o Canad\u00e1.<\/p>\n\n\n<figure class=\"wp-block-post-featured-image\"><img width=\"240\" height=\"172\" src=\"https:\/\/cabellonews.com\/wp-content\/uploads\/2023\/11\/282e001a-cec7-4a68-ac10-1b36a01c5afe-240x172.jpeg\" class=\"attachment-post-thumbnail size-post-thumbnail wp-post-image\" alt=\"\" decoding=\"async\" loading=\"lazy\" \/><\/figure>\n\n\n<pre class=\"wp-block-code\"><code>      *     *    *<\/code><\/pre>\n","protected":false},"excerpt":{"rendered":"<p>-El dinero se destina a rehabilitaci\u00f3n de vialidades; unidades se incorporan al padr\u00f3n vehicular y pueden ser identificadas si se ven involucradas en hechos delictivos Noviembre 28 de 2023 Ciudad Victoria, Tamaulipas. &#8211; El Programa de Regularizaci\u00f3n de Veh\u00edculos de Procedencia Extranjera ha dejado m\u00faltiples beneficios a las y los tamaulipecos, pues adem\u00e1s de garantizar la propiedad leg\u00edtima de su patrimonio y de favorecer el Estado de derecho, tambi\u00e9n aporta recursos para un intenso programa de bacheo que se lleva a cabo en diversos municipios del estado. Durante la conferencia&hellip;<\/p>\n","protected":false},"author":1,"featured_media":722,"comment_status":"open","ping_status":"open","sticky":false,"template":"","format":"standard","meta":[],"categories":[1],"tags":[],"gutentor_comment":1,"yoast_head":"<!-- This site is optimized with the Yoast SEO plugin v20.10 - https:\/\/yoast.com\/wordpress\/plugins\/seo\/ -->\n<title>Recibe Tamaulipas 853 MDP por regularizaci\u00f3n de autos - cabellonews.com<\/title>\n<meta name=\"robots\" content=\"index, follow, max-snippet:-1, max-image-preview:large, max-video-preview:-1\" \/>\n<link rel=\"canonical\" href=\"https:\/\/cabellonews.com\/?p=721\" \/>\n<meta property=\"og:locale\" content=\"en_US\" \/>\n<meta property=\"og:type\" content=\"article\" \/>\n<meta property=\"og:title\" content=\"Recibe Tamaulipas 853 MDP por regularizaci\u00f3n de autos - cabellonews.com\" \/>\n<meta property=\"og:description\" content=\"-El dinero se destina a rehabilitaci\u00f3n de vialidades; unidades se incorporan al padr\u00f3n vehicular y pueden ser identificadas si se ven involucradas en hechos delictivos Noviembre 28 de 2023 Ciudad Victoria, Tamaulipas. &#8211; El Programa de Regularizaci\u00f3n de Veh\u00edculos de Procedencia Extranjera ha dejado m\u00faltiples beneficios a las y los tamaulipecos, pues adem\u00e1s de garantizar la propiedad leg\u00edtima de su patrimonio y de favorecer el Estado de derecho, tambi\u00e9n aporta recursos para un intenso programa de bacheo que se lleva a cabo en diversos municipios del estado. Durante la conferencia&hellip;\" \/>\n<meta property=\"og:url\" content=\"https:\/\/cabellonews.com\/?p=721\" \/>\n<meta property=\"og:site_name\" content=\"cabellonews.com\" \/>\n<meta property=\"article:published_time\" content=\"2023-11-28T02:09:45+00:00\" \/>\n<meta property=\"article:modified_time\" content=\"2023-11-29T02:10:03+00:00\" \/>\n<meta property=\"og:image\" content=\"http:\/\/cabellonews.com\/wp-content\/uploads\/2023\/11\/282e001a-cec7-4a68-ac10-1b36a01c5afe.jpeg\" \/>\n\t<meta property=\"og:image:width\" content=\"1600\" \/>\n\t<meta property=\"og:image:height\" content=\"973\" \/>\n\t<meta property=\"og:image:type\" content=\"image\/jpeg\" \/>\n<meta name=\"author\" content=\"cabellonews.com\" \/>\n<meta name=\"twitter:card\" content=\"summary_large_image\" \/>\n<meta name=\"twitter:label1\" content=\"Written by\" \/>\n\t<meta name=\"twitter:data1\" content=\"cabellonews.com\" \/>\n\t<meta name=\"twitter:label2\" content=\"Est. reading time\" \/>\n\t<meta name=\"twitter:data2\" content=\"2 minutes\" \/>\n<script type=\"application\/ld+json\" class=\"yoast-schema-graph\">{\"@context\":\"https:\/\/schema.org\",\"@graph\":[{\"@type\":\"WebPage\",\"@id\":\"https:\/\/cabellonews.com\/?p=721\",\"url\":\"https:\/\/cabellonews.com\/?p=721\",\"name\":\"Recibe Tamaulipas 853 MDP por regularizaci\u00f3n de autos - cabellonews.com\",\"isPartOf\":{\"@id\":\"https:\/\/cabellonews.com\/#website\"},\"datePublished\":\"2023-11-28T02:09:45+00:00\",\"dateModified\":\"2023-11-29T02:10:03+00:00\",\"author\":{\"@id\":\"https:\/\/cabellonews.com\/#\/schema\/person\/7afe73bafa6cc5a24fd4c67dfd4379d8\"},\"breadcrumb\":{\"@id\":\"https:\/\/cabellonews.com\/?p=721#breadcrumb\"},\"inLanguage\":\"en-US\",\"potentialAction\":[{\"@type\":\"ReadAction\",\"target\":[\"https:\/\/cabellonews.com\/?p=721\"]}]},{\"@type\":\"BreadcrumbList\",\"@id\":\"https:\/\/cabellonews.com\/?p=721#breadcrumb\",\"itemListElement\":[{\"@type\":\"ListItem\",\"position\":1,\"name\":\"Inicio\",\"item\":\"https:\/\/cabellonews.com\/\"},{\"@type\":\"ListItem\",\"position\":2,\"name\":\"Recibe Tamaulipas 853 MDP por regularizaci\u00f3n de autos\"}]},{\"@type\":\"WebSite\",\"@id\":\"https:\/\/cabellonews.com\/#website\",\"url\":\"https:\/\/cabellonews.com\/\",\"name\":\"cabellonews.com\",\"description\":\"Con Cobertura En Tamaulipas Y norte de Veracruz\",\"potentialAction\":[{\"@type\":\"SearchAction\",\"target\":{\"@type\":\"EntryPoint\",\"urlTemplate\":\"https:\/\/cabellonews.com\/?s={search_term_string}\"},\"query-input\":\"required name=search_term_string\"}],\"inLanguage\":\"en-US\"},{\"@type\":\"Person\",\"@id\":\"https:\/\/cabellonews.com\/#\/schema\/person\/7afe73bafa6cc5a24fd4c67dfd4379d8\",\"name\":\"cabellonews.com\",\"image\":{\"@type\":\"ImageObject\",\"inLanguage\":\"en-US\",\"@id\":\"https:\/\/cabellonews.com\/#\/schema\/person\/image\/\",\"url\":\"https:\/\/secure.gravatar.com\/avatar\/8d6324fc2806389aad4cd38639618406?s=96&d=mm&r=g\",\"contentUrl\":\"https:\/\/secure.gravatar.com\/avatar\/8d6324fc2806389aad4cd38639618406?s=96&d=mm&r=g\",\"caption\":\"cabellonews.com\"},\"sameAs\":[\"http:\/\/cabellonews.com\"],\"url\":\"https:\/\/cabellonews.com\/?author=1\"}]}<\/script>\n<!-- \/ Yoast SEO plugin. -->","yoast_head_json":{"title":"Recibe Tamaulipas 853 MDP por regularizaci\u00f3n de autos - cabellonews.com","robots":{"index":"index","follow":"follow","max-snippet":"max-snippet:-1","max-image-preview":"max-image-preview:large","max-video-preview":"max-video-preview:-1"},"canonical":"https:\/\/cabellonews.com\/?p=721","og_locale":"en_US","og_type":"article","og_title":"Recibe Tamaulipas 853 MDP por regularizaci\u00f3n de autos - cabellonews.com","og_description":"-El dinero se destina a rehabilitaci\u00f3n de vialidades; unidades se incorporan al padr\u00f3n vehicular y pueden ser identificadas si se ven involucradas en hechos delictivos Noviembre 28 de 2023 Ciudad Victoria, Tamaulipas. &#8211; El Programa de Regularizaci\u00f3n de Veh\u00edculos de Procedencia Extranjera ha dejado m\u00faltiples beneficios a las y los tamaulipecos, pues adem\u00e1s de garantizar la propiedad leg\u00edtima de su patrimonio y de favorecer el Estado de derecho, tambi\u00e9n aporta recursos para un intenso programa de bacheo que se lleva a cabo en diversos municipios del estado. Durante la conferencia&hellip;","og_url":"https:\/\/cabellonews.com\/?p=721","og_site_name":"cabellonews.com","article_published_time":"2023-11-28T02:09:45+00:00","article_modified_time":"2023-11-29T02:10:03+00:00","og_image":[{"width":1600,"height":973,"url":"http:\/\/cabellonews.com\/wp-content\/uploads\/2023\/11\/282e001a-cec7-4a68-ac10-1b36a01c5afe.jpeg","type":"image\/jpeg"}],"author":"cabellonews.com","twitter_card":"summary_large_image","twitter_misc":{"Written by":"cabellonews.com","Est. reading time":"2 minutes"},"schema":{"@context":"https:\/\/schema.org","@graph":[{"@type":"WebPage","@id":"https:\/\/cabellonews.com\/?p=721","url":"https:\/\/cabellonews.com\/?p=721","name":"Recibe Tamaulipas 853 MDP por regularizaci\u00f3n de autos - cabellonews.com","isPartOf":{"@id":"https:\/\/cabellonews.com\/#website"},"datePublished":"2023-11-28T02:09:45+00:00","dateModified":"2023-11-29T02:10:03+00:00","author":{"@id":"https:\/\/cabellonews.com\/#\/schema\/person\/7afe73bafa6cc5a24fd4c67dfd4379d8"},"breadcrumb":{"@id":"https:\/\/cabellonews.com\/?p=721#breadcrumb"},"inLanguage":"en-US","potentialAction":[{"@type":"ReadAction","target":["https:\/\/cabellonews.com\/?p=721"]}]},{"@type":"BreadcrumbList","@id":"https:\/\/cabellonews.com\/?p=721#breadcrumb","itemListElement":[{"@type":"ListItem","position":1,"name":"Inicio","item":"https:\/\/cabellonews.com\/"},{"@type":"ListItem","position":2,"name":"Recibe Tamaulipas 853 MDP por regularizaci\u00f3n de autos"}]},{"@type":"WebSite","@id":"https:\/\/cabellonews.com\/#website","url":"https:\/\/cabellonews.com\/","name":"cabellonews.com","description":"Con Cobertura En Tamaulipas Y norte de Veracruz","potentialAction":[{"@type":"SearchAction","target":{"@type":"EntryPoint","urlTemplate":"https:\/\/cabellonews.com\/?s={search_term_string}"},"query-input":"required name=search_term_string"}],"inLanguage":"en-US"},{"@type":"Person","@id":"https:\/\/cabellonews.com\/#\/schema\/person\/7afe73bafa6cc5a24fd4c67dfd4379d8","name":"cabellonews.com","image":{"@type":"ImageObject","inLanguage":"en-US","@id":"https:\/\/cabellonews.com\/#\/schema\/person\/image\/","url":"https:\/\/secure.gravatar.com\/avatar\/8d6324fc2806389aad4cd38639618406?s=96&d=mm&r=g","contentUrl":"https:\/\/secure.gravatar.com\/avatar\/8d6324fc2806389aad4cd38639618406?s=96&d=mm&r=g","caption":"cabellonews.com"},"sameAs":["http:\/\/cabellonews.com"],"url":"https:\/\/cabellonews.com\/?author=1"}]}},"_links":{"self":[{"href":"https:\/\/cabellonews.com\/index.php?rest_route=\/wp\/v2\/posts\/721"}],"collection":[{"href":"https:\/\/cabellonews.com\/index.php?rest_route=\/wp\/v2\/posts"}],"about":[{"href":"https:\/\/cabellonews.com\/index.php?rest_route=\/wp\/v2\/types\/post"}],"author":[{"embeddable":true,"href":"https:\/\/cabellonews.com\/index.php?rest_route=\/wp\/v2\/users\/1"}],"replies":[{"embeddable":true,"href":"https:\/\/cabellonews.com\/index.php?rest_route=%2Fwp%2Fv2%2Fcomments&post=721"}],"version-history":[{"count":1,"href":"https:\/\/cabellonews.com\/index.php?rest_route=\/wp\/v2\/posts\/721\/revisions"}],"predecessor-version":[{"id":723,"href":"https:\/\/cabellonews.com\/index.php?rest_route=\/wp\/v2\/posts\/721\/revisions\/723"}],"wp:featuredmedia":[{"embeddable":true,"href":"https:\/\/cabellonews.com\/index.php?rest_route=\/wp\/v2\/media\/722"}],"wp:attachment":[{"href":"https:\/\/cabellonews.com\/index.php?rest_route=%2Fwp%2Fv2%2Fmedia&parent=721"}],"wp:term":[{"taxonomy":"category","embeddable":true,"href":"https:\/\/cabellonews.com\/index.php?rest_route=%2Fwp%2Fv2%2Fcategories&post=721"},{"taxonomy":"post_tag","embeddable":true,"href":"https:\/\/cabellonews.com\/index.php?rest_route=%2Fwp%2Fv2%2Ftags&post=721"}],"curies":[{"name":"wp","href":"https:\/\/api.w.org\/{rel}","templated":true}]}}