{"id":712,"date":"2023-11-28T00:21:19","date_gmt":"2023-11-28T00:21:19","guid":{"rendered":"https:\/\/cabellonews.com\/?p=712"},"modified":"2023-11-28T00:21:20","modified_gmt":"2023-11-28T00:21:20","slug":"realizan-recorrido-turistico-4x4-en-zona-sur-de-tamaulipas","status":"publish","type":"post","link":"https:\/\/cabellonews.com\/?p=712","title":{"rendered":"Realizan recorrido tur\u00edstico 4X4 en zona sur de Tamaulipas"},"content":{"rendered":"\n<p>-Sensibilizan con la ruta \u201cT\u00fanel de la Paz\u201d impulsada por DIF estatal con aficionados a veh\u00edculos todo terreno<\/p>\n\n\n\n<p>Noviembre 27 de 2023<\/p>\n\n\n\n<p>Altamira, Tamaulipas. &#8211; Con la finalidad de impulsar la econom\u00eda regional y dando continuidad a los objetivos del programa \u201cT\u00fanel de la Paz\u201d que impulsa el DIF Estatal, encabezado por la doctora Mar\u00eda Santiago de Villarreal, en coordinaci\u00f3n interinstitucional con Gobierno del Estado, a trav\u00e9s de la Secretar\u00eda de Turismo que titula Benjam\u00edn Hern\u00e1ndez Rodr\u00edguez, reuni\u00f3 a conductores que realizaron recorridos 4X4 este fin de semana por la zona sur de Tamaulipas<\/p>\n\n\n\n<p>Esta iniciativa, parte de las acciones de sensibilizaci\u00f3n en cultura de paz, e impulsa el turismo de aventura, destacando recorridos en veh\u00edculos tipo razer y cuatrimotos, buscando fortalecer el turismo local, generando una derrama econ\u00f3mica en cada municipio y comunidad visitados, durante la permanencia de los participantes en esta aventura extrema.<\/p>\n\n\n\n<p>Con m\u00e1s de 50 conductores, el recorrido abarc\u00f3 desde la laguna de Champayan, hasta las Dunas Doradas de Altamira. Estos eventos buscan concientizar sobre la importancia del di\u00e1logo en la resoluci\u00f3n de conflictos, promoviendo acuerdos justos que respeten la dignidad de cada individuo, adem\u00e1s de disfrutar en armon\u00eda los atractivos que cada regi\u00f3n ofrece a sus visitantes en Tamaulipas, destac\u00f3 Benjam\u00edn Hern\u00e1ndez Rodr\u00edguez, secretario de Turismo estatal que trabaja en sinton\u00eda con el Plan Estatal de Desarrollo bajo el liderazgo del gobernador Am\u00e9rico Villarreal Anaya.<\/p>\n\n\n<figure class=\"wp-block-post-featured-image\"><img width=\"240\" height=\"172\" src=\"https:\/\/cabellonews.com\/wp-content\/uploads\/2023\/11\/6fd35851-b6d9-4cee-a62f-c1c7620871a8-240x172.jpeg\" class=\"attachment-post-thumbnail size-post-thumbnail wp-post-image\" alt=\"\" decoding=\"async\" loading=\"lazy\" \/><\/figure>\n\n\n<pre class=\"wp-block-code\"><code>      *      *     *<\/code><\/pre>\n","protected":false},"excerpt":{"rendered":"<p>-Sensibilizan con la ruta \u201cT\u00fanel de la Paz\u201d impulsada por DIF estatal con aficionados a veh\u00edculos todo terreno Noviembre 27 de 2023 Altamira, Tamaulipas. &#8211; Con la finalidad de impulsar la econom\u00eda regional y dando continuidad a los objetivos del programa \u201cT\u00fanel de la Paz\u201d que impulsa el DIF Estatal, encabezado por la doctora Mar\u00eda Santiago de Villarreal, en coordinaci\u00f3n interinstitucional con Gobierno del Estado, a trav\u00e9s de la Secretar\u00eda de Turismo que titula Benjam\u00edn Hern\u00e1ndez Rodr\u00edguez, reuni\u00f3 a conductores que realizaron recorridos 4X4 este fin de semana por la&hellip;<\/p>\n","protected":false},"author":1,"featured_media":713,"comment_status":"open","ping_status":"open","sticky":false,"template":"","format":"standard","meta":[],"categories":[1],"tags":[],"gutentor_comment":0,"yoast_head":"<!-- This site is optimized with the Yoast SEO plugin v20.10 - https:\/\/yoast.com\/wordpress\/plugins\/seo\/ -->\n<title>Realizan recorrido tur\u00edstico 4X4 en zona sur de Tamaulipas - cabellonews.com<\/title>\n<meta name=\"robots\" content=\"index, follow, max-snippet:-1, max-image-preview:large, max-video-preview:-1\" \/>\n<link rel=\"canonical\" href=\"https:\/\/cabellonews.com\/?p=712\" \/>\n<meta property=\"og:locale\" content=\"en_US\" \/>\n<meta property=\"og:type\" content=\"article\" \/>\n<meta property=\"og:title\" content=\"Realizan recorrido tur\u00edstico 4X4 en zona sur de Tamaulipas - cabellonews.com\" \/>\n<meta property=\"og:description\" content=\"-Sensibilizan con la ruta \u201cT\u00fanel de la Paz\u201d impulsada por DIF estatal con aficionados a veh\u00edculos todo terreno Noviembre 27 de 2023 Altamira, Tamaulipas. &#8211; Con la finalidad de impulsar la econom\u00eda regional y dando continuidad a los objetivos del programa \u201cT\u00fanel de la Paz\u201d que impulsa el DIF Estatal, encabezado por la doctora Mar\u00eda Santiago de Villarreal, en coordinaci\u00f3n interinstitucional con Gobierno del Estado, a trav\u00e9s de la Secretar\u00eda de Turismo que titula Benjam\u00edn Hern\u00e1ndez Rodr\u00edguez, reuni\u00f3 a conductores que realizaron recorridos 4X4 este fin de semana por la&hellip;\" \/>\n<meta property=\"og:url\" content=\"https:\/\/cabellonews.com\/?p=712\" \/>\n<meta property=\"og:site_name\" content=\"cabellonews.com\" \/>\n<meta property=\"article:published_time\" content=\"2023-11-28T00:21:19+00:00\" \/>\n<meta property=\"article:modified_time\" content=\"2023-11-28T00:21:20+00:00\" \/>\n<meta property=\"og:image\" content=\"http:\/\/cabellonews.com\/wp-content\/uploads\/2023\/11\/6fd35851-b6d9-4cee-a62f-c1c7620871a8-scaled.jpeg\" \/>\n\t<meta property=\"og:image:width\" content=\"2560\" \/>\n\t<meta property=\"og:image:height\" content=\"1152\" \/>\n\t<meta property=\"og:image:type\" content=\"image\/jpeg\" \/>\n<meta name=\"author\" content=\"cabellonews.com\" \/>\n<meta name=\"twitter:card\" content=\"summary_large_image\" \/>\n<meta name=\"twitter:label1\" content=\"Written by\" \/>\n\t<meta name=\"twitter:data1\" content=\"cabellonews.com\" \/>\n\t<meta name=\"twitter:label2\" content=\"Est. reading time\" \/>\n\t<meta name=\"twitter:data2\" content=\"2 minutes\" \/>\n<script type=\"application\/ld+json\" class=\"yoast-schema-graph\">{\"@context\":\"https:\/\/schema.org\",\"@graph\":[{\"@type\":\"WebPage\",\"@id\":\"https:\/\/cabellonews.com\/?p=712\",\"url\":\"https:\/\/cabellonews.com\/?p=712\",\"name\":\"Realizan recorrido tur\u00edstico 4X4 en zona sur de Tamaulipas - cabellonews.com\",\"isPartOf\":{\"@id\":\"https:\/\/cabellonews.com\/#website\"},\"datePublished\":\"2023-11-28T00:21:19+00:00\",\"dateModified\":\"2023-11-28T00:21:20+00:00\",\"author\":{\"@id\":\"https:\/\/cabellonews.com\/#\/schema\/person\/7afe73bafa6cc5a24fd4c67dfd4379d8\"},\"breadcrumb\":{\"@id\":\"https:\/\/cabellonews.com\/?p=712#breadcrumb\"},\"inLanguage\":\"en-US\",\"potentialAction\":[{\"@type\":\"ReadAction\",\"target\":[\"https:\/\/cabellonews.com\/?p=712\"]}]},{\"@type\":\"BreadcrumbList\",\"@id\":\"https:\/\/cabellonews.com\/?p=712#breadcrumb\",\"itemListElement\":[{\"@type\":\"ListItem\",\"position\":1,\"name\":\"Inicio\",\"item\":\"https:\/\/cabellonews.com\/\"},{\"@type\":\"ListItem\",\"position\":2,\"name\":\"Realizan recorrido tur\u00edstico 4X4 en zona sur de Tamaulipas\"}]},{\"@type\":\"WebSite\",\"@id\":\"https:\/\/cabellonews.com\/#website\",\"url\":\"https:\/\/cabellonews.com\/\",\"name\":\"cabellonews.com\",\"description\":\"Con Cobertura En Tamaulipas Y norte de Veracruz\",\"potentialAction\":[{\"@type\":\"SearchAction\",\"target\":{\"@type\":\"EntryPoint\",\"urlTemplate\":\"https:\/\/cabellonews.com\/?s={search_term_string}\"},\"query-input\":\"required name=search_term_string\"}],\"inLanguage\":\"en-US\"},{\"@type\":\"Person\",\"@id\":\"https:\/\/cabellonews.com\/#\/schema\/person\/7afe73bafa6cc5a24fd4c67dfd4379d8\",\"name\":\"cabellonews.com\",\"image\":{\"@type\":\"ImageObject\",\"inLanguage\":\"en-US\",\"@id\":\"https:\/\/cabellonews.com\/#\/schema\/person\/image\/\",\"url\":\"https:\/\/secure.gravatar.com\/avatar\/8d6324fc2806389aad4cd38639618406?s=96&d=mm&r=g\",\"contentUrl\":\"https:\/\/secure.gravatar.com\/avatar\/8d6324fc2806389aad4cd38639618406?s=96&d=mm&r=g\",\"caption\":\"cabellonews.com\"},\"sameAs\":[\"http:\/\/cabellonews.com\"],\"url\":\"https:\/\/cabellonews.com\/?author=1\"}]}<\/script>\n<!-- \/ Yoast SEO plugin. -->","yoast_head_json":{"title":"Realizan recorrido tur\u00edstico 4X4 en zona sur de Tamaulipas - cabellonews.com","robots":{"index":"index","follow":"follow","max-snippet":"max-snippet:-1","max-image-preview":"max-image-preview:large","max-video-preview":"max-video-preview:-1"},"canonical":"https:\/\/cabellonews.com\/?p=712","og_locale":"en_US","og_type":"article","og_title":"Realizan recorrido tur\u00edstico 4X4 en zona sur de Tamaulipas - cabellonews.com","og_description":"-Sensibilizan con la ruta \u201cT\u00fanel de la Paz\u201d impulsada por DIF estatal con aficionados a veh\u00edculos todo terreno Noviembre 27 de 2023 Altamira, Tamaulipas. &#8211; Con la finalidad de impulsar la econom\u00eda regional y dando continuidad a los objetivos del programa \u201cT\u00fanel de la Paz\u201d que impulsa el DIF Estatal, encabezado por la doctora Mar\u00eda Santiago de Villarreal, en coordinaci\u00f3n interinstitucional con Gobierno del Estado, a trav\u00e9s de la Secretar\u00eda de Turismo que titula Benjam\u00edn Hern\u00e1ndez Rodr\u00edguez, reuni\u00f3 a conductores que realizaron recorridos 4X4 este fin de semana por la&hellip;","og_url":"https:\/\/cabellonews.com\/?p=712","og_site_name":"cabellonews.com","article_published_time":"2023-11-28T00:21:19+00:00","article_modified_time":"2023-11-28T00:21:20+00:00","og_image":[{"width":2560,"height":1152,"url":"http:\/\/cabellonews.com\/wp-content\/uploads\/2023\/11\/6fd35851-b6d9-4cee-a62f-c1c7620871a8-scaled.jpeg","type":"image\/jpeg"}],"author":"cabellonews.com","twitter_card":"summary_large_image","twitter_misc":{"Written by":"cabellonews.com","Est. reading time":"2 minutes"},"schema":{"@context":"https:\/\/schema.org","@graph":[{"@type":"WebPage","@id":"https:\/\/cabellonews.com\/?p=712","url":"https:\/\/cabellonews.com\/?p=712","name":"Realizan recorrido tur\u00edstico 4X4 en zona sur de Tamaulipas - cabellonews.com","isPartOf":{"@id":"https:\/\/cabellonews.com\/#website"},"datePublished":"2023-11-28T00:21:19+00:00","dateModified":"2023-11-28T00:21:20+00:00","author":{"@id":"https:\/\/cabellonews.com\/#\/schema\/person\/7afe73bafa6cc5a24fd4c67dfd4379d8"},"breadcrumb":{"@id":"https:\/\/cabellonews.com\/?p=712#breadcrumb"},"inLanguage":"en-US","potentialAction":[{"@type":"ReadAction","target":["https:\/\/cabellonews.com\/?p=712"]}]},{"@type":"BreadcrumbList","@id":"https:\/\/cabellonews.com\/?p=712#breadcrumb","itemListElement":[{"@type":"ListItem","position":1,"name":"Inicio","item":"https:\/\/cabellonews.com\/"},{"@type":"ListItem","position":2,"name":"Realizan recorrido tur\u00edstico 4X4 en zona sur de Tamaulipas"}]},{"@type":"WebSite","@id":"https:\/\/cabellonews.com\/#website","url":"https:\/\/cabellonews.com\/","name":"cabellonews.com","description":"Con Cobertura En Tamaulipas Y norte de Veracruz","potentialAction":[{"@type":"SearchAction","target":{"@type":"EntryPoint","urlTemplate":"https:\/\/cabellonews.com\/?s={search_term_string}"},"query-input":"required name=search_term_string"}],"inLanguage":"en-US"},{"@type":"Person","@id":"https:\/\/cabellonews.com\/#\/schema\/person\/7afe73bafa6cc5a24fd4c67dfd4379d8","name":"cabellonews.com","image":{"@type":"ImageObject","inLanguage":"en-US","@id":"https:\/\/cabellonews.com\/#\/schema\/person\/image\/","url":"https:\/\/secure.gravatar.com\/avatar\/8d6324fc2806389aad4cd38639618406?s=96&d=mm&r=g","contentUrl":"https:\/\/secure.gravatar.com\/avatar\/8d6324fc2806389aad4cd38639618406?s=96&d=mm&r=g","caption":"cabellonews.com"},"sameAs":["http:\/\/cabellonews.com"],"url":"https:\/\/cabellonews.com\/?author=1"}]}},"_links":{"self":[{"href":"https:\/\/cabellonews.com\/index.php?rest_route=\/wp\/v2\/posts\/712"}],"collection":[{"href":"https:\/\/cabellonews.com\/index.php?rest_route=\/wp\/v2\/posts"}],"about":[{"href":"https:\/\/cabellonews.com\/index.php?rest_route=\/wp\/v2\/types\/post"}],"author":[{"embeddable":true,"href":"https:\/\/cabellonews.com\/index.php?rest_route=\/wp\/v2\/users\/1"}],"replies":[{"embeddable":true,"href":"https:\/\/cabellonews.com\/index.php?rest_route=%2Fwp%2Fv2%2Fcomments&post=712"}],"version-history":[{"count":1,"href":"https:\/\/cabellonews.com\/index.php?rest_route=\/wp\/v2\/posts\/712\/revisions"}],"predecessor-version":[{"id":714,"href":"https:\/\/cabellonews.com\/index.php?rest_route=\/wp\/v2\/posts\/712\/revisions\/714"}],"wp:featuredmedia":[{"embeddable":true,"href":"https:\/\/cabellonews.com\/index.php?rest_route=\/wp\/v2\/media\/713"}],"wp:attachment":[{"href":"https:\/\/cabellonews.com\/index.php?rest_route=%2Fwp%2Fv2%2Fmedia&parent=712"}],"wp:term":[{"taxonomy":"category","embeddable":true,"href":"https:\/\/cabellonews.com\/index.php?rest_route=%2Fwp%2Fv2%2Fcategories&post=712"},{"taxonomy":"post_tag","embeddable":true,"href":"https:\/\/cabellonews.com\/index.php?rest_route=%2Fwp%2Fv2%2Ftags&post=712"}],"curies":[{"name":"wp","href":"https:\/\/api.w.org\/{rel}","templated":true}]}}