{"id":702,"date":"2023-11-24T00:54:57","date_gmt":"2023-11-24T00:54:57","guid":{"rendered":"https:\/\/cabellonews.com\/?p=702"},"modified":"2023-11-24T00:54:57","modified_gmt":"2023-11-24T00:54:57","slug":"participa-tamaulipas-en-la-5ta-edicion-del-tianguis-de-pueblos-magicos-2023","status":"publish","type":"post","link":"https:\/\/cabellonews.com\/?p=702","title":{"rendered":"Participa Tamaulipas en la 5ta edici\u00f3n del Tianguis de Pueblos M\u00e1gicos 2023"},"content":{"rendered":"\n<p>Noviembre 23 de 2023<\/p>\n\n\n\n<p>Pachuca de Soto, Hidalgo. &#8211; Tamaulipas particip\u00f3 en el tianguis de Pueblos M\u00e1gicos 2023 realizado en la ciudad de Pachuca, Hidalgo en el cual, se mostraron las riquezas culturales, artesanales, gastron\u00f3micas y culturales de los Pueblos M\u00e1gicos de Tula y de Mier.<\/p>\n\n\n\n<p>El secretario de Turismo, Benjam\u00edn Hern\u00e1ndez Rodr\u00edguez afirm\u00f3 que la participaci\u00f3n de Tamaulipas en el Tianguis de Pueblos M\u00e1gicos 2023 en Pachuca, Hidalgo, no es casualidad, sino que es un paso estrat\u00e9gico para dar a conocer las innumerables virtudes con las que cuenta la entidad, en donde se ha puesto especial \u00e9nfasis en resaltar la magia que encierran los pueblos m\u00e1gicos de Tula y Mier, as\u00ed como en presentar programas, rutas, artesan\u00edas, gastronom\u00eda y cultura, invitando a los asistentes a conocer la entidad,<\/p>\n\n\n\n<p>Al liderar la delegaci\u00f3n tamaulipeca, en un recorrido por los diversos estados participantes en el tianguis de Pueblos M\u00e1gicos, destac\u00f3 que el itinerario tuvo como objetivo establecer di\u00e1logos fruct\u00edferos que conduzcan a nuevos convenios de colaboraci\u00f3n, invitando a otros estados a unirse en la creaci\u00f3n de rutas tur\u00edsticas entre los Pueblos M\u00e1gicos de cada entidad, enfoque colaborativo que busca generar una derrama econ\u00f3mica mutua, beneficiando tanto a Tamaulipas como a los estados aliados en esta iniciativa tur\u00edstica.<\/p>\n\n\n\n<p>\u201cPara el Gobierno de la Transformaci\u00f3n que encabeza Am\u00e9rico Villarreal Anaya, el posicionamiento de Tamaulipas en el entorno nacional e internacional, es fundamental. Tenemos el compromiso de mostrar la riqueza y la historia del territorio que una vez fue conocido como la Costa del Seno Mexicano y que en su evoluci\u00f3n se convirti\u00f3 en un estado rico en tradiciones, amalgama de sabores y con un crecimiento vibrante\u201d, se\u00f1al\u00f3 Hern\u00e1ndez Rodr\u00edguez.<\/p>\n\n\n\n<p>Durante este encuentro nacional, los alcaldes de Tula y Ciudad Mier brindaron una visi\u00f3n de las riquezas de sus respectivas localidades, evidenciando la colaboraci\u00f3n efectiva entre el gobierno estatal y los municipios en pro de un Tamaulipas m\u00e1s unido e incluyente.<\/p>\n\n\n\n<p>El funcionario estatal, se\u00f1al\u00f3 que este evento no solo brind\u00f3 una plataforma para dar a conocer las bondades del estado, sino que tambi\u00e9n, sirvi\u00f3 como un espacio clave para atender a las miles de personas interesadas en obtener informaci\u00f3n detallada sobre Tamaulipas; adem\u00e1s se acordaron agendas de trabajo y se presentaron los eventos que tienen lugar en la entidad con el objetivo de atraer un mayor n\u00famero de visitantes y turistas.<\/p>\n\n\n\n<p>Dijo que la participaci\u00f3n activa de los Pueblos M\u00e1gicos de Tamaulipas result\u00f3 fundamental, al deleitar a los visitantes con bailables y exquisita, quienes tuvieron la oportunidad de descubrir las maravillas que ofrece Tamaulipas.<\/p>\n\n\n\n<p>Las presentaciones culturales de los pueblos m\u00e1gicos de Tula y Mier, as\u00ed como la venta de artesan\u00edas t\u00edpicas y la degustaci\u00f3n de la variada gastronom\u00eda local, no solo contribuyeron a destacar la autenticidad de la cultura, sino que tambi\u00e9n generaron ingresos adicionales para las familias que formaron parte de la delegaci\u00f3n de Tamaulipas en este prestigioso tianguis.<\/p>\n\n\n<figure class=\"wp-block-post-featured-image\"><img width=\"240\" height=\"172\" src=\"https:\/\/cabellonews.com\/wp-content\/uploads\/2023\/11\/403c0a75-dee4-4769-9916-f5b173115d8e-240x172.jpeg\" class=\"attachment-post-thumbnail size-post-thumbnail wp-post-image\" alt=\"\" decoding=\"async\" loading=\"lazy\" \/><\/figure>\n\n\n<pre class=\"wp-block-code\"><code>     *     *    *<\/code><\/pre>\n","protected":false},"excerpt":{"rendered":"<p>Noviembre 23 de 2023 Pachuca de Soto, Hidalgo. &#8211; Tamaulipas particip\u00f3 en el tianguis de Pueblos M\u00e1gicos 2023 realizado en la ciudad de Pachuca, Hidalgo en el cual, se mostraron las riquezas culturales, artesanales, gastron\u00f3micas y culturales de los Pueblos M\u00e1gicos de Tula y de Mier. El secretario de Turismo, Benjam\u00edn Hern\u00e1ndez Rodr\u00edguez afirm\u00f3 que la participaci\u00f3n de Tamaulipas en el Tianguis de Pueblos M\u00e1gicos 2023 en Pachuca, Hidalgo, no es casualidad, sino que es un paso estrat\u00e9gico para dar a conocer las innumerables virtudes con las que cuenta la&hellip;<\/p>\n","protected":false},"author":1,"featured_media":703,"comment_status":"open","ping_status":"open","sticky":false,"template":"","format":"standard","meta":[],"categories":[1],"tags":[],"gutentor_comment":0,"yoast_head":"<!-- This site is optimized with the Yoast SEO plugin v20.10 - https:\/\/yoast.com\/wordpress\/plugins\/seo\/ -->\n<title>Participa Tamaulipas en la 5ta edici\u00f3n del Tianguis de Pueblos M\u00e1gicos 2023 - cabellonews.com<\/title>\n<meta name=\"robots\" content=\"index, follow, max-snippet:-1, max-image-preview:large, max-video-preview:-1\" \/>\n<link rel=\"canonical\" href=\"https:\/\/cabellonews.com\/?p=702\" \/>\n<meta property=\"og:locale\" content=\"en_US\" \/>\n<meta property=\"og:type\" content=\"article\" \/>\n<meta property=\"og:title\" content=\"Participa Tamaulipas en la 5ta edici\u00f3n del Tianguis de Pueblos M\u00e1gicos 2023 - cabellonews.com\" \/>\n<meta property=\"og:description\" content=\"Noviembre 23 de 2023 Pachuca de Soto, Hidalgo. &#8211; Tamaulipas particip\u00f3 en el tianguis de Pueblos M\u00e1gicos 2023 realizado en la ciudad de Pachuca, Hidalgo en el cual, se mostraron las riquezas culturales, artesanales, gastron\u00f3micas y culturales de los Pueblos M\u00e1gicos de Tula y de Mier. El secretario de Turismo, Benjam\u00edn Hern\u00e1ndez Rodr\u00edguez afirm\u00f3 que la participaci\u00f3n de Tamaulipas en el Tianguis de Pueblos M\u00e1gicos 2023 en Pachuca, Hidalgo, no es casualidad, sino que es un paso estrat\u00e9gico para dar a conocer las innumerables virtudes con las que cuenta la&hellip;\" \/>\n<meta property=\"og:url\" content=\"https:\/\/cabellonews.com\/?p=702\" \/>\n<meta property=\"og:site_name\" content=\"cabellonews.com\" \/>\n<meta property=\"article:published_time\" content=\"2023-11-24T00:54:57+00:00\" \/>\n<meta property=\"og:image\" content=\"http:\/\/cabellonews.com\/wp-content\/uploads\/2023\/11\/403c0a75-dee4-4769-9916-f5b173115d8e.jpeg\" \/>\n\t<meta property=\"og:image:width\" content=\"1600\" \/>\n\t<meta property=\"og:image:height\" content=\"1066\" \/>\n\t<meta property=\"og:image:type\" content=\"image\/jpeg\" \/>\n<meta name=\"author\" content=\"cabellonews.com\" \/>\n<meta name=\"twitter:card\" content=\"summary_large_image\" \/>\n<meta name=\"twitter:label1\" content=\"Written by\" \/>\n\t<meta name=\"twitter:data1\" content=\"cabellonews.com\" \/>\n\t<meta name=\"twitter:label2\" content=\"Est. reading time\" \/>\n\t<meta name=\"twitter:data2\" content=\"3 minutes\" \/>\n<script type=\"application\/ld+json\" class=\"yoast-schema-graph\">{\"@context\":\"https:\/\/schema.org\",\"@graph\":[{\"@type\":\"WebPage\",\"@id\":\"https:\/\/cabellonews.com\/?p=702\",\"url\":\"https:\/\/cabellonews.com\/?p=702\",\"name\":\"Participa Tamaulipas en la 5ta edici\u00f3n del Tianguis de Pueblos M\u00e1gicos 2023 - cabellonews.com\",\"isPartOf\":{\"@id\":\"https:\/\/cabellonews.com\/#website\"},\"datePublished\":\"2023-11-24T00:54:57+00:00\",\"dateModified\":\"2023-11-24T00:54:57+00:00\",\"author\":{\"@id\":\"https:\/\/cabellonews.com\/#\/schema\/person\/7afe73bafa6cc5a24fd4c67dfd4379d8\"},\"breadcrumb\":{\"@id\":\"https:\/\/cabellonews.com\/?p=702#breadcrumb\"},\"inLanguage\":\"en-US\",\"potentialAction\":[{\"@type\":\"ReadAction\",\"target\":[\"https:\/\/cabellonews.com\/?p=702\"]}]},{\"@type\":\"BreadcrumbList\",\"@id\":\"https:\/\/cabellonews.com\/?p=702#breadcrumb\",\"itemListElement\":[{\"@type\":\"ListItem\",\"position\":1,\"name\":\"Inicio\",\"item\":\"https:\/\/cabellonews.com\/\"},{\"@type\":\"ListItem\",\"position\":2,\"name\":\"Participa Tamaulipas en la 5ta edici\u00f3n del Tianguis de Pueblos M\u00e1gicos 2023\"}]},{\"@type\":\"WebSite\",\"@id\":\"https:\/\/cabellonews.com\/#website\",\"url\":\"https:\/\/cabellonews.com\/\",\"name\":\"cabellonews.com\",\"description\":\"Con Cobertura En Tamaulipas Y norte de Veracruz\",\"potentialAction\":[{\"@type\":\"SearchAction\",\"target\":{\"@type\":\"EntryPoint\",\"urlTemplate\":\"https:\/\/cabellonews.com\/?s={search_term_string}\"},\"query-input\":\"required name=search_term_string\"}],\"inLanguage\":\"en-US\"},{\"@type\":\"Person\",\"@id\":\"https:\/\/cabellonews.com\/#\/schema\/person\/7afe73bafa6cc5a24fd4c67dfd4379d8\",\"name\":\"cabellonews.com\",\"image\":{\"@type\":\"ImageObject\",\"inLanguage\":\"en-US\",\"@id\":\"https:\/\/cabellonews.com\/#\/schema\/person\/image\/\",\"url\":\"https:\/\/secure.gravatar.com\/avatar\/8d6324fc2806389aad4cd38639618406?s=96&d=mm&r=g\",\"contentUrl\":\"https:\/\/secure.gravatar.com\/avatar\/8d6324fc2806389aad4cd38639618406?s=96&d=mm&r=g\",\"caption\":\"cabellonews.com\"},\"sameAs\":[\"http:\/\/cabellonews.com\"],\"url\":\"https:\/\/cabellonews.com\/?author=1\"}]}<\/script>\n<!-- \/ Yoast SEO plugin. -->","yoast_head_json":{"title":"Participa Tamaulipas en la 5ta edici\u00f3n del Tianguis de Pueblos M\u00e1gicos 2023 - cabellonews.com","robots":{"index":"index","follow":"follow","max-snippet":"max-snippet:-1","max-image-preview":"max-image-preview:large","max-video-preview":"max-video-preview:-1"},"canonical":"https:\/\/cabellonews.com\/?p=702","og_locale":"en_US","og_type":"article","og_title":"Participa Tamaulipas en la 5ta edici\u00f3n del Tianguis de Pueblos M\u00e1gicos 2023 - cabellonews.com","og_description":"Noviembre 23 de 2023 Pachuca de Soto, Hidalgo. &#8211; Tamaulipas particip\u00f3 en el tianguis de Pueblos M\u00e1gicos 2023 realizado en la ciudad de Pachuca, Hidalgo en el cual, se mostraron las riquezas culturales, artesanales, gastron\u00f3micas y culturales de los Pueblos M\u00e1gicos de Tula y de Mier. El secretario de Turismo, Benjam\u00edn Hern\u00e1ndez Rodr\u00edguez afirm\u00f3 que la participaci\u00f3n de Tamaulipas en el Tianguis de Pueblos M\u00e1gicos 2023 en Pachuca, Hidalgo, no es casualidad, sino que es un paso estrat\u00e9gico para dar a conocer las innumerables virtudes con las que cuenta la&hellip;","og_url":"https:\/\/cabellonews.com\/?p=702","og_site_name":"cabellonews.com","article_published_time":"2023-11-24T00:54:57+00:00","og_image":[{"width":1600,"height":1066,"url":"http:\/\/cabellonews.com\/wp-content\/uploads\/2023\/11\/403c0a75-dee4-4769-9916-f5b173115d8e.jpeg","type":"image\/jpeg"}],"author":"cabellonews.com","twitter_card":"summary_large_image","twitter_misc":{"Written by":"cabellonews.com","Est. reading time":"3 minutes"},"schema":{"@context":"https:\/\/schema.org","@graph":[{"@type":"WebPage","@id":"https:\/\/cabellonews.com\/?p=702","url":"https:\/\/cabellonews.com\/?p=702","name":"Participa Tamaulipas en la 5ta edici\u00f3n del Tianguis de Pueblos M\u00e1gicos 2023 - cabellonews.com","isPartOf":{"@id":"https:\/\/cabellonews.com\/#website"},"datePublished":"2023-11-24T00:54:57+00:00","dateModified":"2023-11-24T00:54:57+00:00","author":{"@id":"https:\/\/cabellonews.com\/#\/schema\/person\/7afe73bafa6cc5a24fd4c67dfd4379d8"},"breadcrumb":{"@id":"https:\/\/cabellonews.com\/?p=702#breadcrumb"},"inLanguage":"en-US","potentialAction":[{"@type":"ReadAction","target":["https:\/\/cabellonews.com\/?p=702"]}]},{"@type":"BreadcrumbList","@id":"https:\/\/cabellonews.com\/?p=702#breadcrumb","itemListElement":[{"@type":"ListItem","position":1,"name":"Inicio","item":"https:\/\/cabellonews.com\/"},{"@type":"ListItem","position":2,"name":"Participa Tamaulipas en la 5ta edici\u00f3n del Tianguis de Pueblos M\u00e1gicos 2023"}]},{"@type":"WebSite","@id":"https:\/\/cabellonews.com\/#website","url":"https:\/\/cabellonews.com\/","name":"cabellonews.com","description":"Con Cobertura En Tamaulipas Y norte de Veracruz","potentialAction":[{"@type":"SearchAction","target":{"@type":"EntryPoint","urlTemplate":"https:\/\/cabellonews.com\/?s={search_term_string}"},"query-input":"required name=search_term_string"}],"inLanguage":"en-US"},{"@type":"Person","@id":"https:\/\/cabellonews.com\/#\/schema\/person\/7afe73bafa6cc5a24fd4c67dfd4379d8","name":"cabellonews.com","image":{"@type":"ImageObject","inLanguage":"en-US","@id":"https:\/\/cabellonews.com\/#\/schema\/person\/image\/","url":"https:\/\/secure.gravatar.com\/avatar\/8d6324fc2806389aad4cd38639618406?s=96&d=mm&r=g","contentUrl":"https:\/\/secure.gravatar.com\/avatar\/8d6324fc2806389aad4cd38639618406?s=96&d=mm&r=g","caption":"cabellonews.com"},"sameAs":["http:\/\/cabellonews.com"],"url":"https:\/\/cabellonews.com\/?author=1"}]}},"_links":{"self":[{"href":"https:\/\/cabellonews.com\/index.php?rest_route=\/wp\/v2\/posts\/702"}],"collection":[{"href":"https:\/\/cabellonews.com\/index.php?rest_route=\/wp\/v2\/posts"}],"about":[{"href":"https:\/\/cabellonews.com\/index.php?rest_route=\/wp\/v2\/types\/post"}],"author":[{"embeddable":true,"href":"https:\/\/cabellonews.com\/index.php?rest_route=\/wp\/v2\/users\/1"}],"replies":[{"embeddable":true,"href":"https:\/\/cabellonews.com\/index.php?rest_route=%2Fwp%2Fv2%2Fcomments&post=702"}],"version-history":[{"count":1,"href":"https:\/\/cabellonews.com\/index.php?rest_route=\/wp\/v2\/posts\/702\/revisions"}],"predecessor-version":[{"id":704,"href":"https:\/\/cabellonews.com\/index.php?rest_route=\/wp\/v2\/posts\/702\/revisions\/704"}],"wp:featuredmedia":[{"embeddable":true,"href":"https:\/\/cabellonews.com\/index.php?rest_route=\/wp\/v2\/media\/703"}],"wp:attachment":[{"href":"https:\/\/cabellonews.com\/index.php?rest_route=%2Fwp%2Fv2%2Fmedia&parent=702"}],"wp:term":[{"taxonomy":"category","embeddable":true,"href":"https:\/\/cabellonews.com\/index.php?rest_route=%2Fwp%2Fv2%2Fcategories&post=702"},{"taxonomy":"post_tag","embeddable":true,"href":"https:\/\/cabellonews.com\/index.php?rest_route=%2Fwp%2Fv2%2Ftags&post=702"}],"curies":[{"name":"wp","href":"https:\/\/api.w.org\/{rel}","templated":true}]}}