{"id":693,"date":"2023-11-21T23:01:54","date_gmt":"2023-11-21T23:01:54","guid":{"rendered":"https:\/\/cabellonews.com\/?p=693"},"modified":"2023-11-21T23:01:54","modified_gmt":"2023-11-21T23:01:54","slug":"tamaulipecos-entran-a-escena-en-los-juegos-parapanamericanos-2023","status":"publish","type":"post","link":"https:\/\/cabellonews.com\/?p=693","title":{"rendered":"Tamaulipecos entran a escena en los Juegos Parapanamericanos 2023"},"content":{"rendered":"\n<p>Noviembre 21 de 2023<\/p>\n\n\n\n<p>Ciudad Victoria, Tamaulipas.- Los tamaulipecos Priscila Ch\u00e1vez Nava y Daniel Rodr\u00edguez Vel\u00e1zquez, iniciar\u00e1n su participaci\u00f3n en los Juegos Parapanamericanos de Santiago 2023, este 22 de noviembre, competencia en la que ver\u00e1n acci\u00f3n en las pruebas de velocidad dentro de la disciplina de paratletismo.<\/p>\n\n\n\n<p>Priscila Ch\u00e1vez que es oriunda de Miguel Alem\u00e1n, Tamaulipas y que corresponde a la modalidad de T13 (d\u00e9biles visuales), iniciar\u00e1 su actividad este 22 de noviembre en la prueba de 100 metros mientras que el d\u00eda 25 de noviembre lo har\u00e1 en 400 metros.<\/p>\n\n\n\n<p>Por su parte, Daniel Rodr\u00edguez que es de Ciudad Victoria y compite en la modalidad de atletas con par\u00e1lisis cerebral, tendr\u00e1 participaci\u00f3n en 400 metros este mismo 22 de noviembre y el d\u00eda 25 har\u00e1 lo propio en 200 metros planos.<\/p>\n\n\n\n<p>Asimismo, participar\u00e1 en la prueba de relevos 4&#215;100 mixtos esto el d\u00eda 25 de noviembre.<\/p>\n\n\n\n<p>La pista del estadio Julio Mart\u00ednez de Santiago de Chile, ser\u00e1 el escenario en el que los atletas tamaulipecos empezar\u00e1n a representar a M\u00e9xico y buscar\u00e1n colgarse alguna medalla. Ambos a\u00fan est\u00e1n en la pelea por un lugar a los Juegos Paral\u00edmpicos de Par\u00eds 2024, por lo que es importante este evento para ellos.<\/p>\n\n\n\n<p>El director general del INDE Tamaulipas, Manuel Raga Navarro, dese\u00f3 \u00e9xito a estos atletas a nombre del gobernador Am\u00e9rico Villarreal y les anim\u00f3 a dejar todo en cada competencia para dejar a Tamaulipas y M\u00e9xico en lo m\u00e1s alto.<\/p>\n\n\n<figure class=\"wp-block-post-featured-image\"><img width=\"240\" height=\"172\" src=\"https:\/\/cabellonews.com\/wp-content\/uploads\/2023\/11\/44be07db-50a4-4da4-8c11-29a5cf901f2b-240x172.jpeg\" class=\"attachment-post-thumbnail size-post-thumbnail wp-post-image\" alt=\"\" decoding=\"async\" loading=\"lazy\" \/><\/figure>\n\n\n<pre class=\"wp-block-code\"><code>     *       *    *<\/code><\/pre>\n","protected":false},"excerpt":{"rendered":"<p>Noviembre 21 de 2023 Ciudad Victoria, Tamaulipas.- Los tamaulipecos Priscila Ch\u00e1vez Nava y Daniel Rodr\u00edguez Vel\u00e1zquez, iniciar\u00e1n su participaci\u00f3n en los Juegos Parapanamericanos de Santiago 2023, este 22 de noviembre, competencia en la que ver\u00e1n acci\u00f3n en las pruebas de velocidad dentro de la disciplina de paratletismo. Priscila Ch\u00e1vez que es oriunda de Miguel Alem\u00e1n, Tamaulipas y que corresponde a la modalidad de T13 (d\u00e9biles visuales), iniciar\u00e1 su actividad este 22 de noviembre en la prueba de 100 metros mientras que el d\u00eda 25 de noviembre lo har\u00e1 en 400&hellip;<\/p>\n","protected":false},"author":1,"featured_media":694,"comment_status":"open","ping_status":"open","sticky":false,"template":"","format":"standard","meta":[],"categories":[1],"tags":[],"gutentor_comment":0,"yoast_head":"<!-- This site is optimized with the Yoast SEO plugin v20.10 - https:\/\/yoast.com\/wordpress\/plugins\/seo\/ -->\n<title>Tamaulipecos entran a escena en los Juegos Parapanamericanos 2023 - cabellonews.com<\/title>\n<meta name=\"robots\" content=\"index, follow, max-snippet:-1, max-image-preview:large, max-video-preview:-1\" \/>\n<link rel=\"canonical\" href=\"https:\/\/cabellonews.com\/?p=693\" \/>\n<meta property=\"og:locale\" content=\"en_US\" \/>\n<meta property=\"og:type\" content=\"article\" \/>\n<meta property=\"og:title\" content=\"Tamaulipecos entran a escena en los Juegos Parapanamericanos 2023 - cabellonews.com\" \/>\n<meta property=\"og:description\" content=\"Noviembre 21 de 2023 Ciudad Victoria, Tamaulipas.- Los tamaulipecos Priscila Ch\u00e1vez Nava y Daniel Rodr\u00edguez Vel\u00e1zquez, iniciar\u00e1n su participaci\u00f3n en los Juegos Parapanamericanos de Santiago 2023, este 22 de noviembre, competencia en la que ver\u00e1n acci\u00f3n en las pruebas de velocidad dentro de la disciplina de paratletismo. Priscila Ch\u00e1vez que es oriunda de Miguel Alem\u00e1n, Tamaulipas y que corresponde a la modalidad de T13 (d\u00e9biles visuales), iniciar\u00e1 su actividad este 22 de noviembre en la prueba de 100 metros mientras que el d\u00eda 25 de noviembre lo har\u00e1 en 400&hellip;\" \/>\n<meta property=\"og:url\" content=\"https:\/\/cabellonews.com\/?p=693\" \/>\n<meta property=\"og:site_name\" content=\"cabellonews.com\" \/>\n<meta property=\"article:published_time\" content=\"2023-11-21T23:01:54+00:00\" \/>\n<meta property=\"og:image\" content=\"http:\/\/cabellonews.com\/wp-content\/uploads\/2023\/11\/44be07db-50a4-4da4-8c11-29a5cf901f2b.jpeg\" \/>\n\t<meta property=\"og:image:width\" content=\"1600\" \/>\n\t<meta property=\"og:image:height\" content=\"721\" \/>\n\t<meta property=\"og:image:type\" content=\"image\/jpeg\" \/>\n<meta name=\"author\" content=\"cabellonews.com\" \/>\n<meta name=\"twitter:card\" content=\"summary_large_image\" \/>\n<meta name=\"twitter:label1\" content=\"Written by\" \/>\n\t<meta name=\"twitter:data1\" content=\"cabellonews.com\" \/>\n\t<meta name=\"twitter:label2\" content=\"Est. reading time\" \/>\n\t<meta name=\"twitter:data2\" content=\"2 minutes\" \/>\n<script type=\"application\/ld+json\" class=\"yoast-schema-graph\">{\"@context\":\"https:\/\/schema.org\",\"@graph\":[{\"@type\":\"WebPage\",\"@id\":\"https:\/\/cabellonews.com\/?p=693\",\"url\":\"https:\/\/cabellonews.com\/?p=693\",\"name\":\"Tamaulipecos entran a escena en los Juegos Parapanamericanos 2023 - cabellonews.com\",\"isPartOf\":{\"@id\":\"https:\/\/cabellonews.com\/#website\"},\"datePublished\":\"2023-11-21T23:01:54+00:00\",\"dateModified\":\"2023-11-21T23:01:54+00:00\",\"author\":{\"@id\":\"https:\/\/cabellonews.com\/#\/schema\/person\/7afe73bafa6cc5a24fd4c67dfd4379d8\"},\"breadcrumb\":{\"@id\":\"https:\/\/cabellonews.com\/?p=693#breadcrumb\"},\"inLanguage\":\"en-US\",\"potentialAction\":[{\"@type\":\"ReadAction\",\"target\":[\"https:\/\/cabellonews.com\/?p=693\"]}]},{\"@type\":\"BreadcrumbList\",\"@id\":\"https:\/\/cabellonews.com\/?p=693#breadcrumb\",\"itemListElement\":[{\"@type\":\"ListItem\",\"position\":1,\"name\":\"Inicio\",\"item\":\"https:\/\/cabellonews.com\/\"},{\"@type\":\"ListItem\",\"position\":2,\"name\":\"Tamaulipecos entran a escena en los Juegos Parapanamericanos 2023\"}]},{\"@type\":\"WebSite\",\"@id\":\"https:\/\/cabellonews.com\/#website\",\"url\":\"https:\/\/cabellonews.com\/\",\"name\":\"cabellonews.com\",\"description\":\"Con Cobertura En Tamaulipas Y norte de Veracruz\",\"potentialAction\":[{\"@type\":\"SearchAction\",\"target\":{\"@type\":\"EntryPoint\",\"urlTemplate\":\"https:\/\/cabellonews.com\/?s={search_term_string}\"},\"query-input\":\"required name=search_term_string\"}],\"inLanguage\":\"en-US\"},{\"@type\":\"Person\",\"@id\":\"https:\/\/cabellonews.com\/#\/schema\/person\/7afe73bafa6cc5a24fd4c67dfd4379d8\",\"name\":\"cabellonews.com\",\"image\":{\"@type\":\"ImageObject\",\"inLanguage\":\"en-US\",\"@id\":\"https:\/\/cabellonews.com\/#\/schema\/person\/image\/\",\"url\":\"https:\/\/secure.gravatar.com\/avatar\/8d6324fc2806389aad4cd38639618406?s=96&d=mm&r=g\",\"contentUrl\":\"https:\/\/secure.gravatar.com\/avatar\/8d6324fc2806389aad4cd38639618406?s=96&d=mm&r=g\",\"caption\":\"cabellonews.com\"},\"sameAs\":[\"http:\/\/cabellonews.com\"],\"url\":\"https:\/\/cabellonews.com\/?author=1\"}]}<\/script>\n<!-- \/ Yoast SEO plugin. -->","yoast_head_json":{"title":"Tamaulipecos entran a escena en los Juegos Parapanamericanos 2023 - cabellonews.com","robots":{"index":"index","follow":"follow","max-snippet":"max-snippet:-1","max-image-preview":"max-image-preview:large","max-video-preview":"max-video-preview:-1"},"canonical":"https:\/\/cabellonews.com\/?p=693","og_locale":"en_US","og_type":"article","og_title":"Tamaulipecos entran a escena en los Juegos Parapanamericanos 2023 - cabellonews.com","og_description":"Noviembre 21 de 2023 Ciudad Victoria, Tamaulipas.- Los tamaulipecos Priscila Ch\u00e1vez Nava y Daniel Rodr\u00edguez Vel\u00e1zquez, iniciar\u00e1n su participaci\u00f3n en los Juegos Parapanamericanos de Santiago 2023, este 22 de noviembre, competencia en la que ver\u00e1n acci\u00f3n en las pruebas de velocidad dentro de la disciplina de paratletismo. Priscila Ch\u00e1vez que es oriunda de Miguel Alem\u00e1n, Tamaulipas y que corresponde a la modalidad de T13 (d\u00e9biles visuales), iniciar\u00e1 su actividad este 22 de noviembre en la prueba de 100 metros mientras que el d\u00eda 25 de noviembre lo har\u00e1 en 400&hellip;","og_url":"https:\/\/cabellonews.com\/?p=693","og_site_name":"cabellonews.com","article_published_time":"2023-11-21T23:01:54+00:00","og_image":[{"width":1600,"height":721,"url":"http:\/\/cabellonews.com\/wp-content\/uploads\/2023\/11\/44be07db-50a4-4da4-8c11-29a5cf901f2b.jpeg","type":"image\/jpeg"}],"author":"cabellonews.com","twitter_card":"summary_large_image","twitter_misc":{"Written by":"cabellonews.com","Est. reading time":"2 minutes"},"schema":{"@context":"https:\/\/schema.org","@graph":[{"@type":"WebPage","@id":"https:\/\/cabellonews.com\/?p=693","url":"https:\/\/cabellonews.com\/?p=693","name":"Tamaulipecos entran a escena en los Juegos Parapanamericanos 2023 - cabellonews.com","isPartOf":{"@id":"https:\/\/cabellonews.com\/#website"},"datePublished":"2023-11-21T23:01:54+00:00","dateModified":"2023-11-21T23:01:54+00:00","author":{"@id":"https:\/\/cabellonews.com\/#\/schema\/person\/7afe73bafa6cc5a24fd4c67dfd4379d8"},"breadcrumb":{"@id":"https:\/\/cabellonews.com\/?p=693#breadcrumb"},"inLanguage":"en-US","potentialAction":[{"@type":"ReadAction","target":["https:\/\/cabellonews.com\/?p=693"]}]},{"@type":"BreadcrumbList","@id":"https:\/\/cabellonews.com\/?p=693#breadcrumb","itemListElement":[{"@type":"ListItem","position":1,"name":"Inicio","item":"https:\/\/cabellonews.com\/"},{"@type":"ListItem","position":2,"name":"Tamaulipecos entran a escena en los Juegos Parapanamericanos 2023"}]},{"@type":"WebSite","@id":"https:\/\/cabellonews.com\/#website","url":"https:\/\/cabellonews.com\/","name":"cabellonews.com","description":"Con Cobertura En Tamaulipas Y norte de Veracruz","potentialAction":[{"@type":"SearchAction","target":{"@type":"EntryPoint","urlTemplate":"https:\/\/cabellonews.com\/?s={search_term_string}"},"query-input":"required name=search_term_string"}],"inLanguage":"en-US"},{"@type":"Person","@id":"https:\/\/cabellonews.com\/#\/schema\/person\/7afe73bafa6cc5a24fd4c67dfd4379d8","name":"cabellonews.com","image":{"@type":"ImageObject","inLanguage":"en-US","@id":"https:\/\/cabellonews.com\/#\/schema\/person\/image\/","url":"https:\/\/secure.gravatar.com\/avatar\/8d6324fc2806389aad4cd38639618406?s=96&d=mm&r=g","contentUrl":"https:\/\/secure.gravatar.com\/avatar\/8d6324fc2806389aad4cd38639618406?s=96&d=mm&r=g","caption":"cabellonews.com"},"sameAs":["http:\/\/cabellonews.com"],"url":"https:\/\/cabellonews.com\/?author=1"}]}},"_links":{"self":[{"href":"https:\/\/cabellonews.com\/index.php?rest_route=\/wp\/v2\/posts\/693"}],"collection":[{"href":"https:\/\/cabellonews.com\/index.php?rest_route=\/wp\/v2\/posts"}],"about":[{"href":"https:\/\/cabellonews.com\/index.php?rest_route=\/wp\/v2\/types\/post"}],"author":[{"embeddable":true,"href":"https:\/\/cabellonews.com\/index.php?rest_route=\/wp\/v2\/users\/1"}],"replies":[{"embeddable":true,"href":"https:\/\/cabellonews.com\/index.php?rest_route=%2Fwp%2Fv2%2Fcomments&post=693"}],"version-history":[{"count":1,"href":"https:\/\/cabellonews.com\/index.php?rest_route=\/wp\/v2\/posts\/693\/revisions"}],"predecessor-version":[{"id":695,"href":"https:\/\/cabellonews.com\/index.php?rest_route=\/wp\/v2\/posts\/693\/revisions\/695"}],"wp:featuredmedia":[{"embeddable":true,"href":"https:\/\/cabellonews.com\/index.php?rest_route=\/wp\/v2\/media\/694"}],"wp:attachment":[{"href":"https:\/\/cabellonews.com\/index.php?rest_route=%2Fwp%2Fv2%2Fmedia&parent=693"}],"wp:term":[{"taxonomy":"category","embeddable":true,"href":"https:\/\/cabellonews.com\/index.php?rest_route=%2Fwp%2Fv2%2Fcategories&post=693"},{"taxonomy":"post_tag","embeddable":true,"href":"https:\/\/cabellonews.com\/index.php?rest_route=%2Fwp%2Fv2%2Ftags&post=693"}],"curies":[{"name":"wp","href":"https:\/\/api.w.org\/{rel}","templated":true}]}}