{"id":687,"date":"2023-11-20T22:22:27","date_gmt":"2023-11-20T22:22:27","guid":{"rendered":"https:\/\/cabellonews.com\/?p=687"},"modified":"2023-11-20T22:22:27","modified_gmt":"2023-11-20T22:22:27","slug":"preside-gobernador-de-tamaulipas-desfile-conmemorativo-de-la-revolucion-mexicana","status":"publish","type":"post","link":"https:\/\/cabellonews.com\/?p=687","title":{"rendered":"Preside gobernador de Tamaulipas desfile conmemorativo de la Revoluci\u00f3n Mexicana"},"content":{"rendered":"\n<p>Noviembre 20 de 2023<\/p>\n\n\n\n<p>Ciudad Victoria, Tamaulipas.- El gobernador Am\u00e9rico Villarreal Anaya presidi\u00f3 en esta capital, el tradicional desfile c\u00edvico-deportivo militar con motivo del 113 aniversario del inicio de la Revoluci\u00f3n Mexicana, en el que se cont\u00f3 con m\u00e1s de 2 mil 600 participantes.<\/p>\n\n\n\n<p>Durante tres horas y media, el ejecutivo estatal y la doctora Mar\u00eda de Villarreal, presidenta del DIF Tamaulipas, los titulares de los Poderes Legislativo y Judicial y mandos de las Fuerzas Armadas presenciaron el desfile, al igual que las familias que se dieron cita a lo largo del bulevard Tamaulipas.<\/p>\n\n\n\n<p>Al t\u00e9rmino del evento, el coronel D.E.M. Rodolfo Diz\u00e1n Gayt\u00e1n Cortez, comandante del 77 Batall\u00f3n de Infanter\u00eda y de la Columna del Desfile dio a conocer el parte de novedades informando que se cont\u00f3 con la participaci\u00f3n de: una bandera de guerra, 35 banderas nacionales, 15 escudos de Tamaulipas; 3 jefes, 11 oficiales, 142 de tropa adscritos a la 48\/a. Zona Militar; 80 elementos de la Secretar\u00eda de Marina, 31 elementos de la Guardia Nacional; 90 elementos de la Guardia Estatal y 54 conscriptos del Servicio Militar Nacional.<\/p>\n\n\n\n<p>Agreg\u00f3 que tambi\u00e9n formaron parte 2 mil 200 alumnos de nivel b\u00e1sico, medio superior y superior del Estado; 43 veh\u00edculos, 9 motocicletas, 20 caballos, 2 canes y 2 embarcaciones; &#8220;todos ellos sin novedad&#8221;, report\u00f3.<\/p>\n\n\n\n<p>La participaci\u00f3n de los elementos de la Secretar\u00eda de la Defensa Nacional destac\u00f3 por escenificar con carros aleg\u00f3ricos y personificaciones a los caudillos revolucionarios en las diferentes etapas hist\u00f3ricas de la transformaci\u00f3n en M\u00e9xico.<\/p>\n\n\n\n<p>En el contingente de la Guardia Estatal se represent\u00f3 al profesor y general Alberto Carrera Torres y a destacados tamaulipecos que participaron en el movimiento revolucionario como Emilio y Francisco V\u00e1zquez G\u00f3mez, Isadora Ovalle, Josefa Zozaya y Leonor Villegas.<\/p>\n\n\n\n<p>Por su parte, los planteles educativos realizaron diversas rutinas, tablas gimn\u00e1sticas, pir\u00e1mides monumentales, saltos acrob\u00e1ticos, saltos de cuerda y bailables al son de m\u00fasica mexicana, ante el entusiasmo y los aplausos de las y los presentes.<\/p>\n\n\n\n<p>En este emotivo evento acompa\u00f1aron al gobernador: el general D.E.M. Julio C\u00e9sar Islas S\u00e1nchez, comandante de la 48\/a. Zona Militar; vicealmirante D.E.M. Gabriel Pablo Gonz\u00e1lez Contreras, comandante de la Primera Regi\u00f3n Naval y el general Francisco Alvarado Ter\u00e1n, coordinador estatal de la Guardia Nacional.<\/p>\n\n\n\n<p>Tambi\u00e9n se dieron cita: la diputada \u00darsula Salazar Mojica, presidenta de la Junta Coordinaci\u00f3n Pol\u00edtica del Congreso Local; magistrado David Cerda Z\u00fa\u00f1iga, presidente del Supremo Tribunal de Justicia; Sergio Hernando Ch\u00e1vez Garc\u00eda, secretario de Seguridad P\u00fablica; el presidente municipal de Victoria, Eduardo Gatt\u00e1s B\u00e1ez; el diputado federal, Erasmo Gonz\u00e1lez Robledo; Felipe Garza Narv\u00e1ez, delegado de la Secretar\u00eda de Gobernaci\u00f3n y Luis Lauro Reyes Rodr\u00edguez, delegado federal de Programas para el Bienestar.<\/p>\n\n\n<figure class=\"wp-block-post-featured-image\"><img width=\"240\" height=\"172\" src=\"https:\/\/cabellonews.com\/wp-content\/uploads\/2023\/11\/938366d7-7b5b-4c9b-a646-509b69e6585f-240x172.jpeg\" class=\"attachment-post-thumbnail size-post-thumbnail wp-post-image\" alt=\"\" decoding=\"async\" loading=\"lazy\" \/><\/figure>\n\n\n<pre class=\"wp-block-code\"><code>     *    *    *<\/code><\/pre>\n","protected":false},"excerpt":{"rendered":"<p>Noviembre 20 de 2023 Ciudad Victoria, Tamaulipas.- El gobernador Am\u00e9rico Villarreal Anaya presidi\u00f3 en esta capital, el tradicional desfile c\u00edvico-deportivo militar con motivo del 113 aniversario del inicio de la Revoluci\u00f3n Mexicana, en el que se cont\u00f3 con m\u00e1s de 2 mil 600 participantes. Durante tres horas y media, el ejecutivo estatal y la doctora Mar\u00eda de Villarreal, presidenta del DIF Tamaulipas, los titulares de los Poderes Legislativo y Judicial y mandos de las Fuerzas Armadas presenciaron el desfile, al igual que las familias que se dieron cita a lo&hellip;<\/p>\n","protected":false},"author":1,"featured_media":688,"comment_status":"open","ping_status":"open","sticky":false,"template":"","format":"standard","meta":[],"categories":[1],"tags":[],"gutentor_comment":0,"yoast_head":"<!-- This site is optimized with the Yoast SEO plugin v20.10 - https:\/\/yoast.com\/wordpress\/plugins\/seo\/ -->\n<title>Preside gobernador de Tamaulipas desfile conmemorativo de la Revoluci\u00f3n Mexicana - cabellonews.com<\/title>\n<meta name=\"robots\" content=\"index, follow, max-snippet:-1, max-image-preview:large, max-video-preview:-1\" \/>\n<link rel=\"canonical\" href=\"https:\/\/cabellonews.com\/?p=687\" \/>\n<meta property=\"og:locale\" content=\"en_US\" \/>\n<meta property=\"og:type\" content=\"article\" \/>\n<meta property=\"og:title\" content=\"Preside gobernador de Tamaulipas desfile conmemorativo de la Revoluci\u00f3n Mexicana - cabellonews.com\" \/>\n<meta property=\"og:description\" content=\"Noviembre 20 de 2023 Ciudad Victoria, Tamaulipas.- El gobernador Am\u00e9rico Villarreal Anaya presidi\u00f3 en esta capital, el tradicional desfile c\u00edvico-deportivo militar con motivo del 113 aniversario del inicio de la Revoluci\u00f3n Mexicana, en el que se cont\u00f3 con m\u00e1s de 2 mil 600 participantes. Durante tres horas y media, el ejecutivo estatal y la doctora Mar\u00eda de Villarreal, presidenta del DIF Tamaulipas, los titulares de los Poderes Legislativo y Judicial y mandos de las Fuerzas Armadas presenciaron el desfile, al igual que las familias que se dieron cita a lo&hellip;\" \/>\n<meta property=\"og:url\" content=\"https:\/\/cabellonews.com\/?p=687\" \/>\n<meta property=\"og:site_name\" content=\"cabellonews.com\" \/>\n<meta property=\"article:published_time\" content=\"2023-11-20T22:22:27+00:00\" \/>\n<meta property=\"og:image\" content=\"http:\/\/cabellonews.com\/wp-content\/uploads\/2023\/11\/938366d7-7b5b-4c9b-a646-509b69e6585f.jpeg\" \/>\n\t<meta property=\"og:image:width\" content=\"1600\" \/>\n\t<meta property=\"og:image:height\" content=\"1066\" \/>\n\t<meta property=\"og:image:type\" content=\"image\/jpeg\" \/>\n<meta name=\"author\" content=\"cabellonews.com\" \/>\n<meta name=\"twitter:card\" content=\"summary_large_image\" \/>\n<meta name=\"twitter:label1\" content=\"Written by\" \/>\n\t<meta name=\"twitter:data1\" content=\"cabellonews.com\" \/>\n\t<meta name=\"twitter:label2\" content=\"Est. reading time\" \/>\n\t<meta name=\"twitter:data2\" content=\"3 minutes\" \/>\n<script type=\"application\/ld+json\" class=\"yoast-schema-graph\">{\"@context\":\"https:\/\/schema.org\",\"@graph\":[{\"@type\":\"WebPage\",\"@id\":\"https:\/\/cabellonews.com\/?p=687\",\"url\":\"https:\/\/cabellonews.com\/?p=687\",\"name\":\"Preside gobernador de Tamaulipas desfile conmemorativo de la Revoluci\u00f3n Mexicana - cabellonews.com\",\"isPartOf\":{\"@id\":\"https:\/\/cabellonews.com\/#website\"},\"datePublished\":\"2023-11-20T22:22:27+00:00\",\"dateModified\":\"2023-11-20T22:22:27+00:00\",\"author\":{\"@id\":\"https:\/\/cabellonews.com\/#\/schema\/person\/7afe73bafa6cc5a24fd4c67dfd4379d8\"},\"breadcrumb\":{\"@id\":\"https:\/\/cabellonews.com\/?p=687#breadcrumb\"},\"inLanguage\":\"en-US\",\"potentialAction\":[{\"@type\":\"ReadAction\",\"target\":[\"https:\/\/cabellonews.com\/?p=687\"]}]},{\"@type\":\"BreadcrumbList\",\"@id\":\"https:\/\/cabellonews.com\/?p=687#breadcrumb\",\"itemListElement\":[{\"@type\":\"ListItem\",\"position\":1,\"name\":\"Inicio\",\"item\":\"https:\/\/cabellonews.com\/\"},{\"@type\":\"ListItem\",\"position\":2,\"name\":\"Preside gobernador de Tamaulipas desfile conmemorativo de la Revoluci\u00f3n Mexicana\"}]},{\"@type\":\"WebSite\",\"@id\":\"https:\/\/cabellonews.com\/#website\",\"url\":\"https:\/\/cabellonews.com\/\",\"name\":\"cabellonews.com\",\"description\":\"Con Cobertura En Tamaulipas Y norte de Veracruz\",\"potentialAction\":[{\"@type\":\"SearchAction\",\"target\":{\"@type\":\"EntryPoint\",\"urlTemplate\":\"https:\/\/cabellonews.com\/?s={search_term_string}\"},\"query-input\":\"required name=search_term_string\"}],\"inLanguage\":\"en-US\"},{\"@type\":\"Person\",\"@id\":\"https:\/\/cabellonews.com\/#\/schema\/person\/7afe73bafa6cc5a24fd4c67dfd4379d8\",\"name\":\"cabellonews.com\",\"image\":{\"@type\":\"ImageObject\",\"inLanguage\":\"en-US\",\"@id\":\"https:\/\/cabellonews.com\/#\/schema\/person\/image\/\",\"url\":\"https:\/\/secure.gravatar.com\/avatar\/8d6324fc2806389aad4cd38639618406?s=96&d=mm&r=g\",\"contentUrl\":\"https:\/\/secure.gravatar.com\/avatar\/8d6324fc2806389aad4cd38639618406?s=96&d=mm&r=g\",\"caption\":\"cabellonews.com\"},\"sameAs\":[\"http:\/\/cabellonews.com\"],\"url\":\"https:\/\/cabellonews.com\/?author=1\"}]}<\/script>\n<!-- \/ Yoast SEO plugin. -->","yoast_head_json":{"title":"Preside gobernador de Tamaulipas desfile conmemorativo de la Revoluci\u00f3n Mexicana - cabellonews.com","robots":{"index":"index","follow":"follow","max-snippet":"max-snippet:-1","max-image-preview":"max-image-preview:large","max-video-preview":"max-video-preview:-1"},"canonical":"https:\/\/cabellonews.com\/?p=687","og_locale":"en_US","og_type":"article","og_title":"Preside gobernador de Tamaulipas desfile conmemorativo de la Revoluci\u00f3n Mexicana - cabellonews.com","og_description":"Noviembre 20 de 2023 Ciudad Victoria, Tamaulipas.- El gobernador Am\u00e9rico Villarreal Anaya presidi\u00f3 en esta capital, el tradicional desfile c\u00edvico-deportivo militar con motivo del 113 aniversario del inicio de la Revoluci\u00f3n Mexicana, en el que se cont\u00f3 con m\u00e1s de 2 mil 600 participantes. Durante tres horas y media, el ejecutivo estatal y la doctora Mar\u00eda de Villarreal, presidenta del DIF Tamaulipas, los titulares de los Poderes Legislativo y Judicial y mandos de las Fuerzas Armadas presenciaron el desfile, al igual que las familias que se dieron cita a lo&hellip;","og_url":"https:\/\/cabellonews.com\/?p=687","og_site_name":"cabellonews.com","article_published_time":"2023-11-20T22:22:27+00:00","og_image":[{"width":1600,"height":1066,"url":"http:\/\/cabellonews.com\/wp-content\/uploads\/2023\/11\/938366d7-7b5b-4c9b-a646-509b69e6585f.jpeg","type":"image\/jpeg"}],"author":"cabellonews.com","twitter_card":"summary_large_image","twitter_misc":{"Written by":"cabellonews.com","Est. reading time":"3 minutes"},"schema":{"@context":"https:\/\/schema.org","@graph":[{"@type":"WebPage","@id":"https:\/\/cabellonews.com\/?p=687","url":"https:\/\/cabellonews.com\/?p=687","name":"Preside gobernador de Tamaulipas desfile conmemorativo de la Revoluci\u00f3n Mexicana - cabellonews.com","isPartOf":{"@id":"https:\/\/cabellonews.com\/#website"},"datePublished":"2023-11-20T22:22:27+00:00","dateModified":"2023-11-20T22:22:27+00:00","author":{"@id":"https:\/\/cabellonews.com\/#\/schema\/person\/7afe73bafa6cc5a24fd4c67dfd4379d8"},"breadcrumb":{"@id":"https:\/\/cabellonews.com\/?p=687#breadcrumb"},"inLanguage":"en-US","potentialAction":[{"@type":"ReadAction","target":["https:\/\/cabellonews.com\/?p=687"]}]},{"@type":"BreadcrumbList","@id":"https:\/\/cabellonews.com\/?p=687#breadcrumb","itemListElement":[{"@type":"ListItem","position":1,"name":"Inicio","item":"https:\/\/cabellonews.com\/"},{"@type":"ListItem","position":2,"name":"Preside gobernador de Tamaulipas desfile conmemorativo de la Revoluci\u00f3n Mexicana"}]},{"@type":"WebSite","@id":"https:\/\/cabellonews.com\/#website","url":"https:\/\/cabellonews.com\/","name":"cabellonews.com","description":"Con Cobertura En Tamaulipas Y norte de Veracruz","potentialAction":[{"@type":"SearchAction","target":{"@type":"EntryPoint","urlTemplate":"https:\/\/cabellonews.com\/?s={search_term_string}"},"query-input":"required name=search_term_string"}],"inLanguage":"en-US"},{"@type":"Person","@id":"https:\/\/cabellonews.com\/#\/schema\/person\/7afe73bafa6cc5a24fd4c67dfd4379d8","name":"cabellonews.com","image":{"@type":"ImageObject","inLanguage":"en-US","@id":"https:\/\/cabellonews.com\/#\/schema\/person\/image\/","url":"https:\/\/secure.gravatar.com\/avatar\/8d6324fc2806389aad4cd38639618406?s=96&d=mm&r=g","contentUrl":"https:\/\/secure.gravatar.com\/avatar\/8d6324fc2806389aad4cd38639618406?s=96&d=mm&r=g","caption":"cabellonews.com"},"sameAs":["http:\/\/cabellonews.com"],"url":"https:\/\/cabellonews.com\/?author=1"}]}},"_links":{"self":[{"href":"https:\/\/cabellonews.com\/index.php?rest_route=\/wp\/v2\/posts\/687"}],"collection":[{"href":"https:\/\/cabellonews.com\/index.php?rest_route=\/wp\/v2\/posts"}],"about":[{"href":"https:\/\/cabellonews.com\/index.php?rest_route=\/wp\/v2\/types\/post"}],"author":[{"embeddable":true,"href":"https:\/\/cabellonews.com\/index.php?rest_route=\/wp\/v2\/users\/1"}],"replies":[{"embeddable":true,"href":"https:\/\/cabellonews.com\/index.php?rest_route=%2Fwp%2Fv2%2Fcomments&post=687"}],"version-history":[{"count":1,"href":"https:\/\/cabellonews.com\/index.php?rest_route=\/wp\/v2\/posts\/687\/revisions"}],"predecessor-version":[{"id":689,"href":"https:\/\/cabellonews.com\/index.php?rest_route=\/wp\/v2\/posts\/687\/revisions\/689"}],"wp:featuredmedia":[{"embeddable":true,"href":"https:\/\/cabellonews.com\/index.php?rest_route=\/wp\/v2\/media\/688"}],"wp:attachment":[{"href":"https:\/\/cabellonews.com\/index.php?rest_route=%2Fwp%2Fv2%2Fmedia&parent=687"}],"wp:term":[{"taxonomy":"category","embeddable":true,"href":"https:\/\/cabellonews.com\/index.php?rest_route=%2Fwp%2Fv2%2Fcategories&post=687"},{"taxonomy":"post_tag","embeddable":true,"href":"https:\/\/cabellonews.com\/index.php?rest_route=%2Fwp%2Fv2%2Ftags&post=687"}],"curies":[{"name":"wp","href":"https:\/\/api.w.org\/{rel}","templated":true}]}}