{"id":671,"date":"2023-11-17T03:53:00","date_gmt":"2023-11-17T03:53:00","guid":{"rendered":"https:\/\/cabellonews.com\/?p=671"},"modified":"2023-11-17T03:53:01","modified_gmt":"2023-11-17T03:53:01","slug":"nina-con-cancer-se-convierte-en-guardia-estatal-por-un-dia","status":"publish","type":"post","link":"https:\/\/cabellonews.com\/?p=671","title":{"rendered":"Ni\u00f1a con c\u00e1ncer se convierte en Guardia Estatal por un d\u00eda"},"content":{"rendered":"\n<p>Altamira, Tamaulipas.- La Secretar\u00eda de Seguridad P\u00fablica de Tamaulipas (SSPT) cumpli\u00f3 el sue\u00f1o de la menor Camila Cristal Mar Torres, paciente con c\u00e1ncer infantil, de convertirse en polic\u00eda de la Guardia Estatal por un d\u00eda.<\/p>\n\n\n\n<p>La ni\u00f1a de once a\u00f1os de edad, residente del municipio de Altamira, recorri\u00f3 las instalaciones del Complejo de Seguridad P\u00fablica ubicado en este municipio, en dicho sitio particip\u00f3 en la ceremonia de honores a la bandera, degust\u00f3 un desayuno y un pastel en compa\u00f1\u00eda de integrantes de esta corporaci\u00f3n.<\/p>\n\n\n\n<p>Posteriormente, la menor visit\u00f3 la Playa Miramar ubicada en Ciudad Madero y la Laguna del Carpintero en Tampico en donde se tom\u00f3 fotograf\u00edas en compa\u00f1\u00eda de su madre.<\/p>\n\n\n\n<p>Esta acci\u00f3n se realiz\u00f3 como parte de un esfuerzo coordinado entre elementos de la Guardia Estatal y Guardia Estatal de G\u00e9nero destacamentados en los municipios de la zona conurbada: Tampico, Madero y Altamira, la cual refleja el enfoque humanista de esta administraci\u00f3n encabezada por el gobernador Dr. Am\u00e9rico Villarreal Anaya.<\/p>\n\n\n<figure class=\"wp-block-post-featured-image\"><img width=\"240\" height=\"172\" src=\"https:\/\/cabellonews.com\/wp-content\/uploads\/2023\/11\/b5e3e095-3a8d-41ab-876a-99d5205942d3-240x172.jpeg\" class=\"attachment-post-thumbnail size-post-thumbnail wp-post-image\" alt=\"\" decoding=\"async\" loading=\"lazy\" \/><\/figure>","protected":false},"excerpt":{"rendered":"<p>Altamira, Tamaulipas.- La Secretar\u00eda de Seguridad P\u00fablica de Tamaulipas (SSPT) cumpli\u00f3 el sue\u00f1o de la menor Camila Cristal Mar Torres, paciente con c\u00e1ncer infantil, de convertirse en polic\u00eda de la Guardia Estatal por un d\u00eda. La ni\u00f1a de once a\u00f1os de edad, residente del municipio de Altamira, recorri\u00f3 las instalaciones del Complejo de Seguridad P\u00fablica ubicado en este municipio, en dicho sitio particip\u00f3 en la ceremonia de honores a la bandera, degust\u00f3 un desayuno y un pastel en compa\u00f1\u00eda de integrantes de esta corporaci\u00f3n. Posteriormente, la menor visit\u00f3 la Playa&hellip;<\/p>\n","protected":false},"author":1,"featured_media":672,"comment_status":"open","ping_status":"open","sticky":false,"template":"","format":"standard","meta":[],"categories":[1],"tags":[],"gutentor_comment":0,"yoast_head":"<!-- This site is optimized with the Yoast SEO plugin v20.10 - https:\/\/yoast.com\/wordpress\/plugins\/seo\/ -->\n<title>Ni\u00f1a con c\u00e1ncer se convierte en Guardia Estatal por un d\u00eda - cabellonews.com<\/title>\n<meta name=\"robots\" content=\"index, follow, max-snippet:-1, max-image-preview:large, max-video-preview:-1\" \/>\n<link rel=\"canonical\" href=\"https:\/\/cabellonews.com\/?p=671\" \/>\n<meta property=\"og:locale\" content=\"en_US\" \/>\n<meta property=\"og:type\" content=\"article\" \/>\n<meta property=\"og:title\" content=\"Ni\u00f1a con c\u00e1ncer se convierte en Guardia Estatal por un d\u00eda - cabellonews.com\" \/>\n<meta property=\"og:description\" content=\"Altamira, Tamaulipas.- La Secretar\u00eda de Seguridad P\u00fablica de Tamaulipas (SSPT) cumpli\u00f3 el sue\u00f1o de la menor Camila Cristal Mar Torres, paciente con c\u00e1ncer infantil, de convertirse en polic\u00eda de la Guardia Estatal por un d\u00eda. La ni\u00f1a de once a\u00f1os de edad, residente del municipio de Altamira, recorri\u00f3 las instalaciones del Complejo de Seguridad P\u00fablica ubicado en este municipio, en dicho sitio particip\u00f3 en la ceremonia de honores a la bandera, degust\u00f3 un desayuno y un pastel en compa\u00f1\u00eda de integrantes de esta corporaci\u00f3n. Posteriormente, la menor visit\u00f3 la Playa&hellip;\" \/>\n<meta property=\"og:url\" content=\"https:\/\/cabellonews.com\/?p=671\" \/>\n<meta property=\"og:site_name\" content=\"cabellonews.com\" \/>\n<meta property=\"article:published_time\" content=\"2023-11-17T03:53:00+00:00\" \/>\n<meta property=\"article:modified_time\" content=\"2023-11-17T03:53:01+00:00\" \/>\n<meta property=\"og:image\" content=\"http:\/\/cabellonews.com\/wp-content\/uploads\/2023\/11\/b5e3e095-3a8d-41ab-876a-99d5205942d3.jpeg\" \/>\n\t<meta property=\"og:image:width\" content=\"1140\" \/>\n\t<meta property=\"og:image:height\" content=\"855\" \/>\n\t<meta property=\"og:image:type\" content=\"image\/jpeg\" \/>\n<meta name=\"author\" content=\"cabellonews.com\" \/>\n<meta name=\"twitter:card\" content=\"summary_large_image\" \/>\n<meta name=\"twitter:label1\" content=\"Written by\" \/>\n\t<meta name=\"twitter:data1\" content=\"cabellonews.com\" \/>\n\t<meta name=\"twitter:label2\" content=\"Est. reading time\" \/>\n\t<meta name=\"twitter:data2\" content=\"1 minute\" \/>\n<script type=\"application\/ld+json\" class=\"yoast-schema-graph\">{\"@context\":\"https:\/\/schema.org\",\"@graph\":[{\"@type\":\"WebPage\",\"@id\":\"https:\/\/cabellonews.com\/?p=671\",\"url\":\"https:\/\/cabellonews.com\/?p=671\",\"name\":\"Ni\u00f1a con c\u00e1ncer se convierte en Guardia Estatal por un d\u00eda - cabellonews.com\",\"isPartOf\":{\"@id\":\"https:\/\/cabellonews.com\/#website\"},\"datePublished\":\"2023-11-17T03:53:00+00:00\",\"dateModified\":\"2023-11-17T03:53:01+00:00\",\"author\":{\"@id\":\"https:\/\/cabellonews.com\/#\/schema\/person\/7afe73bafa6cc5a24fd4c67dfd4379d8\"},\"breadcrumb\":{\"@id\":\"https:\/\/cabellonews.com\/?p=671#breadcrumb\"},\"inLanguage\":\"en-US\",\"potentialAction\":[{\"@type\":\"ReadAction\",\"target\":[\"https:\/\/cabellonews.com\/?p=671\"]}]},{\"@type\":\"BreadcrumbList\",\"@id\":\"https:\/\/cabellonews.com\/?p=671#breadcrumb\",\"itemListElement\":[{\"@type\":\"ListItem\",\"position\":1,\"name\":\"Inicio\",\"item\":\"https:\/\/cabellonews.com\/\"},{\"@type\":\"ListItem\",\"position\":2,\"name\":\"Ni\u00f1a con c\u00e1ncer se convierte en Guardia Estatal por un d\u00eda\"}]},{\"@type\":\"WebSite\",\"@id\":\"https:\/\/cabellonews.com\/#website\",\"url\":\"https:\/\/cabellonews.com\/\",\"name\":\"cabellonews.com\",\"description\":\"Con Cobertura En Tamaulipas Y norte de Veracruz\",\"potentialAction\":[{\"@type\":\"SearchAction\",\"target\":{\"@type\":\"EntryPoint\",\"urlTemplate\":\"https:\/\/cabellonews.com\/?s={search_term_string}\"},\"query-input\":\"required name=search_term_string\"}],\"inLanguage\":\"en-US\"},{\"@type\":\"Person\",\"@id\":\"https:\/\/cabellonews.com\/#\/schema\/person\/7afe73bafa6cc5a24fd4c67dfd4379d8\",\"name\":\"cabellonews.com\",\"image\":{\"@type\":\"ImageObject\",\"inLanguage\":\"en-US\",\"@id\":\"https:\/\/cabellonews.com\/#\/schema\/person\/image\/\",\"url\":\"https:\/\/secure.gravatar.com\/avatar\/8d6324fc2806389aad4cd38639618406?s=96&d=mm&r=g\",\"contentUrl\":\"https:\/\/secure.gravatar.com\/avatar\/8d6324fc2806389aad4cd38639618406?s=96&d=mm&r=g\",\"caption\":\"cabellonews.com\"},\"sameAs\":[\"http:\/\/cabellonews.com\"],\"url\":\"https:\/\/cabellonews.com\/?author=1\"}]}<\/script>\n<!-- \/ Yoast SEO plugin. -->","yoast_head_json":{"title":"Ni\u00f1a con c\u00e1ncer se convierte en Guardia Estatal por un d\u00eda - cabellonews.com","robots":{"index":"index","follow":"follow","max-snippet":"max-snippet:-1","max-image-preview":"max-image-preview:large","max-video-preview":"max-video-preview:-1"},"canonical":"https:\/\/cabellonews.com\/?p=671","og_locale":"en_US","og_type":"article","og_title":"Ni\u00f1a con c\u00e1ncer se convierte en Guardia Estatal por un d\u00eda - cabellonews.com","og_description":"Altamira, Tamaulipas.- La Secretar\u00eda de Seguridad P\u00fablica de Tamaulipas (SSPT) cumpli\u00f3 el sue\u00f1o de la menor Camila Cristal Mar Torres, paciente con c\u00e1ncer infantil, de convertirse en polic\u00eda de la Guardia Estatal por un d\u00eda. La ni\u00f1a de once a\u00f1os de edad, residente del municipio de Altamira, recorri\u00f3 las instalaciones del Complejo de Seguridad P\u00fablica ubicado en este municipio, en dicho sitio particip\u00f3 en la ceremonia de honores a la bandera, degust\u00f3 un desayuno y un pastel en compa\u00f1\u00eda de integrantes de esta corporaci\u00f3n. Posteriormente, la menor visit\u00f3 la Playa&hellip;","og_url":"https:\/\/cabellonews.com\/?p=671","og_site_name":"cabellonews.com","article_published_time":"2023-11-17T03:53:00+00:00","article_modified_time":"2023-11-17T03:53:01+00:00","og_image":[{"width":1140,"height":855,"url":"http:\/\/cabellonews.com\/wp-content\/uploads\/2023\/11\/b5e3e095-3a8d-41ab-876a-99d5205942d3.jpeg","type":"image\/jpeg"}],"author":"cabellonews.com","twitter_card":"summary_large_image","twitter_misc":{"Written by":"cabellonews.com","Est. reading time":"1 minute"},"schema":{"@context":"https:\/\/schema.org","@graph":[{"@type":"WebPage","@id":"https:\/\/cabellonews.com\/?p=671","url":"https:\/\/cabellonews.com\/?p=671","name":"Ni\u00f1a con c\u00e1ncer se convierte en Guardia Estatal por un d\u00eda - cabellonews.com","isPartOf":{"@id":"https:\/\/cabellonews.com\/#website"},"datePublished":"2023-11-17T03:53:00+00:00","dateModified":"2023-11-17T03:53:01+00:00","author":{"@id":"https:\/\/cabellonews.com\/#\/schema\/person\/7afe73bafa6cc5a24fd4c67dfd4379d8"},"breadcrumb":{"@id":"https:\/\/cabellonews.com\/?p=671#breadcrumb"},"inLanguage":"en-US","potentialAction":[{"@type":"ReadAction","target":["https:\/\/cabellonews.com\/?p=671"]}]},{"@type":"BreadcrumbList","@id":"https:\/\/cabellonews.com\/?p=671#breadcrumb","itemListElement":[{"@type":"ListItem","position":1,"name":"Inicio","item":"https:\/\/cabellonews.com\/"},{"@type":"ListItem","position":2,"name":"Ni\u00f1a con c\u00e1ncer se convierte en Guardia Estatal por un d\u00eda"}]},{"@type":"WebSite","@id":"https:\/\/cabellonews.com\/#website","url":"https:\/\/cabellonews.com\/","name":"cabellonews.com","description":"Con Cobertura En Tamaulipas Y norte de Veracruz","potentialAction":[{"@type":"SearchAction","target":{"@type":"EntryPoint","urlTemplate":"https:\/\/cabellonews.com\/?s={search_term_string}"},"query-input":"required name=search_term_string"}],"inLanguage":"en-US"},{"@type":"Person","@id":"https:\/\/cabellonews.com\/#\/schema\/person\/7afe73bafa6cc5a24fd4c67dfd4379d8","name":"cabellonews.com","image":{"@type":"ImageObject","inLanguage":"en-US","@id":"https:\/\/cabellonews.com\/#\/schema\/person\/image\/","url":"https:\/\/secure.gravatar.com\/avatar\/8d6324fc2806389aad4cd38639618406?s=96&d=mm&r=g","contentUrl":"https:\/\/secure.gravatar.com\/avatar\/8d6324fc2806389aad4cd38639618406?s=96&d=mm&r=g","caption":"cabellonews.com"},"sameAs":["http:\/\/cabellonews.com"],"url":"https:\/\/cabellonews.com\/?author=1"}]}},"_links":{"self":[{"href":"https:\/\/cabellonews.com\/index.php?rest_route=\/wp\/v2\/posts\/671"}],"collection":[{"href":"https:\/\/cabellonews.com\/index.php?rest_route=\/wp\/v2\/posts"}],"about":[{"href":"https:\/\/cabellonews.com\/index.php?rest_route=\/wp\/v2\/types\/post"}],"author":[{"embeddable":true,"href":"https:\/\/cabellonews.com\/index.php?rest_route=\/wp\/v2\/users\/1"}],"replies":[{"embeddable":true,"href":"https:\/\/cabellonews.com\/index.php?rest_route=%2Fwp%2Fv2%2Fcomments&post=671"}],"version-history":[{"count":1,"href":"https:\/\/cabellonews.com\/index.php?rest_route=\/wp\/v2\/posts\/671\/revisions"}],"predecessor-version":[{"id":673,"href":"https:\/\/cabellonews.com\/index.php?rest_route=\/wp\/v2\/posts\/671\/revisions\/673"}],"wp:featuredmedia":[{"embeddable":true,"href":"https:\/\/cabellonews.com\/index.php?rest_route=\/wp\/v2\/media\/672"}],"wp:attachment":[{"href":"https:\/\/cabellonews.com\/index.php?rest_route=%2Fwp%2Fv2%2Fmedia&parent=671"}],"wp:term":[{"taxonomy":"category","embeddable":true,"href":"https:\/\/cabellonews.com\/index.php?rest_route=%2Fwp%2Fv2%2Fcategories&post=671"},{"taxonomy":"post_tag","embeddable":true,"href":"https:\/\/cabellonews.com\/index.php?rest_route=%2Fwp%2Fv2%2Ftags&post=671"}],"curies":[{"name":"wp","href":"https:\/\/api.w.org\/{rel}","templated":true}]}}