{"id":661,"date":"2023-11-13T06:24:34","date_gmt":"2023-11-13T06:24:34","guid":{"rendered":"https:\/\/cabellonews.com\/?p=661"},"modified":"2023-11-14T07:07:22","modified_gmt":"2023-11-14T07:07:22","slug":"triatlon-nexum-astri-ichich-tenek-corazon-huasteco-2023-detona-economia-en-tamaulipas","status":"publish","type":"post","link":"https:\/\/cabellonews.com\/?p=661","title":{"rendered":"\u201cTriatl\u00f3n Nexum AsTri ICHICH TENEK Coraz\u00f3n Huasteco 2023\u201d detona econom\u00eda en Tamaulipas"},"content":{"rendered":"\n<p>Noviembre 13 de 2023<\/p>\n\n\n\n<p>Tampico, Tamaulipas.- Con una derrama econ\u00f3mica estimada en los 20 millones de pesos, este fin de semana, los municipios de Tampico, Altamira y Ciudad Madero fueron escenarios del Triatl\u00f3n Nexum AsTri ICHICH TENEK Coraz\u00f3n Huasteco 2023, atrayendo a atletas de renombre nacional e internacional a las costas de Tamaulipas, espec\u00edficamente a la Playa Miramar, inform\u00f3 el secretario de Turismo Benjam\u00edn Hern\u00e1ndez Rodr\u00edguez.<\/p>\n\n\n\n<p>Durante el fin de semana, la Expo Tampico dio la bienvenida a miles de atletas provenientes de distintos estados de la Rep\u00fablica y del extranjero, ofreciendo un espacio para la recepci\u00f3n e inscripci\u00f3n.<\/p>\n\n\n\n<p>En este evento, la Secretar\u00eda de Turismo se encarg\u00f3 de entregar kits de bienvenida y material promocional a cada participante, brindando no solo informaci\u00f3n tur\u00edstica, sino tambi\u00e9n transmitiendo la calidez caracter\u00edstica de los tamaulipecos, haciendo que cada atleta se sintiera bien recibido y como en casa.<\/p>\n\n\n\n<p>El evento deportivo comenz\u00f3 a las 6:30 de la ma\u00f1ana del domingo, marcando la primera vez que Tamaulipas alberg\u00f3 el Triatl\u00f3n Internacional AsTri, iniciando en Plaza Gobernadores en el bulevar costero de Playa Miramar.<\/p>\n\n\n\n<p>Esta edici\u00f3n no solo reuni\u00f3 a deportistas adultos de diversas nacionalidades, sino que tambi\u00e9n incorpor\u00f3 competencias para j\u00f3venes en distintas categor\u00edas, resaltando el alcance y diversidad del evento.<\/p>\n\n\n\n<p>El secretario de Turismo, Benjam\u00edn Hern\u00e1ndez Rodr\u00edguez, resalt\u00f3 la trascendencia de tales eventos en la entidad, no solo por la participaci\u00f3n de atletas de talla internacional, sino tambi\u00e9n por el significativo impacto econ\u00f3mico que generan en Tamaulipas.<\/p>\n\n\n\n<p>\u201cEs fundamental para Tamaulipas continuar atrayendo eventos de esta magnitud, no solo por la derrama econ\u00f3mica que generan en nuestra regi\u00f3n costera, sino tambi\u00e9n por el posicionamiento que logramos como destino tur\u00edstico\u201d, afirm\u00f3 el funcionario estatal.<\/p>\n\n\n\n<p>Afirm\u00f3 que el \u00e9xito del \u201cTriatl\u00f3n Nexum AsTri ICHICH TENEK Coraz\u00f3n Huasteco 2023\u201d resalta la gesti\u00f3n efectiva de la Secretar\u00eda de Turismo de Tamaulipas, para atraer eventos internacionales que impulsan el turismo y el liderazgo del gobernador Am\u00e9rico Villarreal Anaya, en la b\u00fasqueda del bienestar de las familias tamaulipecas, adem\u00e1s se realiz\u00f3 un donativo de 250 mil pesos para el DIF Tamaulipas.<\/p>\n\n\n\n<p>\u201cSe reafirman las acciones del gobernador Am\u00e9rico Villarreal Anaya, quien impulsa el deporte, el trabajo en equipo y la uni\u00f3n familiar como pilares fundamentales para la transformaci\u00f3n del estado\u201d, dijo.<\/p>\n\n\n\n<p>El titular de Turismo, Benjam\u00edn Hern\u00e1ndez Rodr\u00edguez, otorg\u00f3 medallas a los ganadores, alent\u00e1ndolos a continuar practicando deporte.<\/p>\n\n\n\n<p>Los ganadores en la categor\u00eda Elite femenina fueron: en primer lugar, Monserrat Vidales Castro, en segundo lugar Sandra Aguilera Rabell y en tercer lugar, Lizbeth Hern\u00e1ndez Pedroza.<\/p>\n\n\n\n<p>Mientras tanto, en la categor\u00eda Elite masculina, el primer lugar fue para Eduardo N\u00fa\u00f1ez G\u00f3mez, seguido por Miguel M\u00e1rquez Alem\u00e1n, en el segundo lugar y Uzziel Valderrabano Ch\u00e1vez, en el tercer lugar. \u00a1Felicitamos a todos los ganadores!<\/p>\n\n\n<figure class=\"wp-block-post-featured-image\"><img width=\"240\" height=\"172\" src=\"https:\/\/cabellonews.com\/wp-content\/uploads\/2023\/11\/00b3fe48-8929-4d2c-addc-854d6a261bf5-240x172.jpeg\" class=\"attachment-post-thumbnail size-post-thumbnail wp-post-image\" alt=\"\" decoding=\"async\" loading=\"lazy\" \/><\/figure>\n\n\n<pre class=\"wp-block-code\"><code>   *       *      *<\/code><\/pre>\n","protected":false},"excerpt":{"rendered":"<p>Noviembre 13 de 2023 Tampico, Tamaulipas.- Con una derrama econ\u00f3mica estimada en los 20 millones de pesos, este fin de semana, los municipios de Tampico, Altamira y Ciudad Madero fueron escenarios del Triatl\u00f3n Nexum AsTri ICHICH TENEK Coraz\u00f3n Huasteco 2023, atrayendo a atletas de renombre nacional e internacional a las costas de Tamaulipas, espec\u00edficamente a la Playa Miramar, inform\u00f3 el secretario de Turismo Benjam\u00edn Hern\u00e1ndez Rodr\u00edguez. Durante el fin de semana, la Expo Tampico dio la bienvenida a miles de atletas provenientes de distintos estados de la Rep\u00fablica y del&hellip;<\/p>\n","protected":false},"author":1,"featured_media":662,"comment_status":"open","ping_status":"open","sticky":false,"template":"","format":"standard","meta":[],"categories":[1],"tags":[],"gutentor_comment":0,"yoast_head":"<!-- This site is optimized with the Yoast SEO plugin v20.10 - https:\/\/yoast.com\/wordpress\/plugins\/seo\/ -->\n<title>\u201cTriatl\u00f3n Nexum AsTri ICHICH TENEK Coraz\u00f3n Huasteco 2023\u201d detona econom\u00eda en Tamaulipas - cabellonews.com<\/title>\n<meta name=\"robots\" content=\"index, follow, max-snippet:-1, max-image-preview:large, max-video-preview:-1\" \/>\n<link rel=\"canonical\" href=\"https:\/\/cabellonews.com\/?p=661\" \/>\n<meta property=\"og:locale\" content=\"en_US\" \/>\n<meta property=\"og:type\" content=\"article\" \/>\n<meta property=\"og:title\" content=\"\u201cTriatl\u00f3n Nexum AsTri ICHICH TENEK Coraz\u00f3n Huasteco 2023\u201d detona econom\u00eda en Tamaulipas - cabellonews.com\" \/>\n<meta property=\"og:description\" content=\"Noviembre 13 de 2023 Tampico, Tamaulipas.- Con una derrama econ\u00f3mica estimada en los 20 millones de pesos, este fin de semana, los municipios de Tampico, Altamira y Ciudad Madero fueron escenarios del Triatl\u00f3n Nexum AsTri ICHICH TENEK Coraz\u00f3n Huasteco 2023, atrayendo a atletas de renombre nacional e internacional a las costas de Tamaulipas, espec\u00edficamente a la Playa Miramar, inform\u00f3 el secretario de Turismo Benjam\u00edn Hern\u00e1ndez Rodr\u00edguez. Durante el fin de semana, la Expo Tampico dio la bienvenida a miles de atletas provenientes de distintos estados de la Rep\u00fablica y del&hellip;\" \/>\n<meta property=\"og:url\" content=\"https:\/\/cabellonews.com\/?p=661\" \/>\n<meta property=\"og:site_name\" content=\"cabellonews.com\" \/>\n<meta property=\"article:published_time\" content=\"2023-11-13T06:24:34+00:00\" \/>\n<meta property=\"article:modified_time\" content=\"2023-11-14T07:07:22+00:00\" \/>\n<meta property=\"og:image\" content=\"http:\/\/cabellonews.com\/wp-content\/uploads\/2023\/11\/00b3fe48-8929-4d2c-addc-854d6a261bf5.jpeg\" \/>\n\t<meta property=\"og:image:width\" content=\"1600\" \/>\n\t<meta property=\"og:image:height\" content=\"1066\" \/>\n\t<meta property=\"og:image:type\" content=\"image\/jpeg\" \/>\n<meta name=\"author\" content=\"cabellonews.com\" \/>\n<meta name=\"twitter:card\" content=\"summary_large_image\" \/>\n<meta name=\"twitter:label1\" content=\"Written by\" \/>\n\t<meta name=\"twitter:data1\" content=\"cabellonews.com\" \/>\n<script type=\"application\/ld+json\" class=\"yoast-schema-graph\">{\"@context\":\"https:\/\/schema.org\",\"@graph\":[{\"@type\":\"WebPage\",\"@id\":\"https:\/\/cabellonews.com\/?p=661\",\"url\":\"https:\/\/cabellonews.com\/?p=661\",\"name\":\"\u201cTriatl\u00f3n Nexum AsTri ICHICH TENEK Coraz\u00f3n Huasteco 2023\u201d detona econom\u00eda en Tamaulipas - cabellonews.com\",\"isPartOf\":{\"@id\":\"https:\/\/cabellonews.com\/#website\"},\"datePublished\":\"2023-11-13T06:24:34+00:00\",\"dateModified\":\"2023-11-14T07:07:22+00:00\",\"author\":{\"@id\":\"https:\/\/cabellonews.com\/#\/schema\/person\/7afe73bafa6cc5a24fd4c67dfd4379d8\"},\"breadcrumb\":{\"@id\":\"https:\/\/cabellonews.com\/?p=661#breadcrumb\"},\"inLanguage\":\"en-US\",\"potentialAction\":[{\"@type\":\"ReadAction\",\"target\":[\"https:\/\/cabellonews.com\/?p=661\"]}]},{\"@type\":\"BreadcrumbList\",\"@id\":\"https:\/\/cabellonews.com\/?p=661#breadcrumb\",\"itemListElement\":[{\"@type\":\"ListItem\",\"position\":1,\"name\":\"Inicio\",\"item\":\"https:\/\/cabellonews.com\/\"},{\"@type\":\"ListItem\",\"position\":2,\"name\":\"\u201cTriatl\u00f3n Nexum AsTri ICHICH TENEK Coraz\u00f3n Huasteco 2023\u201d detona econom\u00eda en Tamaulipas\"}]},{\"@type\":\"WebSite\",\"@id\":\"https:\/\/cabellonews.com\/#website\",\"url\":\"https:\/\/cabellonews.com\/\",\"name\":\"cabellonews.com\",\"description\":\"Con Cobertura En Tamaulipas Y norte de Veracruz\",\"potentialAction\":[{\"@type\":\"SearchAction\",\"target\":{\"@type\":\"EntryPoint\",\"urlTemplate\":\"https:\/\/cabellonews.com\/?s={search_term_string}\"},\"query-input\":\"required name=search_term_string\"}],\"inLanguage\":\"en-US\"},{\"@type\":\"Person\",\"@id\":\"https:\/\/cabellonews.com\/#\/schema\/person\/7afe73bafa6cc5a24fd4c67dfd4379d8\",\"name\":\"cabellonews.com\",\"image\":{\"@type\":\"ImageObject\",\"inLanguage\":\"en-US\",\"@id\":\"https:\/\/cabellonews.com\/#\/schema\/person\/image\/\",\"url\":\"https:\/\/secure.gravatar.com\/avatar\/8d6324fc2806389aad4cd38639618406?s=96&d=mm&r=g\",\"contentUrl\":\"https:\/\/secure.gravatar.com\/avatar\/8d6324fc2806389aad4cd38639618406?s=96&d=mm&r=g\",\"caption\":\"cabellonews.com\"},\"sameAs\":[\"http:\/\/cabellonews.com\"],\"url\":\"https:\/\/cabellonews.com\/?author=1\"}]}<\/script>\n<!-- \/ Yoast SEO plugin. -->","yoast_head_json":{"title":"\u201cTriatl\u00f3n Nexum AsTri ICHICH TENEK Coraz\u00f3n Huasteco 2023\u201d detona econom\u00eda en Tamaulipas - cabellonews.com","robots":{"index":"index","follow":"follow","max-snippet":"max-snippet:-1","max-image-preview":"max-image-preview:large","max-video-preview":"max-video-preview:-1"},"canonical":"https:\/\/cabellonews.com\/?p=661","og_locale":"en_US","og_type":"article","og_title":"\u201cTriatl\u00f3n Nexum AsTri ICHICH TENEK Coraz\u00f3n Huasteco 2023\u201d detona econom\u00eda en Tamaulipas - cabellonews.com","og_description":"Noviembre 13 de 2023 Tampico, Tamaulipas.- Con una derrama econ\u00f3mica estimada en los 20 millones de pesos, este fin de semana, los municipios de Tampico, Altamira y Ciudad Madero fueron escenarios del Triatl\u00f3n Nexum AsTri ICHICH TENEK Coraz\u00f3n Huasteco 2023, atrayendo a atletas de renombre nacional e internacional a las costas de Tamaulipas, espec\u00edficamente a la Playa Miramar, inform\u00f3 el secretario de Turismo Benjam\u00edn Hern\u00e1ndez Rodr\u00edguez. Durante el fin de semana, la Expo Tampico dio la bienvenida a miles de atletas provenientes de distintos estados de la Rep\u00fablica y del&hellip;","og_url":"https:\/\/cabellonews.com\/?p=661","og_site_name":"cabellonews.com","article_published_time":"2023-11-13T06:24:34+00:00","article_modified_time":"2023-11-14T07:07:22+00:00","og_image":[{"width":1600,"height":1066,"url":"http:\/\/cabellonews.com\/wp-content\/uploads\/2023\/11\/00b3fe48-8929-4d2c-addc-854d6a261bf5.jpeg","type":"image\/jpeg"}],"author":"cabellonews.com","twitter_card":"summary_large_image","twitter_misc":{"Written by":"cabellonews.com"},"schema":{"@context":"https:\/\/schema.org","@graph":[{"@type":"WebPage","@id":"https:\/\/cabellonews.com\/?p=661","url":"https:\/\/cabellonews.com\/?p=661","name":"\u201cTriatl\u00f3n Nexum AsTri ICHICH TENEK Coraz\u00f3n Huasteco 2023\u201d detona econom\u00eda en Tamaulipas - cabellonews.com","isPartOf":{"@id":"https:\/\/cabellonews.com\/#website"},"datePublished":"2023-11-13T06:24:34+00:00","dateModified":"2023-11-14T07:07:22+00:00","author":{"@id":"https:\/\/cabellonews.com\/#\/schema\/person\/7afe73bafa6cc5a24fd4c67dfd4379d8"},"breadcrumb":{"@id":"https:\/\/cabellonews.com\/?p=661#breadcrumb"},"inLanguage":"en-US","potentialAction":[{"@type":"ReadAction","target":["https:\/\/cabellonews.com\/?p=661"]}]},{"@type":"BreadcrumbList","@id":"https:\/\/cabellonews.com\/?p=661#breadcrumb","itemListElement":[{"@type":"ListItem","position":1,"name":"Inicio","item":"https:\/\/cabellonews.com\/"},{"@type":"ListItem","position":2,"name":"\u201cTriatl\u00f3n Nexum AsTri ICHICH TENEK Coraz\u00f3n Huasteco 2023\u201d detona econom\u00eda en Tamaulipas"}]},{"@type":"WebSite","@id":"https:\/\/cabellonews.com\/#website","url":"https:\/\/cabellonews.com\/","name":"cabellonews.com","description":"Con Cobertura En Tamaulipas Y norte de Veracruz","potentialAction":[{"@type":"SearchAction","target":{"@type":"EntryPoint","urlTemplate":"https:\/\/cabellonews.com\/?s={search_term_string}"},"query-input":"required name=search_term_string"}],"inLanguage":"en-US"},{"@type":"Person","@id":"https:\/\/cabellonews.com\/#\/schema\/person\/7afe73bafa6cc5a24fd4c67dfd4379d8","name":"cabellonews.com","image":{"@type":"ImageObject","inLanguage":"en-US","@id":"https:\/\/cabellonews.com\/#\/schema\/person\/image\/","url":"https:\/\/secure.gravatar.com\/avatar\/8d6324fc2806389aad4cd38639618406?s=96&d=mm&r=g","contentUrl":"https:\/\/secure.gravatar.com\/avatar\/8d6324fc2806389aad4cd38639618406?s=96&d=mm&r=g","caption":"cabellonews.com"},"sameAs":["http:\/\/cabellonews.com"],"url":"https:\/\/cabellonews.com\/?author=1"}]}},"_links":{"self":[{"href":"https:\/\/cabellonews.com\/index.php?rest_route=\/wp\/v2\/posts\/661"}],"collection":[{"href":"https:\/\/cabellonews.com\/index.php?rest_route=\/wp\/v2\/posts"}],"about":[{"href":"https:\/\/cabellonews.com\/index.php?rest_route=\/wp\/v2\/types\/post"}],"author":[{"embeddable":true,"href":"https:\/\/cabellonews.com\/index.php?rest_route=\/wp\/v2\/users\/1"}],"replies":[{"embeddable":true,"href":"https:\/\/cabellonews.com\/index.php?rest_route=%2Fwp%2Fv2%2Fcomments&post=661"}],"version-history":[{"count":1,"href":"https:\/\/cabellonews.com\/index.php?rest_route=\/wp\/v2\/posts\/661\/revisions"}],"predecessor-version":[{"id":663,"href":"https:\/\/cabellonews.com\/index.php?rest_route=\/wp\/v2\/posts\/661\/revisions\/663"}],"wp:featuredmedia":[{"embeddable":true,"href":"https:\/\/cabellonews.com\/index.php?rest_route=\/wp\/v2\/media\/662"}],"wp:attachment":[{"href":"https:\/\/cabellonews.com\/index.php?rest_route=%2Fwp%2Fv2%2Fmedia&parent=661"}],"wp:term":[{"taxonomy":"category","embeddable":true,"href":"https:\/\/cabellonews.com\/index.php?rest_route=%2Fwp%2Fv2%2Fcategories&post=661"},{"taxonomy":"post_tag","embeddable":true,"href":"https:\/\/cabellonews.com\/index.php?rest_route=%2Fwp%2Fv2%2Ftags&post=661"}],"curies":[{"name":"wp","href":"https:\/\/api.w.org\/{rel}","templated":true}]}}