{"id":658,"date":"2023-11-12T06:21:39","date_gmt":"2023-11-12T06:21:39","guid":{"rendered":"https:\/\/cabellonews.com\/?p=658"},"modified":"2023-11-14T07:05:07","modified_gmt":"2023-11-14T07:05:07","slug":"por-instruccion-del-gobernador","status":"publish","type":"post","link":"https:\/\/cabellonews.com\/?p=658","title":{"rendered":"Por instrucci\u00f3n del gobernador"},"content":{"rendered":"\n<p><em>Personal de Salud de Tamaulipas se suma a labores de apoyo en Acapulco<\/em><\/p>\n\n\n\n<p>Noviembre 11 de 2023<\/p>\n\n\n\n<p>Ciudad Victoria, Tamaulipas.-El secretario de Salud, Vicente Joel Hern\u00e1ndez Navarro, dio el banderazo de salida a personal m\u00e9dico, que con medicinas y equipo se sumar\u00e1n a la atenci\u00f3n y apoyo a los afectados por el hurac\u00e1n \u201cOtis\u201d, que azot\u00f3 al estado de Guerrero.<\/p>\n\n\n\n<p>Hern\u00e1ndez Navarro dijo que por instrucciones del gobernador, Am\u00e9rico Villarreal Anaya, la Secretar\u00eda de Salud de Tamaulipas se sum\u00f3 a las actividades de apoyo a la poblaci\u00f3n con personal m\u00e9dico, medicamentos y unidades m\u00f3viles con equipo de soporte vital avanzado para atender las zonas afectadas por esta contingencia.<\/p>\n\n\n\n<p>El funcionario estatal expres\u00f3 que el personal de la Secretar\u00eda de Salud estar\u00e1 en la zona afectada a partir del 13 de noviembre y hasta el 28 de este mismo mes, para coadyuvar en la atenci\u00f3n m\u00e9dica y la recuperaci\u00f3n del estado y los municipios da\u00f1ados por el hurac\u00e1n Otis, adem\u00e1s de garantizar la salud de las personas afectadas por este fen\u00f3meno natural.<\/p>\n\n\n\n<p>En el operativo de apoyo al estado de Guerrero, por parte del gobierno estatal a trav\u00e9s de la Secretar\u00eda de Salud y dentro del Programa de Fortalecimiento a la Atenci\u00f3n M\u00e9dica se trasladar\u00e1n 15 personas: cinco m\u00e9dicos, cinco enfermeras, cinco promotores, en otros cinco veh\u00edculos y que llevan consigo medicamentos, material de curaci\u00f3n, reactivos para determinaci\u00f3n r\u00e1pida de glucosa, plata coloidal y pruebas para enfermedades diarreicas.<\/p>\n\n\n\n<p>Por parte del Centro Regulador de Urgencias M\u00e9dicas, se enviaron al puerto de Acapulco, dos param\u00e9dicos en una ambulancia con equipo de soporte vital avanzado para atender a la poblaci\u00f3n que lo requiera.<\/p>\n\n\n\n<p>El secretario de Salud reiter\u00f3 el compromiso la voluntad y el trabajo de la administraci\u00f3n del gobernador Am\u00e9rico Villarreal Anaya, para otorgar los servicios de salud con calidad y calidez, pero adem\u00e1s para entrar en apoyo a la poblaci\u00f3n y en las entidades que as\u00ed lo necesiten como el estado de Guerrero.<\/p>\n\n\n<figure class=\"wp-block-post-featured-image\"><img width=\"240\" height=\"172\" src=\"https:\/\/cabellonews.com\/wp-content\/uploads\/2023\/11\/416e25f8-c376-4b34-a183-7faed9d8bb9d-240x172.jpeg\" class=\"attachment-post-thumbnail size-post-thumbnail wp-post-image\" alt=\"\" decoding=\"async\" loading=\"lazy\" \/><\/figure>\n\n\n<pre class=\"wp-block-code\"><code>  *      *    *<\/code><\/pre>\n","protected":false},"excerpt":{"rendered":"<p>Personal de Salud de Tamaulipas se suma a labores de apoyo en Acapulco Noviembre 11 de 2023 Ciudad Victoria, Tamaulipas.-El secretario de Salud, Vicente Joel Hern\u00e1ndez Navarro, dio el banderazo de salida a personal m\u00e9dico, que con medicinas y equipo se sumar\u00e1n a la atenci\u00f3n y apoyo a los afectados por el hurac\u00e1n \u201cOtis\u201d, que azot\u00f3 al estado de Guerrero. Hern\u00e1ndez Navarro dijo que por instrucciones del gobernador, Am\u00e9rico Villarreal Anaya, la Secretar\u00eda de Salud de Tamaulipas se sum\u00f3 a las actividades de apoyo a la poblaci\u00f3n con personal m\u00e9dico,&hellip;<\/p>\n","protected":false},"author":1,"featured_media":659,"comment_status":"open","ping_status":"open","sticky":false,"template":"","format":"standard","meta":[],"categories":[1],"tags":[],"gutentor_comment":0,"yoast_head":"<!-- This site is optimized with the Yoast SEO plugin v20.10 - https:\/\/yoast.com\/wordpress\/plugins\/seo\/ -->\n<title>Por instrucci\u00f3n del gobernador - cabellonews.com<\/title>\n<meta name=\"robots\" content=\"index, follow, max-snippet:-1, max-image-preview:large, max-video-preview:-1\" \/>\n<link rel=\"canonical\" href=\"https:\/\/cabellonews.com\/?p=658\" \/>\n<meta property=\"og:locale\" content=\"en_US\" \/>\n<meta property=\"og:type\" content=\"article\" \/>\n<meta property=\"og:title\" content=\"Por instrucci\u00f3n del gobernador - cabellonews.com\" \/>\n<meta property=\"og:description\" content=\"Personal de Salud de Tamaulipas se suma a labores de apoyo en Acapulco Noviembre 11 de 2023 Ciudad Victoria, Tamaulipas.-El secretario de Salud, Vicente Joel Hern\u00e1ndez Navarro, dio el banderazo de salida a personal m\u00e9dico, que con medicinas y equipo se sumar\u00e1n a la atenci\u00f3n y apoyo a los afectados por el hurac\u00e1n \u201cOtis\u201d, que azot\u00f3 al estado de Guerrero. Hern\u00e1ndez Navarro dijo que por instrucciones del gobernador, Am\u00e9rico Villarreal Anaya, la Secretar\u00eda de Salud de Tamaulipas se sum\u00f3 a las actividades de apoyo a la poblaci\u00f3n con personal m\u00e9dico,&hellip;\" \/>\n<meta property=\"og:url\" content=\"https:\/\/cabellonews.com\/?p=658\" \/>\n<meta property=\"og:site_name\" content=\"cabellonews.com\" \/>\n<meta property=\"article:published_time\" content=\"2023-11-12T06:21:39+00:00\" \/>\n<meta property=\"article:modified_time\" content=\"2023-11-14T07:05:07+00:00\" \/>\n<meta property=\"og:image\" content=\"http:\/\/cabellonews.com\/wp-content\/uploads\/2023\/11\/416e25f8-c376-4b34-a183-7faed9d8bb9d.jpeg\" \/>\n\t<meta property=\"og:image:width\" content=\"1600\" \/>\n\t<meta property=\"og:image:height\" content=\"1200\" \/>\n\t<meta property=\"og:image:type\" content=\"image\/jpeg\" \/>\n<meta name=\"author\" content=\"cabellonews.com\" \/>\n<meta name=\"twitter:card\" content=\"summary_large_image\" \/>\n<meta name=\"twitter:label1\" content=\"Written by\" \/>\n\t<meta name=\"twitter:data1\" content=\"cabellonews.com\" \/>\n<script type=\"application\/ld+json\" class=\"yoast-schema-graph\">{\"@context\":\"https:\/\/schema.org\",\"@graph\":[{\"@type\":\"WebPage\",\"@id\":\"https:\/\/cabellonews.com\/?p=658\",\"url\":\"https:\/\/cabellonews.com\/?p=658\",\"name\":\"Por instrucci\u00f3n del gobernador - cabellonews.com\",\"isPartOf\":{\"@id\":\"https:\/\/cabellonews.com\/#website\"},\"datePublished\":\"2023-11-12T06:21:39+00:00\",\"dateModified\":\"2023-11-14T07:05:07+00:00\",\"author\":{\"@id\":\"https:\/\/cabellonews.com\/#\/schema\/person\/7afe73bafa6cc5a24fd4c67dfd4379d8\"},\"breadcrumb\":{\"@id\":\"https:\/\/cabellonews.com\/?p=658#breadcrumb\"},\"inLanguage\":\"en-US\",\"potentialAction\":[{\"@type\":\"ReadAction\",\"target\":[\"https:\/\/cabellonews.com\/?p=658\"]}]},{\"@type\":\"BreadcrumbList\",\"@id\":\"https:\/\/cabellonews.com\/?p=658#breadcrumb\",\"itemListElement\":[{\"@type\":\"ListItem\",\"position\":1,\"name\":\"Inicio\",\"item\":\"https:\/\/cabellonews.com\/\"},{\"@type\":\"ListItem\",\"position\":2,\"name\":\"Por instrucci\u00f3n del gobernador\"}]},{\"@type\":\"WebSite\",\"@id\":\"https:\/\/cabellonews.com\/#website\",\"url\":\"https:\/\/cabellonews.com\/\",\"name\":\"cabellonews.com\",\"description\":\"Con Cobertura En Tamaulipas Y norte de Veracruz\",\"potentialAction\":[{\"@type\":\"SearchAction\",\"target\":{\"@type\":\"EntryPoint\",\"urlTemplate\":\"https:\/\/cabellonews.com\/?s={search_term_string}\"},\"query-input\":\"required name=search_term_string\"}],\"inLanguage\":\"en-US\"},{\"@type\":\"Person\",\"@id\":\"https:\/\/cabellonews.com\/#\/schema\/person\/7afe73bafa6cc5a24fd4c67dfd4379d8\",\"name\":\"cabellonews.com\",\"image\":{\"@type\":\"ImageObject\",\"inLanguage\":\"en-US\",\"@id\":\"https:\/\/cabellonews.com\/#\/schema\/person\/image\/\",\"url\":\"https:\/\/secure.gravatar.com\/avatar\/8d6324fc2806389aad4cd38639618406?s=96&d=mm&r=g\",\"contentUrl\":\"https:\/\/secure.gravatar.com\/avatar\/8d6324fc2806389aad4cd38639618406?s=96&d=mm&r=g\",\"caption\":\"cabellonews.com\"},\"sameAs\":[\"http:\/\/cabellonews.com\"],\"url\":\"https:\/\/cabellonews.com\/?author=1\"}]}<\/script>\n<!-- \/ Yoast SEO plugin. -->","yoast_head_json":{"title":"Por instrucci\u00f3n del gobernador - cabellonews.com","robots":{"index":"index","follow":"follow","max-snippet":"max-snippet:-1","max-image-preview":"max-image-preview:large","max-video-preview":"max-video-preview:-1"},"canonical":"https:\/\/cabellonews.com\/?p=658","og_locale":"en_US","og_type":"article","og_title":"Por instrucci\u00f3n del gobernador - cabellonews.com","og_description":"Personal de Salud de Tamaulipas se suma a labores de apoyo en Acapulco Noviembre 11 de 2023 Ciudad Victoria, Tamaulipas.-El secretario de Salud, Vicente Joel Hern\u00e1ndez Navarro, dio el banderazo de salida a personal m\u00e9dico, que con medicinas y equipo se sumar\u00e1n a la atenci\u00f3n y apoyo a los afectados por el hurac\u00e1n \u201cOtis\u201d, que azot\u00f3 al estado de Guerrero. Hern\u00e1ndez Navarro dijo que por instrucciones del gobernador, Am\u00e9rico Villarreal Anaya, la Secretar\u00eda de Salud de Tamaulipas se sum\u00f3 a las actividades de apoyo a la poblaci\u00f3n con personal m\u00e9dico,&hellip;","og_url":"https:\/\/cabellonews.com\/?p=658","og_site_name":"cabellonews.com","article_published_time":"2023-11-12T06:21:39+00:00","article_modified_time":"2023-11-14T07:05:07+00:00","og_image":[{"width":1600,"height":1200,"url":"http:\/\/cabellonews.com\/wp-content\/uploads\/2023\/11\/416e25f8-c376-4b34-a183-7faed9d8bb9d.jpeg","type":"image\/jpeg"}],"author":"cabellonews.com","twitter_card":"summary_large_image","twitter_misc":{"Written by":"cabellonews.com"},"schema":{"@context":"https:\/\/schema.org","@graph":[{"@type":"WebPage","@id":"https:\/\/cabellonews.com\/?p=658","url":"https:\/\/cabellonews.com\/?p=658","name":"Por instrucci\u00f3n del gobernador - cabellonews.com","isPartOf":{"@id":"https:\/\/cabellonews.com\/#website"},"datePublished":"2023-11-12T06:21:39+00:00","dateModified":"2023-11-14T07:05:07+00:00","author":{"@id":"https:\/\/cabellonews.com\/#\/schema\/person\/7afe73bafa6cc5a24fd4c67dfd4379d8"},"breadcrumb":{"@id":"https:\/\/cabellonews.com\/?p=658#breadcrumb"},"inLanguage":"en-US","potentialAction":[{"@type":"ReadAction","target":["https:\/\/cabellonews.com\/?p=658"]}]},{"@type":"BreadcrumbList","@id":"https:\/\/cabellonews.com\/?p=658#breadcrumb","itemListElement":[{"@type":"ListItem","position":1,"name":"Inicio","item":"https:\/\/cabellonews.com\/"},{"@type":"ListItem","position":2,"name":"Por instrucci\u00f3n del gobernador"}]},{"@type":"WebSite","@id":"https:\/\/cabellonews.com\/#website","url":"https:\/\/cabellonews.com\/","name":"cabellonews.com","description":"Con Cobertura En Tamaulipas Y norte de Veracruz","potentialAction":[{"@type":"SearchAction","target":{"@type":"EntryPoint","urlTemplate":"https:\/\/cabellonews.com\/?s={search_term_string}"},"query-input":"required name=search_term_string"}],"inLanguage":"en-US"},{"@type":"Person","@id":"https:\/\/cabellonews.com\/#\/schema\/person\/7afe73bafa6cc5a24fd4c67dfd4379d8","name":"cabellonews.com","image":{"@type":"ImageObject","inLanguage":"en-US","@id":"https:\/\/cabellonews.com\/#\/schema\/person\/image\/","url":"https:\/\/secure.gravatar.com\/avatar\/8d6324fc2806389aad4cd38639618406?s=96&d=mm&r=g","contentUrl":"https:\/\/secure.gravatar.com\/avatar\/8d6324fc2806389aad4cd38639618406?s=96&d=mm&r=g","caption":"cabellonews.com"},"sameAs":["http:\/\/cabellonews.com"],"url":"https:\/\/cabellonews.com\/?author=1"}]}},"_links":{"self":[{"href":"https:\/\/cabellonews.com\/index.php?rest_route=\/wp\/v2\/posts\/658"}],"collection":[{"href":"https:\/\/cabellonews.com\/index.php?rest_route=\/wp\/v2\/posts"}],"about":[{"href":"https:\/\/cabellonews.com\/index.php?rest_route=\/wp\/v2\/types\/post"}],"author":[{"embeddable":true,"href":"https:\/\/cabellonews.com\/index.php?rest_route=\/wp\/v2\/users\/1"}],"replies":[{"embeddable":true,"href":"https:\/\/cabellonews.com\/index.php?rest_route=%2Fwp%2Fv2%2Fcomments&post=658"}],"version-history":[{"count":1,"href":"https:\/\/cabellonews.com\/index.php?rest_route=\/wp\/v2\/posts\/658\/revisions"}],"predecessor-version":[{"id":660,"href":"https:\/\/cabellonews.com\/index.php?rest_route=\/wp\/v2\/posts\/658\/revisions\/660"}],"wp:featuredmedia":[{"embeddable":true,"href":"https:\/\/cabellonews.com\/index.php?rest_route=\/wp\/v2\/media\/659"}],"wp:attachment":[{"href":"https:\/\/cabellonews.com\/index.php?rest_route=%2Fwp%2Fv2%2Fmedia&parent=658"}],"wp:term":[{"taxonomy":"category","embeddable":true,"href":"https:\/\/cabellonews.com\/index.php?rest_route=%2Fwp%2Fv2%2Fcategories&post=658"},{"taxonomy":"post_tag","embeddable":true,"href":"https:\/\/cabellonews.com\/index.php?rest_route=%2Fwp%2Fv2%2Ftags&post=658"}],"curies":[{"name":"wp","href":"https:\/\/api.w.org\/{rel}","templated":true}]}}