{"id":655,"date":"2023-11-01T06:21:00","date_gmt":"2023-11-01T06:21:00","guid":{"rendered":"https:\/\/cabellonews.com\/?p=655"},"modified":"2023-11-14T06:26:22","modified_gmt":"2023-11-14T06:26:22","slug":"iniciaron-actividades-del-festival-de-la-huasteca-tamaulipeca-de-dia-de-muertos","status":"publish","type":"post","link":"https:\/\/cabellonews.com\/?p=655","title":{"rendered":"Iniciaron actividades del Festival de la Huasteca Tamaulipeca de D\u00eda de Muertos"},"content":{"rendered":"\n<p>-Tamaulipas se viste de misticismo, colores y tradici\u00f3n para recordar a los difuntos<\/p>\n\n\n\n<p>Noviembre 01 de 2023<\/p>\n\n\n\n<p>Ciudad Victoria, Tamaulipas.- Con una ceremonia y guardia de honor montada en la Rotonda de los Tamaulipecos Ilustres, dieron inicio ayer las actividades del Festival de la Huasteca Tamaulipeca de D\u00eda de Muertos, que se llevar\u00e1n a cabo hasta el 02 de noviembre, en la capital del estado, como un tributo a la rica herencia cultural y espiritual de la regi\u00f3n.<\/p>\n\n\n\n<p>\u201cNos reunimos para honrar a nuestros h\u00e9roes y celebrar la riqueza cultural y art\u00edstica que define a nuestra querida tierra. Quiero dar un sincero agradecimiento al gobernador Am\u00e9rico Villarreal Anaya por su compromiso incansable con la promoci\u00f3n de la cultura y el arte de nuestro estado, su visi\u00f3n y apoyo han sido fundamentales para preservar nuestro patrimonio cultural\u201d, expres\u00f3 la secretaria de Bienestar Social, Adriana Aguirre de Los Santos, al encabezar la ceremonia.<\/p>\n\n\n\n<p>Por su parte, la directora general del Instituto Tamaulipeco para la Cultura y las Artes, Brenda Denisse de la Cruz L\u00f3pez, asegur\u00f3 que preservar la identidad y el valor de la cultura tamaulipeca, es una de las principales ocupaciones del gobierno de Am\u00e9rico Villarreal.<\/p>\n\n\n\n<p>\u201cSalvaguardar nuestras festividades y ritos, como parte de nuestro patrimonio cultural intangible, es una de las labores que nos compete y apasiona. Por eso buscamos promover acciones que creen el v\u00ednculo entre las nuevas generaciones con la herencia de nuestra tierra, para revalorar el legado hist\u00f3rico cultural de nuestros ancestros, de nuestros h\u00e9roes, de los hombres y mujeres que construyeron el legado que disfrutamos hoy\u201d, dijo.<\/p>\n\n\n\n<p>Los asistentes a la ceremonia y guardia de honor celebradas en la Rotonda de los Tamaulipecos Ilustres tambi\u00e9n disfrutaron de tradicionales sones huastecos, interpretados por m\u00fasicos del Conjunto T\u00edpico Tamaulipeco.<\/p>\n\n\n\n<p>Como parte de las actividades del Festival de la Huasteca Tamaulipeca de D\u00eda de Muertos, hoy mi\u00e9rcoles 01 de noviembre a las 17:30 horas, en el Centro Cultural Tamaulipas, se llevar\u00e1 a cabo la develaci\u00f3n del portal al \u201cTamtzemlab\u201d, que de acuerdo a la tradici\u00f3n huasteca prehisp\u00e1nica, es el inframundo en el que reina el dios Ahatictamtzemlab; adem\u00e1s se proyectar\u00e1 la pel\u00edcula \u201cEl Libro de la Vida\u201d.<\/p>\n\n\n\n<p>El jueves 02 de noviembre, con m\u00fasica, danza, ofrendas y altares de muertos, se llevar\u00e1 a cabo el Festival de la Huasteca Tamaulipeca de D\u00eda de Muertos, en la plaza Ju\u00e1rez de Ciudad Victoria, a partir de las 18:30 horas.<\/p>\n\n\n\n<p>Todas estas actividades, convocadas por el Instituto Tamaulipeco para la Cultura y las Artes, en coordinaci\u00f3n con la Secretar\u00eda de Turismo, son completamente gratuitas para todas las familias que deseen participar.<\/p>\n\n\n\n<p>Durante el evento estuvo tambi\u00e9n presente la subsecretaria de Desarrollo y Promoci\u00f3n Tur\u00edstica de la Secretar\u00eda de Turismo, Ver\u00f3nica Loredo Hern\u00e1ndez; el cronista de Victoria, Francisco Ramos Aguirre; el cronista de Ocampo, No\u00e9 B\u00e1ez Coronado, en representaci\u00f3n del cronista Marvin Huerta M\u00e1rquez, presidente de la Asociaci\u00f3n de Cronistas de Ciudades y Villas de Tamaulipas, entre otros<\/p>\n\n\n<figure class=\"wp-block-post-featured-image\"><img width=\"240\" height=\"172\" src=\"https:\/\/cabellonews.com\/wp-content\/uploads\/2023\/11\/051d0dc9-ac9e-4a15-aff9-c687495f13c0-240x172.jpeg\" class=\"attachment-post-thumbnail size-post-thumbnail wp-post-image\" alt=\"\" decoding=\"async\" loading=\"lazy\" \/><\/figure>\n\n\n<pre class=\"wp-block-code\"><code>      *      *     *<\/code><\/pre>\n","protected":false},"excerpt":{"rendered":"<p>-Tamaulipas se viste de misticismo, colores y tradici\u00f3n para recordar a los difuntos Noviembre 01 de 2023 Ciudad Victoria, Tamaulipas.- Con una ceremonia y guardia de honor montada en la Rotonda de los Tamaulipecos Ilustres, dieron inicio ayer las actividades del Festival de la Huasteca Tamaulipeca de D\u00eda de Muertos, que se llevar\u00e1n a cabo hasta el 02 de noviembre, en la capital del estado, como un tributo a la rica herencia cultural y espiritual de la regi\u00f3n. \u201cNos reunimos para honrar a nuestros h\u00e9roes y celebrar la riqueza cultural&hellip;<\/p>\n","protected":false},"author":1,"featured_media":656,"comment_status":"open","ping_status":"open","sticky":false,"template":"","format":"standard","meta":[],"categories":[1],"tags":[],"gutentor_comment":0,"yoast_head":"<!-- This site is optimized with the Yoast SEO plugin v20.10 - https:\/\/yoast.com\/wordpress\/plugins\/seo\/ -->\n<title>Iniciaron actividades del Festival de la Huasteca Tamaulipeca de D\u00eda de Muertos - cabellonews.com<\/title>\n<meta name=\"robots\" content=\"index, follow, max-snippet:-1, max-image-preview:large, max-video-preview:-1\" \/>\n<link rel=\"canonical\" href=\"https:\/\/cabellonews.com\/?p=655\" \/>\n<meta property=\"og:locale\" content=\"en_US\" \/>\n<meta property=\"og:type\" content=\"article\" \/>\n<meta property=\"og:title\" content=\"Iniciaron actividades del Festival de la Huasteca Tamaulipeca de D\u00eda de Muertos - cabellonews.com\" \/>\n<meta property=\"og:description\" content=\"-Tamaulipas se viste de misticismo, colores y tradici\u00f3n para recordar a los difuntos Noviembre 01 de 2023 Ciudad Victoria, Tamaulipas.- Con una ceremonia y guardia de honor montada en la Rotonda de los Tamaulipecos Ilustres, dieron inicio ayer las actividades del Festival de la Huasteca Tamaulipeca de D\u00eda de Muertos, que se llevar\u00e1n a cabo hasta el 02 de noviembre, en la capital del estado, como un tributo a la rica herencia cultural y espiritual de la regi\u00f3n. \u201cNos reunimos para honrar a nuestros h\u00e9roes y celebrar la riqueza cultural&hellip;\" \/>\n<meta property=\"og:url\" content=\"https:\/\/cabellonews.com\/?p=655\" \/>\n<meta property=\"og:site_name\" content=\"cabellonews.com\" \/>\n<meta property=\"article:published_time\" content=\"2023-11-01T06:21:00+00:00\" \/>\n<meta property=\"article:modified_time\" content=\"2023-11-14T06:26:22+00:00\" \/>\n<meta property=\"og:image\" content=\"http:\/\/cabellonews.com\/wp-content\/uploads\/2023\/11\/051d0dc9-ac9e-4a15-aff9-c687495f13c0.jpeg\" \/>\n\t<meta property=\"og:image:width\" content=\"1440\" \/>\n\t<meta property=\"og:image:height\" content=\"960\" \/>\n\t<meta property=\"og:image:type\" content=\"image\/jpeg\" \/>\n<meta name=\"author\" content=\"cabellonews.com\" \/>\n<meta name=\"twitter:card\" content=\"summary_large_image\" \/>\n<meta name=\"twitter:label1\" content=\"Written by\" \/>\n\t<meta name=\"twitter:data1\" content=\"cabellonews.com\" \/>\n\t<meta name=\"twitter:label2\" content=\"Est. reading time\" \/>\n\t<meta name=\"twitter:data2\" content=\"3 minutes\" \/>\n<script type=\"application\/ld+json\" class=\"yoast-schema-graph\">{\"@context\":\"https:\/\/schema.org\",\"@graph\":[{\"@type\":\"WebPage\",\"@id\":\"https:\/\/cabellonews.com\/?p=655\",\"url\":\"https:\/\/cabellonews.com\/?p=655\",\"name\":\"Iniciaron actividades del Festival de la Huasteca Tamaulipeca de D\u00eda de Muertos - cabellonews.com\",\"isPartOf\":{\"@id\":\"https:\/\/cabellonews.com\/#website\"},\"datePublished\":\"2023-11-01T06:21:00+00:00\",\"dateModified\":\"2023-11-14T06:26:22+00:00\",\"author\":{\"@id\":\"https:\/\/cabellonews.com\/#\/schema\/person\/7afe73bafa6cc5a24fd4c67dfd4379d8\"},\"breadcrumb\":{\"@id\":\"https:\/\/cabellonews.com\/?p=655#breadcrumb\"},\"inLanguage\":\"en-US\",\"potentialAction\":[{\"@type\":\"ReadAction\",\"target\":[\"https:\/\/cabellonews.com\/?p=655\"]}]},{\"@type\":\"BreadcrumbList\",\"@id\":\"https:\/\/cabellonews.com\/?p=655#breadcrumb\",\"itemListElement\":[{\"@type\":\"ListItem\",\"position\":1,\"name\":\"Inicio\",\"item\":\"https:\/\/cabellonews.com\/\"},{\"@type\":\"ListItem\",\"position\":2,\"name\":\"Iniciaron actividades del Festival de la Huasteca Tamaulipeca de D\u00eda de Muertos\"}]},{\"@type\":\"WebSite\",\"@id\":\"https:\/\/cabellonews.com\/#website\",\"url\":\"https:\/\/cabellonews.com\/\",\"name\":\"cabellonews.com\",\"description\":\"Con Cobertura En Tamaulipas Y norte de Veracruz\",\"potentialAction\":[{\"@type\":\"SearchAction\",\"target\":{\"@type\":\"EntryPoint\",\"urlTemplate\":\"https:\/\/cabellonews.com\/?s={search_term_string}\"},\"query-input\":\"required name=search_term_string\"}],\"inLanguage\":\"en-US\"},{\"@type\":\"Person\",\"@id\":\"https:\/\/cabellonews.com\/#\/schema\/person\/7afe73bafa6cc5a24fd4c67dfd4379d8\",\"name\":\"cabellonews.com\",\"image\":{\"@type\":\"ImageObject\",\"inLanguage\":\"en-US\",\"@id\":\"https:\/\/cabellonews.com\/#\/schema\/person\/image\/\",\"url\":\"https:\/\/secure.gravatar.com\/avatar\/8d6324fc2806389aad4cd38639618406?s=96&d=mm&r=g\",\"contentUrl\":\"https:\/\/secure.gravatar.com\/avatar\/8d6324fc2806389aad4cd38639618406?s=96&d=mm&r=g\",\"caption\":\"cabellonews.com\"},\"sameAs\":[\"http:\/\/cabellonews.com\"],\"url\":\"https:\/\/cabellonews.com\/?author=1\"}]}<\/script>\n<!-- \/ Yoast SEO plugin. -->","yoast_head_json":{"title":"Iniciaron actividades del Festival de la Huasteca Tamaulipeca de D\u00eda de Muertos - cabellonews.com","robots":{"index":"index","follow":"follow","max-snippet":"max-snippet:-1","max-image-preview":"max-image-preview:large","max-video-preview":"max-video-preview:-1"},"canonical":"https:\/\/cabellonews.com\/?p=655","og_locale":"en_US","og_type":"article","og_title":"Iniciaron actividades del Festival de la Huasteca Tamaulipeca de D\u00eda de Muertos - cabellonews.com","og_description":"-Tamaulipas se viste de misticismo, colores y tradici\u00f3n para recordar a los difuntos Noviembre 01 de 2023 Ciudad Victoria, Tamaulipas.- Con una ceremonia y guardia de honor montada en la Rotonda de los Tamaulipecos Ilustres, dieron inicio ayer las actividades del Festival de la Huasteca Tamaulipeca de D\u00eda de Muertos, que se llevar\u00e1n a cabo hasta el 02 de noviembre, en la capital del estado, como un tributo a la rica herencia cultural y espiritual de la regi\u00f3n. \u201cNos reunimos para honrar a nuestros h\u00e9roes y celebrar la riqueza cultural&hellip;","og_url":"https:\/\/cabellonews.com\/?p=655","og_site_name":"cabellonews.com","article_published_time":"2023-11-01T06:21:00+00:00","article_modified_time":"2023-11-14T06:26:22+00:00","og_image":[{"width":1440,"height":960,"url":"http:\/\/cabellonews.com\/wp-content\/uploads\/2023\/11\/051d0dc9-ac9e-4a15-aff9-c687495f13c0.jpeg","type":"image\/jpeg"}],"author":"cabellonews.com","twitter_card":"summary_large_image","twitter_misc":{"Written by":"cabellonews.com","Est. reading time":"3 minutes"},"schema":{"@context":"https:\/\/schema.org","@graph":[{"@type":"WebPage","@id":"https:\/\/cabellonews.com\/?p=655","url":"https:\/\/cabellonews.com\/?p=655","name":"Iniciaron actividades del Festival de la Huasteca Tamaulipeca de D\u00eda de Muertos - cabellonews.com","isPartOf":{"@id":"https:\/\/cabellonews.com\/#website"},"datePublished":"2023-11-01T06:21:00+00:00","dateModified":"2023-11-14T06:26:22+00:00","author":{"@id":"https:\/\/cabellonews.com\/#\/schema\/person\/7afe73bafa6cc5a24fd4c67dfd4379d8"},"breadcrumb":{"@id":"https:\/\/cabellonews.com\/?p=655#breadcrumb"},"inLanguage":"en-US","potentialAction":[{"@type":"ReadAction","target":["https:\/\/cabellonews.com\/?p=655"]}]},{"@type":"BreadcrumbList","@id":"https:\/\/cabellonews.com\/?p=655#breadcrumb","itemListElement":[{"@type":"ListItem","position":1,"name":"Inicio","item":"https:\/\/cabellonews.com\/"},{"@type":"ListItem","position":2,"name":"Iniciaron actividades del Festival de la Huasteca Tamaulipeca de D\u00eda de Muertos"}]},{"@type":"WebSite","@id":"https:\/\/cabellonews.com\/#website","url":"https:\/\/cabellonews.com\/","name":"cabellonews.com","description":"Con Cobertura En Tamaulipas Y norte de Veracruz","potentialAction":[{"@type":"SearchAction","target":{"@type":"EntryPoint","urlTemplate":"https:\/\/cabellonews.com\/?s={search_term_string}"},"query-input":"required name=search_term_string"}],"inLanguage":"en-US"},{"@type":"Person","@id":"https:\/\/cabellonews.com\/#\/schema\/person\/7afe73bafa6cc5a24fd4c67dfd4379d8","name":"cabellonews.com","image":{"@type":"ImageObject","inLanguage":"en-US","@id":"https:\/\/cabellonews.com\/#\/schema\/person\/image\/","url":"https:\/\/secure.gravatar.com\/avatar\/8d6324fc2806389aad4cd38639618406?s=96&d=mm&r=g","contentUrl":"https:\/\/secure.gravatar.com\/avatar\/8d6324fc2806389aad4cd38639618406?s=96&d=mm&r=g","caption":"cabellonews.com"},"sameAs":["http:\/\/cabellonews.com"],"url":"https:\/\/cabellonews.com\/?author=1"}]}},"_links":{"self":[{"href":"https:\/\/cabellonews.com\/index.php?rest_route=\/wp\/v2\/posts\/655"}],"collection":[{"href":"https:\/\/cabellonews.com\/index.php?rest_route=\/wp\/v2\/posts"}],"about":[{"href":"https:\/\/cabellonews.com\/index.php?rest_route=\/wp\/v2\/types\/post"}],"author":[{"embeddable":true,"href":"https:\/\/cabellonews.com\/index.php?rest_route=\/wp\/v2\/users\/1"}],"replies":[{"embeddable":true,"href":"https:\/\/cabellonews.com\/index.php?rest_route=%2Fwp%2Fv2%2Fcomments&post=655"}],"version-history":[{"count":1,"href":"https:\/\/cabellonews.com\/index.php?rest_route=\/wp\/v2\/posts\/655\/revisions"}],"predecessor-version":[{"id":657,"href":"https:\/\/cabellonews.com\/index.php?rest_route=\/wp\/v2\/posts\/655\/revisions\/657"}],"wp:featuredmedia":[{"embeddable":true,"href":"https:\/\/cabellonews.com\/index.php?rest_route=\/wp\/v2\/media\/656"}],"wp:attachment":[{"href":"https:\/\/cabellonews.com\/index.php?rest_route=%2Fwp%2Fv2%2Fmedia&parent=655"}],"wp:term":[{"taxonomy":"category","embeddable":true,"href":"https:\/\/cabellonews.com\/index.php?rest_route=%2Fwp%2Fv2%2Fcategories&post=655"},{"taxonomy":"post_tag","embeddable":true,"href":"https:\/\/cabellonews.com\/index.php?rest_route=%2Fwp%2Fv2%2Ftags&post=655"}],"curies":[{"name":"wp","href":"https:\/\/api.w.org\/{rel}","templated":true}]}}