{"id":648,"date":"2023-11-11T19:55:26","date_gmt":"2023-11-11T19:55:26","guid":{"rendered":"https:\/\/cabellonews.com\/?p=648"},"modified":"2023-11-14T07:03:23","modified_gmt":"2023-11-14T07:03:23","slug":"la-fundacion-fleishman-ha-impulsado-el-empoderamiento-de-las-organizaciones-y-de-la-sociedad-olga-sosa","status":"publish","type":"post","link":"https:\/\/cabellonews.com\/?p=648","title":{"rendered":"La Fundaci\u00f3n Fleishman ha impulsado el empoderamiento de las organizaciones y de la sociedad: Olga Sosa"},"content":{"rendered":"\n<p>-La secretaria del Trabajo de Tamaulipas reconoce que la familia Fleishman ha impactado socialmente en m\u00faltiples actividades<\/p>\n\n\n\n<p>Noviembre 11 de 2023<\/p>\n\n\n\n<p>Tampico, Tamaulipas.- Con motivo de la celebraci\u00f3n por los 50 a\u00f1os de la Fundaci\u00f3n Fleishman, la secretaria del Trabajo del gobierno de Am\u00e9rico Villarreal Anaya, reconoci\u00f3 que desde Don Leo hasta nuestros d\u00edas, la Fundaci\u00f3n Fleishman, ha construido un sentido de comunidad pr\u00f3spera en Tampico.<\/p>\n\n\n\n<p>Olga Sosa Ru\u00edz, precis\u00f3 que la fundaci\u00f3n ha impactado socialmente con sus m\u00faltiples acciones en los \u00e1mbitos educativo, cultural, de salud y desarrollo social, as\u00ed como el desarrollo de organizaciones sociales y de la vida de Tampico.<\/p>\n\n\n\n<p>En la celebraci\u00f3n de su 50 aniversario, se destac\u00f3 la labor filantr\u00f3pica en favor de los ejes: salud, vida educativa, desarrollo de organizaciones sociales y comunidades y transformaci\u00f3n art\u00edstica y cultural.<\/p>\n\n\n\n<p>La secretaria, reconoci\u00f3 el trabajo de la Familia Fleishman a quien extendi\u00f3 un reconocimiento por crear un positivo ambiente de vida en la comunidad de Tampico, y el fraternal cari\u00f1o de las tampique\u00f1as y los tampique\u00f1os que est\u00e1n presentes en el coraz\u00f3n.<\/p>\n\n\n\n<p>Al recordar la frase de H.H. Fleishman \u201cHay que dar a Tampico un poco de lo mucho que Tampico nos ha dado\u201d; la secretaria asever\u00f3, \u201cEn los 50 a\u00f1os de la Fundaci\u00f3n Fleishman, afirmamos: La familia Fleishman, Herman y Robert, ustedes son personas extraordinarias.\u201d<\/p>\n\n\n<figure class=\"wp-block-post-featured-image\"><img width=\"240\" height=\"172\" src=\"https:\/\/cabellonews.com\/wp-content\/uploads\/2023\/11\/3962ffa0-f39b-4117-9e4b-5e6b5b422f7c-240x172.jpeg\" class=\"attachment-post-thumbnail size-post-thumbnail wp-post-image\" alt=\"\" decoding=\"async\" loading=\"lazy\" \/><\/figure>\n\n\n<pre class=\"wp-block-code\"><code>    *      *     *<\/code><\/pre>\n","protected":false},"excerpt":{"rendered":"<p>-La secretaria del Trabajo de Tamaulipas reconoce que la familia Fleishman ha impactado socialmente en m\u00faltiples actividades Noviembre 11 de 2023 Tampico, Tamaulipas.- Con motivo de la celebraci\u00f3n por los 50 a\u00f1os de la Fundaci\u00f3n Fleishman, la secretaria del Trabajo del gobierno de Am\u00e9rico Villarreal Anaya, reconoci\u00f3 que desde Don Leo hasta nuestros d\u00edas, la Fundaci\u00f3n Fleishman, ha construido un sentido de comunidad pr\u00f3spera en Tampico. Olga Sosa Ru\u00edz, precis\u00f3 que la fundaci\u00f3n ha impactado socialmente con sus m\u00faltiples acciones en los \u00e1mbitos educativo, cultural, de salud y desarrollo social,&hellip;<\/p>\n","protected":false},"author":1,"featured_media":649,"comment_status":"open","ping_status":"open","sticky":false,"template":"","format":"standard","meta":[],"categories":[1],"tags":[],"gutentor_comment":0,"yoast_head":"<!-- This site is optimized with the Yoast SEO plugin v20.10 - https:\/\/yoast.com\/wordpress\/plugins\/seo\/ -->\n<title>La Fundaci\u00f3n Fleishman ha impulsado el empoderamiento de las organizaciones y de la sociedad: Olga Sosa - cabellonews.com<\/title>\n<meta name=\"robots\" content=\"index, follow, max-snippet:-1, max-image-preview:large, max-video-preview:-1\" \/>\n<link rel=\"canonical\" href=\"https:\/\/cabellonews.com\/?p=648\" \/>\n<meta property=\"og:locale\" content=\"en_US\" \/>\n<meta property=\"og:type\" content=\"article\" \/>\n<meta property=\"og:title\" content=\"La Fundaci\u00f3n Fleishman ha impulsado el empoderamiento de las organizaciones y de la sociedad: Olga Sosa - cabellonews.com\" \/>\n<meta property=\"og:description\" content=\"-La secretaria del Trabajo de Tamaulipas reconoce que la familia Fleishman ha impactado socialmente en m\u00faltiples actividades Noviembre 11 de 2023 Tampico, Tamaulipas.- Con motivo de la celebraci\u00f3n por los 50 a\u00f1os de la Fundaci\u00f3n Fleishman, la secretaria del Trabajo del gobierno de Am\u00e9rico Villarreal Anaya, reconoci\u00f3 que desde Don Leo hasta nuestros d\u00edas, la Fundaci\u00f3n Fleishman, ha construido un sentido de comunidad pr\u00f3spera en Tampico. Olga Sosa Ru\u00edz, precis\u00f3 que la fundaci\u00f3n ha impactado socialmente con sus m\u00faltiples acciones en los \u00e1mbitos educativo, cultural, de salud y desarrollo social,&hellip;\" \/>\n<meta property=\"og:url\" content=\"https:\/\/cabellonews.com\/?p=648\" \/>\n<meta property=\"og:site_name\" content=\"cabellonews.com\" \/>\n<meta property=\"article:published_time\" content=\"2023-11-11T19:55:26+00:00\" \/>\n<meta property=\"article:modified_time\" content=\"2023-11-14T07:03:23+00:00\" \/>\n<meta property=\"og:image\" content=\"http:\/\/cabellonews.com\/wp-content\/uploads\/2023\/11\/3962ffa0-f39b-4117-9e4b-5e6b5b422f7c.jpeg\" \/>\n\t<meta property=\"og:image:width\" content=\"1600\" \/>\n\t<meta property=\"og:image:height\" content=\"1066\" \/>\n\t<meta property=\"og:image:type\" content=\"image\/jpeg\" \/>\n<meta name=\"author\" content=\"cabellonews.com\" \/>\n<meta name=\"twitter:card\" content=\"summary_large_image\" \/>\n<meta name=\"twitter:label1\" content=\"Written by\" \/>\n\t<meta name=\"twitter:data1\" content=\"cabellonews.com\" \/>\n<script type=\"application\/ld+json\" class=\"yoast-schema-graph\">{\"@context\":\"https:\/\/schema.org\",\"@graph\":[{\"@type\":\"WebPage\",\"@id\":\"https:\/\/cabellonews.com\/?p=648\",\"url\":\"https:\/\/cabellonews.com\/?p=648\",\"name\":\"La Fundaci\u00f3n Fleishman ha impulsado el empoderamiento de las organizaciones y de la sociedad: Olga Sosa - cabellonews.com\",\"isPartOf\":{\"@id\":\"https:\/\/cabellonews.com\/#website\"},\"datePublished\":\"2023-11-11T19:55:26+00:00\",\"dateModified\":\"2023-11-14T07:03:23+00:00\",\"author\":{\"@id\":\"https:\/\/cabellonews.com\/#\/schema\/person\/7afe73bafa6cc5a24fd4c67dfd4379d8\"},\"breadcrumb\":{\"@id\":\"https:\/\/cabellonews.com\/?p=648#breadcrumb\"},\"inLanguage\":\"en-US\",\"potentialAction\":[{\"@type\":\"ReadAction\",\"target\":[\"https:\/\/cabellonews.com\/?p=648\"]}]},{\"@type\":\"BreadcrumbList\",\"@id\":\"https:\/\/cabellonews.com\/?p=648#breadcrumb\",\"itemListElement\":[{\"@type\":\"ListItem\",\"position\":1,\"name\":\"Inicio\",\"item\":\"https:\/\/cabellonews.com\/\"},{\"@type\":\"ListItem\",\"position\":2,\"name\":\"La Fundaci\u00f3n Fleishman ha impulsado el empoderamiento de las organizaciones y de la sociedad: Olga Sosa\"}]},{\"@type\":\"WebSite\",\"@id\":\"https:\/\/cabellonews.com\/#website\",\"url\":\"https:\/\/cabellonews.com\/\",\"name\":\"cabellonews.com\",\"description\":\"Con Cobertura En Tamaulipas Y norte de Veracruz\",\"potentialAction\":[{\"@type\":\"SearchAction\",\"target\":{\"@type\":\"EntryPoint\",\"urlTemplate\":\"https:\/\/cabellonews.com\/?s={search_term_string}\"},\"query-input\":\"required name=search_term_string\"}],\"inLanguage\":\"en-US\"},{\"@type\":\"Person\",\"@id\":\"https:\/\/cabellonews.com\/#\/schema\/person\/7afe73bafa6cc5a24fd4c67dfd4379d8\",\"name\":\"cabellonews.com\",\"image\":{\"@type\":\"ImageObject\",\"inLanguage\":\"en-US\",\"@id\":\"https:\/\/cabellonews.com\/#\/schema\/person\/image\/\",\"url\":\"https:\/\/secure.gravatar.com\/avatar\/8d6324fc2806389aad4cd38639618406?s=96&d=mm&r=g\",\"contentUrl\":\"https:\/\/secure.gravatar.com\/avatar\/8d6324fc2806389aad4cd38639618406?s=96&d=mm&r=g\",\"caption\":\"cabellonews.com\"},\"sameAs\":[\"http:\/\/cabellonews.com\"],\"url\":\"https:\/\/cabellonews.com\/?author=1\"}]}<\/script>\n<!-- \/ Yoast SEO plugin. -->","yoast_head_json":{"title":"La Fundaci\u00f3n Fleishman ha impulsado el empoderamiento de las organizaciones y de la sociedad: Olga Sosa - cabellonews.com","robots":{"index":"index","follow":"follow","max-snippet":"max-snippet:-1","max-image-preview":"max-image-preview:large","max-video-preview":"max-video-preview:-1"},"canonical":"https:\/\/cabellonews.com\/?p=648","og_locale":"en_US","og_type":"article","og_title":"La Fundaci\u00f3n Fleishman ha impulsado el empoderamiento de las organizaciones y de la sociedad: Olga Sosa - cabellonews.com","og_description":"-La secretaria del Trabajo de Tamaulipas reconoce que la familia Fleishman ha impactado socialmente en m\u00faltiples actividades Noviembre 11 de 2023 Tampico, Tamaulipas.- Con motivo de la celebraci\u00f3n por los 50 a\u00f1os de la Fundaci\u00f3n Fleishman, la secretaria del Trabajo del gobierno de Am\u00e9rico Villarreal Anaya, reconoci\u00f3 que desde Don Leo hasta nuestros d\u00edas, la Fundaci\u00f3n Fleishman, ha construido un sentido de comunidad pr\u00f3spera en Tampico. Olga Sosa Ru\u00edz, precis\u00f3 que la fundaci\u00f3n ha impactado socialmente con sus m\u00faltiples acciones en los \u00e1mbitos educativo, cultural, de salud y desarrollo social,&hellip;","og_url":"https:\/\/cabellonews.com\/?p=648","og_site_name":"cabellonews.com","article_published_time":"2023-11-11T19:55:26+00:00","article_modified_time":"2023-11-14T07:03:23+00:00","og_image":[{"width":1600,"height":1066,"url":"http:\/\/cabellonews.com\/wp-content\/uploads\/2023\/11\/3962ffa0-f39b-4117-9e4b-5e6b5b422f7c.jpeg","type":"image\/jpeg"}],"author":"cabellonews.com","twitter_card":"summary_large_image","twitter_misc":{"Written by":"cabellonews.com"},"schema":{"@context":"https:\/\/schema.org","@graph":[{"@type":"WebPage","@id":"https:\/\/cabellonews.com\/?p=648","url":"https:\/\/cabellonews.com\/?p=648","name":"La Fundaci\u00f3n Fleishman ha impulsado el empoderamiento de las organizaciones y de la sociedad: Olga Sosa - cabellonews.com","isPartOf":{"@id":"https:\/\/cabellonews.com\/#website"},"datePublished":"2023-11-11T19:55:26+00:00","dateModified":"2023-11-14T07:03:23+00:00","author":{"@id":"https:\/\/cabellonews.com\/#\/schema\/person\/7afe73bafa6cc5a24fd4c67dfd4379d8"},"breadcrumb":{"@id":"https:\/\/cabellonews.com\/?p=648#breadcrumb"},"inLanguage":"en-US","potentialAction":[{"@type":"ReadAction","target":["https:\/\/cabellonews.com\/?p=648"]}]},{"@type":"BreadcrumbList","@id":"https:\/\/cabellonews.com\/?p=648#breadcrumb","itemListElement":[{"@type":"ListItem","position":1,"name":"Inicio","item":"https:\/\/cabellonews.com\/"},{"@type":"ListItem","position":2,"name":"La Fundaci\u00f3n Fleishman ha impulsado el empoderamiento de las organizaciones y de la sociedad: Olga Sosa"}]},{"@type":"WebSite","@id":"https:\/\/cabellonews.com\/#website","url":"https:\/\/cabellonews.com\/","name":"cabellonews.com","description":"Con Cobertura En Tamaulipas Y norte de Veracruz","potentialAction":[{"@type":"SearchAction","target":{"@type":"EntryPoint","urlTemplate":"https:\/\/cabellonews.com\/?s={search_term_string}"},"query-input":"required name=search_term_string"}],"inLanguage":"en-US"},{"@type":"Person","@id":"https:\/\/cabellonews.com\/#\/schema\/person\/7afe73bafa6cc5a24fd4c67dfd4379d8","name":"cabellonews.com","image":{"@type":"ImageObject","inLanguage":"en-US","@id":"https:\/\/cabellonews.com\/#\/schema\/person\/image\/","url":"https:\/\/secure.gravatar.com\/avatar\/8d6324fc2806389aad4cd38639618406?s=96&d=mm&r=g","contentUrl":"https:\/\/secure.gravatar.com\/avatar\/8d6324fc2806389aad4cd38639618406?s=96&d=mm&r=g","caption":"cabellonews.com"},"sameAs":["http:\/\/cabellonews.com"],"url":"https:\/\/cabellonews.com\/?author=1"}]}},"_links":{"self":[{"href":"https:\/\/cabellonews.com\/index.php?rest_route=\/wp\/v2\/posts\/648"}],"collection":[{"href":"https:\/\/cabellonews.com\/index.php?rest_route=\/wp\/v2\/posts"}],"about":[{"href":"https:\/\/cabellonews.com\/index.php?rest_route=\/wp\/v2\/types\/post"}],"author":[{"embeddable":true,"href":"https:\/\/cabellonews.com\/index.php?rest_route=\/wp\/v2\/users\/1"}],"replies":[{"embeddable":true,"href":"https:\/\/cabellonews.com\/index.php?rest_route=%2Fwp%2Fv2%2Fcomments&post=648"}],"version-history":[{"count":1,"href":"https:\/\/cabellonews.com\/index.php?rest_route=\/wp\/v2\/posts\/648\/revisions"}],"predecessor-version":[{"id":650,"href":"https:\/\/cabellonews.com\/index.php?rest_route=\/wp\/v2\/posts\/648\/revisions\/650"}],"wp:featuredmedia":[{"embeddable":true,"href":"https:\/\/cabellonews.com\/index.php?rest_route=\/wp\/v2\/media\/649"}],"wp:attachment":[{"href":"https:\/\/cabellonews.com\/index.php?rest_route=%2Fwp%2Fv2%2Fmedia&parent=648"}],"wp:term":[{"taxonomy":"category","embeddable":true,"href":"https:\/\/cabellonews.com\/index.php?rest_route=%2Fwp%2Fv2%2Fcategories&post=648"},{"taxonomy":"post_tag","embeddable":true,"href":"https:\/\/cabellonews.com\/index.php?rest_route=%2Fwp%2Fv2%2Ftags&post=648"}],"curies":[{"name":"wp","href":"https:\/\/api.w.org\/{rel}","templated":true}]}}