{"id":645,"date":"2023-11-10T18:05:42","date_gmt":"2023-11-10T18:05:42","guid":{"rendered":"https:\/\/cabellonews.com\/?p=645"},"modified":"2023-11-14T07:00:37","modified_gmt":"2023-11-14T07:00:37","slug":"valiosas-aportaciones-del-ciest-al-desarrollo-economico-y-social-del-sur-de-tamaulipas-olga-sosa","status":"publish","type":"post","link":"https:\/\/cabellonews.com\/?p=645","title":{"rendered":"Valiosas aportaciones del CIEST al desarrollo econ\u00f3mico y social del sur de Tamaulipas: Olga Sosa"},"content":{"rendered":"\n<p>*Gobernador Am\u00e9rico Villarreal Anaya asiste al 36 aniversario del CIEST.<\/p>\n\n\n\n<p>Viernes 10 de noviembre de 2023<\/p>\n\n\n\n<p>Tampico.- En el trig\u00e9simo sexto aniversario, el Gobernador de Tamaulipas Am\u00e9rico Villarreal Anaya en reuni\u00f3n presidida por el Jos\u00e9 Luis del \u00c1ngel Sosa, presidente del CIEST, habl\u00f3 de los proyectos de desarrollo econ\u00f3mico y social de la zona sur; en la reuni\u00f3n particip\u00f3 la secretaria del Trabajo Olga Sosa Ru\u00edz y la secretaria de Finanzas, Adriana Lozano.<\/p>\n\n\n\n<p>La secretaria Olga Sosa Ru\u00edz destac\u00f3 que adem\u00e1s de las aportaciones del 40% al PIB estatal y cerca del 90% de los empleos formales registrados en la zona sur, las acciones del CIEST en proyectos de agua, seguridad p\u00fablica e infraestructura de comunicaciones, son muestra del compromiso con la pr\u00f3spera regi\u00f3n que es el sur de Tamaulipas.<\/p>\n\n\n\n<p>Adem\u00e1s de escuchar las obras p\u00fablicas, acciones, proyectos y estrategias desarrolladas en la zona sur, enunciadas por parte del ejecutivo estatal, la titular de Trabajo y Previsi\u00f3n Social.<\/p>\n\n\n\n<p>\u201cSe invita a continuar trabajando unidos en importantes actividades de crecimiento econ\u00f3mico, como son: el manejo del petr\u00f3leo y el gas; las actividades de log\u00edstica, de industria, comercio de exportaci\u00f3n y turismo, mismas que generar\u00e1n inversi\u00f3n, dinamismo, empleo y bienestar\u201d se\u00f1al\u00f3 Sosa Ru\u00edz.<\/p>\n\n\n\n<p>Al evento acudieron c\u00e1maras y organismos empresariales as\u00ed como presidente municipal de Tampico, representantes populares y actores que propician la productividad en la zona sur de Tamaulipas.<\/p>\n\n\n<figure class=\"wp-block-post-featured-image\"><img width=\"240\" height=\"172\" src=\"https:\/\/cabellonews.com\/wp-content\/uploads\/2023\/11\/a6d8c4d6-7bd0-4be9-b2cf-825ed9baab0d-240x172.jpeg\" class=\"attachment-post-thumbnail size-post-thumbnail wp-post-image\" alt=\"\" decoding=\"async\" loading=\"lazy\" \/><\/figure>","protected":false},"excerpt":{"rendered":"<p>*Gobernador Am\u00e9rico Villarreal Anaya asiste al 36 aniversario del CIEST. Viernes 10 de noviembre de 2023 Tampico.- En el trig\u00e9simo sexto aniversario, el Gobernador de Tamaulipas Am\u00e9rico Villarreal Anaya en reuni\u00f3n presidida por el Jos\u00e9 Luis del \u00c1ngel Sosa, presidente del CIEST, habl\u00f3 de los proyectos de desarrollo econ\u00f3mico y social de la zona sur; en la reuni\u00f3n particip\u00f3 la secretaria del Trabajo Olga Sosa Ru\u00edz y la secretaria de Finanzas, Adriana Lozano. La secretaria Olga Sosa Ru\u00edz destac\u00f3 que adem\u00e1s de las aportaciones del 40% al PIB estatal y&hellip;<\/p>\n","protected":false},"author":1,"featured_media":646,"comment_status":"open","ping_status":"open","sticky":false,"template":"","format":"standard","meta":[],"categories":[1],"tags":[],"gutentor_comment":0,"yoast_head":"<!-- This site is optimized with the Yoast SEO plugin v20.10 - https:\/\/yoast.com\/wordpress\/plugins\/seo\/ -->\n<title>Valiosas aportaciones del CIEST al desarrollo econ\u00f3mico y social del sur de Tamaulipas: Olga Sosa - cabellonews.com<\/title>\n<meta name=\"robots\" content=\"index, follow, max-snippet:-1, max-image-preview:large, max-video-preview:-1\" \/>\n<link rel=\"canonical\" href=\"https:\/\/cabellonews.com\/?p=645\" \/>\n<meta property=\"og:locale\" content=\"en_US\" \/>\n<meta property=\"og:type\" content=\"article\" \/>\n<meta property=\"og:title\" content=\"Valiosas aportaciones del CIEST al desarrollo econ\u00f3mico y social del sur de Tamaulipas: Olga Sosa - cabellonews.com\" \/>\n<meta property=\"og:description\" content=\"*Gobernador Am\u00e9rico Villarreal Anaya asiste al 36 aniversario del CIEST. Viernes 10 de noviembre de 2023 Tampico.- En el trig\u00e9simo sexto aniversario, el Gobernador de Tamaulipas Am\u00e9rico Villarreal Anaya en reuni\u00f3n presidida por el Jos\u00e9 Luis del \u00c1ngel Sosa, presidente del CIEST, habl\u00f3 de los proyectos de desarrollo econ\u00f3mico y social de la zona sur; en la reuni\u00f3n particip\u00f3 la secretaria del Trabajo Olga Sosa Ru\u00edz y la secretaria de Finanzas, Adriana Lozano. La secretaria Olga Sosa Ru\u00edz destac\u00f3 que adem\u00e1s de las aportaciones del 40% al PIB estatal y&hellip;\" \/>\n<meta property=\"og:url\" content=\"https:\/\/cabellonews.com\/?p=645\" \/>\n<meta property=\"og:site_name\" content=\"cabellonews.com\" \/>\n<meta property=\"article:published_time\" content=\"2023-11-10T18:05:42+00:00\" \/>\n<meta property=\"article:modified_time\" content=\"2023-11-14T07:00:37+00:00\" \/>\n<meta property=\"og:image\" content=\"http:\/\/cabellonews.com\/wp-content\/uploads\/2023\/11\/a6d8c4d6-7bd0-4be9-b2cf-825ed9baab0d.jpeg\" \/>\n\t<meta property=\"og:image:width\" content=\"1440\" \/>\n\t<meta property=\"og:image:height\" content=\"960\" \/>\n\t<meta property=\"og:image:type\" content=\"image\/jpeg\" \/>\n<meta name=\"author\" content=\"cabellonews.com\" \/>\n<meta name=\"twitter:card\" content=\"summary_large_image\" \/>\n<meta name=\"twitter:label1\" content=\"Written by\" \/>\n\t<meta name=\"twitter:data1\" content=\"cabellonews.com\" \/>\n<script type=\"application\/ld+json\" class=\"yoast-schema-graph\">{\"@context\":\"https:\/\/schema.org\",\"@graph\":[{\"@type\":\"WebPage\",\"@id\":\"https:\/\/cabellonews.com\/?p=645\",\"url\":\"https:\/\/cabellonews.com\/?p=645\",\"name\":\"Valiosas aportaciones del CIEST al desarrollo econ\u00f3mico y social del sur de Tamaulipas: Olga Sosa - cabellonews.com\",\"isPartOf\":{\"@id\":\"https:\/\/cabellonews.com\/#website\"},\"datePublished\":\"2023-11-10T18:05:42+00:00\",\"dateModified\":\"2023-11-14T07:00:37+00:00\",\"author\":{\"@id\":\"https:\/\/cabellonews.com\/#\/schema\/person\/7afe73bafa6cc5a24fd4c67dfd4379d8\"},\"breadcrumb\":{\"@id\":\"https:\/\/cabellonews.com\/?p=645#breadcrumb\"},\"inLanguage\":\"en-US\",\"potentialAction\":[{\"@type\":\"ReadAction\",\"target\":[\"https:\/\/cabellonews.com\/?p=645\"]}]},{\"@type\":\"BreadcrumbList\",\"@id\":\"https:\/\/cabellonews.com\/?p=645#breadcrumb\",\"itemListElement\":[{\"@type\":\"ListItem\",\"position\":1,\"name\":\"Inicio\",\"item\":\"https:\/\/cabellonews.com\/\"},{\"@type\":\"ListItem\",\"position\":2,\"name\":\"Valiosas aportaciones del CIEST al desarrollo econ\u00f3mico y social del sur de Tamaulipas: Olga Sosa\"}]},{\"@type\":\"WebSite\",\"@id\":\"https:\/\/cabellonews.com\/#website\",\"url\":\"https:\/\/cabellonews.com\/\",\"name\":\"cabellonews.com\",\"description\":\"Con Cobertura En Tamaulipas Y norte de Veracruz\",\"potentialAction\":[{\"@type\":\"SearchAction\",\"target\":{\"@type\":\"EntryPoint\",\"urlTemplate\":\"https:\/\/cabellonews.com\/?s={search_term_string}\"},\"query-input\":\"required name=search_term_string\"}],\"inLanguage\":\"en-US\"},{\"@type\":\"Person\",\"@id\":\"https:\/\/cabellonews.com\/#\/schema\/person\/7afe73bafa6cc5a24fd4c67dfd4379d8\",\"name\":\"cabellonews.com\",\"image\":{\"@type\":\"ImageObject\",\"inLanguage\":\"en-US\",\"@id\":\"https:\/\/cabellonews.com\/#\/schema\/person\/image\/\",\"url\":\"https:\/\/secure.gravatar.com\/avatar\/8d6324fc2806389aad4cd38639618406?s=96&d=mm&r=g\",\"contentUrl\":\"https:\/\/secure.gravatar.com\/avatar\/8d6324fc2806389aad4cd38639618406?s=96&d=mm&r=g\",\"caption\":\"cabellonews.com\"},\"sameAs\":[\"http:\/\/cabellonews.com\"],\"url\":\"https:\/\/cabellonews.com\/?author=1\"}]}<\/script>\n<!-- \/ Yoast SEO plugin. -->","yoast_head_json":{"title":"Valiosas aportaciones del CIEST al desarrollo econ\u00f3mico y social del sur de Tamaulipas: Olga Sosa - cabellonews.com","robots":{"index":"index","follow":"follow","max-snippet":"max-snippet:-1","max-image-preview":"max-image-preview:large","max-video-preview":"max-video-preview:-1"},"canonical":"https:\/\/cabellonews.com\/?p=645","og_locale":"en_US","og_type":"article","og_title":"Valiosas aportaciones del CIEST al desarrollo econ\u00f3mico y social del sur de Tamaulipas: Olga Sosa - cabellonews.com","og_description":"*Gobernador Am\u00e9rico Villarreal Anaya asiste al 36 aniversario del CIEST. Viernes 10 de noviembre de 2023 Tampico.- En el trig\u00e9simo sexto aniversario, el Gobernador de Tamaulipas Am\u00e9rico Villarreal Anaya en reuni\u00f3n presidida por el Jos\u00e9 Luis del \u00c1ngel Sosa, presidente del CIEST, habl\u00f3 de los proyectos de desarrollo econ\u00f3mico y social de la zona sur; en la reuni\u00f3n particip\u00f3 la secretaria del Trabajo Olga Sosa Ru\u00edz y la secretaria de Finanzas, Adriana Lozano. La secretaria Olga Sosa Ru\u00edz destac\u00f3 que adem\u00e1s de las aportaciones del 40% al PIB estatal y&hellip;","og_url":"https:\/\/cabellonews.com\/?p=645","og_site_name":"cabellonews.com","article_published_time":"2023-11-10T18:05:42+00:00","article_modified_time":"2023-11-14T07:00:37+00:00","og_image":[{"width":1440,"height":960,"url":"http:\/\/cabellonews.com\/wp-content\/uploads\/2023\/11\/a6d8c4d6-7bd0-4be9-b2cf-825ed9baab0d.jpeg","type":"image\/jpeg"}],"author":"cabellonews.com","twitter_card":"summary_large_image","twitter_misc":{"Written by":"cabellonews.com"},"schema":{"@context":"https:\/\/schema.org","@graph":[{"@type":"WebPage","@id":"https:\/\/cabellonews.com\/?p=645","url":"https:\/\/cabellonews.com\/?p=645","name":"Valiosas aportaciones del CIEST al desarrollo econ\u00f3mico y social del sur de Tamaulipas: Olga Sosa - cabellonews.com","isPartOf":{"@id":"https:\/\/cabellonews.com\/#website"},"datePublished":"2023-11-10T18:05:42+00:00","dateModified":"2023-11-14T07:00:37+00:00","author":{"@id":"https:\/\/cabellonews.com\/#\/schema\/person\/7afe73bafa6cc5a24fd4c67dfd4379d8"},"breadcrumb":{"@id":"https:\/\/cabellonews.com\/?p=645#breadcrumb"},"inLanguage":"en-US","potentialAction":[{"@type":"ReadAction","target":["https:\/\/cabellonews.com\/?p=645"]}]},{"@type":"BreadcrumbList","@id":"https:\/\/cabellonews.com\/?p=645#breadcrumb","itemListElement":[{"@type":"ListItem","position":1,"name":"Inicio","item":"https:\/\/cabellonews.com\/"},{"@type":"ListItem","position":2,"name":"Valiosas aportaciones del CIEST al desarrollo econ\u00f3mico y social del sur de Tamaulipas: Olga Sosa"}]},{"@type":"WebSite","@id":"https:\/\/cabellonews.com\/#website","url":"https:\/\/cabellonews.com\/","name":"cabellonews.com","description":"Con Cobertura En Tamaulipas Y norte de Veracruz","potentialAction":[{"@type":"SearchAction","target":{"@type":"EntryPoint","urlTemplate":"https:\/\/cabellonews.com\/?s={search_term_string}"},"query-input":"required name=search_term_string"}],"inLanguage":"en-US"},{"@type":"Person","@id":"https:\/\/cabellonews.com\/#\/schema\/person\/7afe73bafa6cc5a24fd4c67dfd4379d8","name":"cabellonews.com","image":{"@type":"ImageObject","inLanguage":"en-US","@id":"https:\/\/cabellonews.com\/#\/schema\/person\/image\/","url":"https:\/\/secure.gravatar.com\/avatar\/8d6324fc2806389aad4cd38639618406?s=96&d=mm&r=g","contentUrl":"https:\/\/secure.gravatar.com\/avatar\/8d6324fc2806389aad4cd38639618406?s=96&d=mm&r=g","caption":"cabellonews.com"},"sameAs":["http:\/\/cabellonews.com"],"url":"https:\/\/cabellonews.com\/?author=1"}]}},"_links":{"self":[{"href":"https:\/\/cabellonews.com\/index.php?rest_route=\/wp\/v2\/posts\/645"}],"collection":[{"href":"https:\/\/cabellonews.com\/index.php?rest_route=\/wp\/v2\/posts"}],"about":[{"href":"https:\/\/cabellonews.com\/index.php?rest_route=\/wp\/v2\/types\/post"}],"author":[{"embeddable":true,"href":"https:\/\/cabellonews.com\/index.php?rest_route=\/wp\/v2\/users\/1"}],"replies":[{"embeddable":true,"href":"https:\/\/cabellonews.com\/index.php?rest_route=%2Fwp%2Fv2%2Fcomments&post=645"}],"version-history":[{"count":1,"href":"https:\/\/cabellonews.com\/index.php?rest_route=\/wp\/v2\/posts\/645\/revisions"}],"predecessor-version":[{"id":647,"href":"https:\/\/cabellonews.com\/index.php?rest_route=\/wp\/v2\/posts\/645\/revisions\/647"}],"wp:featuredmedia":[{"embeddable":true,"href":"https:\/\/cabellonews.com\/index.php?rest_route=\/wp\/v2\/media\/646"}],"wp:attachment":[{"href":"https:\/\/cabellonews.com\/index.php?rest_route=%2Fwp%2Fv2%2Fmedia&parent=645"}],"wp:term":[{"taxonomy":"category","embeddable":true,"href":"https:\/\/cabellonews.com\/index.php?rest_route=%2Fwp%2Fv2%2Fcategories&post=645"},{"taxonomy":"post_tag","embeddable":true,"href":"https:\/\/cabellonews.com\/index.php?rest_route=%2Fwp%2Fv2%2Ftags&post=645"}],"curies":[{"name":"wp","href":"https:\/\/api.w.org\/{rel}","templated":true}]}}