{"id":642,"date":"2023-11-11T18:04:40","date_gmt":"2023-11-11T18:04:40","guid":{"rendered":"https:\/\/cabellonews.com\/?p=642"},"modified":"2023-11-14T07:03:14","modified_gmt":"2023-11-14T07:03:14","slug":"autos-cuya-serie-inicie-con-letra-podran-ser-regularizados-en-tamaulipas-adriana-lozano","status":"publish","type":"post","link":"https:\/\/cabellonews.com\/?p=642","title":{"rendered":"Autos cuya serie inicie con letra podr\u00e1n ser regularizados en Tamaulipas: Adriana Lozano"},"content":{"rendered":"\n<p>Noviembre 10 de 2023<\/p>\n\n\n\n<p>Ciudad Victoria, Tamaulipas. &#8211; Derivado del informe que esta ma\u00f1ana el presidente de M\u00e9xico, Andr\u00e9s Manuel L\u00f3pez Obrador, hiciera sobre el Programa de Regularizaci\u00f3n de Veh\u00edculos de Procedencia Extranjera, a partir del 01 de diciembre del presente a\u00f1o los propietarios de los autom\u00f3viles cuya serie inicie con letra podr\u00e1n acceder a este programa.<\/p>\n\n\n\n<p>En Tamaulipas, la secretaria de Finanzas, Adriana Lozano Rodr\u00edguez, celebr\u00f3 la decisi\u00f3n del Ejecutivo Federal por incluir esta propuesta de los propietarios cuyas unidades no hab\u00edan sido regularizadas mediante el decreto. Asimismo mencion\u00f3 que se girar\u00e1n las instrucciones necesarias a las Oficinas Fiscales del Estado, para que contin\u00faen realizando con \u00e9xito el mencionado tr\u00e1mite y agreguen esta nueva disposici\u00f3n.<\/p>\n\n\n\n<p>A partir del primero de diciembre, estos veh\u00edculos que ya se encuentren en territorio nacional se incorporar\u00e1n al decreto existente; sus propietarios deber\u00e1n demostrar que fueron comercializados o importados en Estados Unidos o en Canad\u00e1 y que no cuentan con reporte de robo.<\/p>\n\n\n<figure class=\"wp-block-post-featured-image\"><img width=\"240\" height=\"172\" src=\"https:\/\/cabellonews.com\/wp-content\/uploads\/2023\/11\/7bb0758f-54e4-42b6-86ad-c64f097ba62c-240x172.jpeg\" class=\"attachment-post-thumbnail size-post-thumbnail wp-post-image\" alt=\"\" decoding=\"async\" loading=\"lazy\" srcset=\"https:\/\/cabellonews.com\/wp-content\/uploads\/2023\/11\/7bb0758f-54e4-42b6-86ad-c64f097ba62c-240x172.jpeg 240w, https:\/\/cabellonews.com\/wp-content\/uploads\/2023\/11\/7bb0758f-54e4-42b6-86ad-c64f097ba62c-511x365.jpeg 511w, https:\/\/cabellonews.com\/wp-content\/uploads\/2023\/11\/7bb0758f-54e4-42b6-86ad-c64f097ba62c-840x600.jpeg 840w, https:\/\/cabellonews.com\/wp-content\/uploads\/2023\/11\/7bb0758f-54e4-42b6-86ad-c64f097ba62c-768x549.jpeg 768w, https:\/\/cabellonews.com\/wp-content\/uploads\/2023\/11\/7bb0758f-54e4-42b6-86ad-c64f097ba62c-1536x1097.jpeg 1536w, https:\/\/cabellonews.com\/wp-content\/uploads\/2023\/11\/7bb0758f-54e4-42b6-86ad-c64f097ba62c.jpeg 1600w\" sizes=\"(max-width: 240px) 100vw, 240px\" \/><\/figure>\n\n\n<pre class=\"wp-block-code\"><code>      *      *    *<\/code><\/pre>\n","protected":false},"excerpt":{"rendered":"<p>Noviembre 10 de 2023 Ciudad Victoria, Tamaulipas. &#8211; Derivado del informe que esta ma\u00f1ana el presidente de M\u00e9xico, Andr\u00e9s Manuel L\u00f3pez Obrador, hiciera sobre el Programa de Regularizaci\u00f3n de Veh\u00edculos de Procedencia Extranjera, a partir del 01 de diciembre del presente a\u00f1o los propietarios de los autom\u00f3viles cuya serie inicie con letra podr\u00e1n acceder a este programa. En Tamaulipas, la secretaria de Finanzas, Adriana Lozano Rodr\u00edguez, celebr\u00f3 la decisi\u00f3n del Ejecutivo Federal por incluir esta propuesta de los propietarios cuyas unidades no hab\u00edan sido regularizadas mediante el decreto. Asimismo mencion\u00f3&hellip;<\/p>\n","protected":false},"author":1,"featured_media":643,"comment_status":"open","ping_status":"open","sticky":false,"template":"","format":"standard","meta":[],"categories":[1],"tags":[],"gutentor_comment":0,"yoast_head":"<!-- This site is optimized with the Yoast SEO plugin v20.10 - https:\/\/yoast.com\/wordpress\/plugins\/seo\/ -->\n<title>Autos cuya serie inicie con letra podr\u00e1n ser regularizados en Tamaulipas: Adriana Lozano - cabellonews.com<\/title>\n<meta name=\"robots\" content=\"index, follow, max-snippet:-1, max-image-preview:large, max-video-preview:-1\" \/>\n<link rel=\"canonical\" href=\"https:\/\/cabellonews.com\/?p=642\" \/>\n<meta property=\"og:locale\" content=\"en_US\" \/>\n<meta property=\"og:type\" content=\"article\" \/>\n<meta property=\"og:title\" content=\"Autos cuya serie inicie con letra podr\u00e1n ser regularizados en Tamaulipas: Adriana Lozano - cabellonews.com\" \/>\n<meta property=\"og:description\" content=\"Noviembre 10 de 2023 Ciudad Victoria, Tamaulipas. &#8211; Derivado del informe que esta ma\u00f1ana el presidente de M\u00e9xico, Andr\u00e9s Manuel L\u00f3pez Obrador, hiciera sobre el Programa de Regularizaci\u00f3n de Veh\u00edculos de Procedencia Extranjera, a partir del 01 de diciembre del presente a\u00f1o los propietarios de los autom\u00f3viles cuya serie inicie con letra podr\u00e1n acceder a este programa. En Tamaulipas, la secretaria de Finanzas, Adriana Lozano Rodr\u00edguez, celebr\u00f3 la decisi\u00f3n del Ejecutivo Federal por incluir esta propuesta de los propietarios cuyas unidades no hab\u00edan sido regularizadas mediante el decreto. Asimismo mencion\u00f3&hellip;\" \/>\n<meta property=\"og:url\" content=\"https:\/\/cabellonews.com\/?p=642\" \/>\n<meta property=\"og:site_name\" content=\"cabellonews.com\" \/>\n<meta property=\"article:published_time\" content=\"2023-11-11T18:04:40+00:00\" \/>\n<meta property=\"article:modified_time\" content=\"2023-11-14T07:03:14+00:00\" \/>\n<meta property=\"og:image\" content=\"http:\/\/cabellonews.com\/wp-content\/uploads\/2023\/11\/7bb0758f-54e4-42b6-86ad-c64f097ba62c.jpeg\" \/>\n\t<meta property=\"og:image:width\" content=\"1600\" \/>\n\t<meta property=\"og:image:height\" content=\"1143\" \/>\n\t<meta property=\"og:image:type\" content=\"image\/jpeg\" \/>\n<meta name=\"author\" content=\"cabellonews.com\" \/>\n<meta name=\"twitter:card\" content=\"summary_large_image\" \/>\n<meta name=\"twitter:label1\" content=\"Written by\" \/>\n\t<meta name=\"twitter:data1\" content=\"cabellonews.com\" \/>\n<script type=\"application\/ld+json\" class=\"yoast-schema-graph\">{\"@context\":\"https:\/\/schema.org\",\"@graph\":[{\"@type\":\"WebPage\",\"@id\":\"https:\/\/cabellonews.com\/?p=642\",\"url\":\"https:\/\/cabellonews.com\/?p=642\",\"name\":\"Autos cuya serie inicie con letra podr\u00e1n ser regularizados en Tamaulipas: Adriana Lozano - cabellonews.com\",\"isPartOf\":{\"@id\":\"https:\/\/cabellonews.com\/#website\"},\"datePublished\":\"2023-11-11T18:04:40+00:00\",\"dateModified\":\"2023-11-14T07:03:14+00:00\",\"author\":{\"@id\":\"https:\/\/cabellonews.com\/#\/schema\/person\/7afe73bafa6cc5a24fd4c67dfd4379d8\"},\"breadcrumb\":{\"@id\":\"https:\/\/cabellonews.com\/?p=642#breadcrumb\"},\"inLanguage\":\"en-US\",\"potentialAction\":[{\"@type\":\"ReadAction\",\"target\":[\"https:\/\/cabellonews.com\/?p=642\"]}]},{\"@type\":\"BreadcrumbList\",\"@id\":\"https:\/\/cabellonews.com\/?p=642#breadcrumb\",\"itemListElement\":[{\"@type\":\"ListItem\",\"position\":1,\"name\":\"Inicio\",\"item\":\"https:\/\/cabellonews.com\/\"},{\"@type\":\"ListItem\",\"position\":2,\"name\":\"Autos cuya serie inicie con letra podr\u00e1n ser regularizados en Tamaulipas: Adriana Lozano\"}]},{\"@type\":\"WebSite\",\"@id\":\"https:\/\/cabellonews.com\/#website\",\"url\":\"https:\/\/cabellonews.com\/\",\"name\":\"cabellonews.com\",\"description\":\"Con Cobertura En Tamaulipas Y norte de Veracruz\",\"potentialAction\":[{\"@type\":\"SearchAction\",\"target\":{\"@type\":\"EntryPoint\",\"urlTemplate\":\"https:\/\/cabellonews.com\/?s={search_term_string}\"},\"query-input\":\"required name=search_term_string\"}],\"inLanguage\":\"en-US\"},{\"@type\":\"Person\",\"@id\":\"https:\/\/cabellonews.com\/#\/schema\/person\/7afe73bafa6cc5a24fd4c67dfd4379d8\",\"name\":\"cabellonews.com\",\"image\":{\"@type\":\"ImageObject\",\"inLanguage\":\"en-US\",\"@id\":\"https:\/\/cabellonews.com\/#\/schema\/person\/image\/\",\"url\":\"https:\/\/secure.gravatar.com\/avatar\/8d6324fc2806389aad4cd38639618406?s=96&d=mm&r=g\",\"contentUrl\":\"https:\/\/secure.gravatar.com\/avatar\/8d6324fc2806389aad4cd38639618406?s=96&d=mm&r=g\",\"caption\":\"cabellonews.com\"},\"sameAs\":[\"http:\/\/cabellonews.com\"],\"url\":\"https:\/\/cabellonews.com\/?author=1\"}]}<\/script>\n<!-- \/ Yoast SEO plugin. -->","yoast_head_json":{"title":"Autos cuya serie inicie con letra podr\u00e1n ser regularizados en Tamaulipas: Adriana Lozano - cabellonews.com","robots":{"index":"index","follow":"follow","max-snippet":"max-snippet:-1","max-image-preview":"max-image-preview:large","max-video-preview":"max-video-preview:-1"},"canonical":"https:\/\/cabellonews.com\/?p=642","og_locale":"en_US","og_type":"article","og_title":"Autos cuya serie inicie con letra podr\u00e1n ser regularizados en Tamaulipas: Adriana Lozano - cabellonews.com","og_description":"Noviembre 10 de 2023 Ciudad Victoria, Tamaulipas. &#8211; Derivado del informe que esta ma\u00f1ana el presidente de M\u00e9xico, Andr\u00e9s Manuel L\u00f3pez Obrador, hiciera sobre el Programa de Regularizaci\u00f3n de Veh\u00edculos de Procedencia Extranjera, a partir del 01 de diciembre del presente a\u00f1o los propietarios de los autom\u00f3viles cuya serie inicie con letra podr\u00e1n acceder a este programa. En Tamaulipas, la secretaria de Finanzas, Adriana Lozano Rodr\u00edguez, celebr\u00f3 la decisi\u00f3n del Ejecutivo Federal por incluir esta propuesta de los propietarios cuyas unidades no hab\u00edan sido regularizadas mediante el decreto. Asimismo mencion\u00f3&hellip;","og_url":"https:\/\/cabellonews.com\/?p=642","og_site_name":"cabellonews.com","article_published_time":"2023-11-11T18:04:40+00:00","article_modified_time":"2023-11-14T07:03:14+00:00","og_image":[{"width":1600,"height":1143,"url":"http:\/\/cabellonews.com\/wp-content\/uploads\/2023\/11\/7bb0758f-54e4-42b6-86ad-c64f097ba62c.jpeg","type":"image\/jpeg"}],"author":"cabellonews.com","twitter_card":"summary_large_image","twitter_misc":{"Written by":"cabellonews.com"},"schema":{"@context":"https:\/\/schema.org","@graph":[{"@type":"WebPage","@id":"https:\/\/cabellonews.com\/?p=642","url":"https:\/\/cabellonews.com\/?p=642","name":"Autos cuya serie inicie con letra podr\u00e1n ser regularizados en Tamaulipas: Adriana Lozano - cabellonews.com","isPartOf":{"@id":"https:\/\/cabellonews.com\/#website"},"datePublished":"2023-11-11T18:04:40+00:00","dateModified":"2023-11-14T07:03:14+00:00","author":{"@id":"https:\/\/cabellonews.com\/#\/schema\/person\/7afe73bafa6cc5a24fd4c67dfd4379d8"},"breadcrumb":{"@id":"https:\/\/cabellonews.com\/?p=642#breadcrumb"},"inLanguage":"en-US","potentialAction":[{"@type":"ReadAction","target":["https:\/\/cabellonews.com\/?p=642"]}]},{"@type":"BreadcrumbList","@id":"https:\/\/cabellonews.com\/?p=642#breadcrumb","itemListElement":[{"@type":"ListItem","position":1,"name":"Inicio","item":"https:\/\/cabellonews.com\/"},{"@type":"ListItem","position":2,"name":"Autos cuya serie inicie con letra podr\u00e1n ser regularizados en Tamaulipas: Adriana Lozano"}]},{"@type":"WebSite","@id":"https:\/\/cabellonews.com\/#website","url":"https:\/\/cabellonews.com\/","name":"cabellonews.com","description":"Con Cobertura En Tamaulipas Y norte de Veracruz","potentialAction":[{"@type":"SearchAction","target":{"@type":"EntryPoint","urlTemplate":"https:\/\/cabellonews.com\/?s={search_term_string}"},"query-input":"required name=search_term_string"}],"inLanguage":"en-US"},{"@type":"Person","@id":"https:\/\/cabellonews.com\/#\/schema\/person\/7afe73bafa6cc5a24fd4c67dfd4379d8","name":"cabellonews.com","image":{"@type":"ImageObject","inLanguage":"en-US","@id":"https:\/\/cabellonews.com\/#\/schema\/person\/image\/","url":"https:\/\/secure.gravatar.com\/avatar\/8d6324fc2806389aad4cd38639618406?s=96&d=mm&r=g","contentUrl":"https:\/\/secure.gravatar.com\/avatar\/8d6324fc2806389aad4cd38639618406?s=96&d=mm&r=g","caption":"cabellonews.com"},"sameAs":["http:\/\/cabellonews.com"],"url":"https:\/\/cabellonews.com\/?author=1"}]}},"_links":{"self":[{"href":"https:\/\/cabellonews.com\/index.php?rest_route=\/wp\/v2\/posts\/642"}],"collection":[{"href":"https:\/\/cabellonews.com\/index.php?rest_route=\/wp\/v2\/posts"}],"about":[{"href":"https:\/\/cabellonews.com\/index.php?rest_route=\/wp\/v2\/types\/post"}],"author":[{"embeddable":true,"href":"https:\/\/cabellonews.com\/index.php?rest_route=\/wp\/v2\/users\/1"}],"replies":[{"embeddable":true,"href":"https:\/\/cabellonews.com\/index.php?rest_route=%2Fwp%2Fv2%2Fcomments&post=642"}],"version-history":[{"count":1,"href":"https:\/\/cabellonews.com\/index.php?rest_route=\/wp\/v2\/posts\/642\/revisions"}],"predecessor-version":[{"id":644,"href":"https:\/\/cabellonews.com\/index.php?rest_route=\/wp\/v2\/posts\/642\/revisions\/644"}],"wp:featuredmedia":[{"embeddable":true,"href":"https:\/\/cabellonews.com\/index.php?rest_route=\/wp\/v2\/media\/643"}],"wp:attachment":[{"href":"https:\/\/cabellonews.com\/index.php?rest_route=%2Fwp%2Fv2%2Fmedia&parent=642"}],"wp:term":[{"taxonomy":"category","embeddable":true,"href":"https:\/\/cabellonews.com\/index.php?rest_route=%2Fwp%2Fv2%2Fcategories&post=642"},{"taxonomy":"post_tag","embeddable":true,"href":"https:\/\/cabellonews.com\/index.php?rest_route=%2Fwp%2Fv2%2Ftags&post=642"}],"curies":[{"name":"wp","href":"https:\/\/api.w.org\/{rel}","templated":true}]}}