{"id":639,"date":"2023-11-09T23:50:28","date_gmt":"2023-11-09T23:50:28","guid":{"rendered":"https:\/\/cabellonews.com\/?p=639"},"modified":"2023-11-09T23:50:28","modified_gmt":"2023-11-09T23:50:28","slug":"reafirma-gobernador-apoyo-a-empresarios-para-atraer-inversiones","status":"publish","type":"post","link":"https:\/\/cabellonews.com\/?p=639","title":{"rendered":"Reafirma gobernador apoyo a empresarios para atraer inversiones"},"content":{"rendered":"\n<p>-Preside Am\u00e9rico 36 aniversario del Consejo de Instituciones Empresariales del Sur de Tamaulipas, que agrupa a 19 organismos<\/p>\n\n\n\n<p>Noviembre 09 de 2023<\/p>\n\n\n\n<p>Tampico, Tamaulipas.- Luego de confirmar que este mes se concluir\u00e1 la tercera y \u00faltima etapa de las obras de rehabilitaci\u00f3n en el dique del estero El Camalote, lo que representa un compromiso cumplido, el gobernador Am\u00e9rico Villarreal Anaya reiter\u00f3 a los empresarios del sur del estado que cuentan con todo su apoyo para ir por nuevas inversiones y mejores proyectos.<\/p>\n\n\n\n<p>Al participar la tarde de este jueves, en la celebraci\u00f3n del 36 aniversario del Consejo de Instituciones Empresariales del Sur de Tamaulipas (CIEST) que preside Jos\u00e9 Luis del \u00c1ngel Sosa y que agrupa a 19 c\u00e1maras empresariales, el mandatario dio cuenta de los grandes proyectos que est\u00e1n en marcha como el seguimiento de la carretera Tam-Baj\u00edo, la construcci\u00f3n del puente de La Esperanza y el Plan de Movilidad Tampico-Altamira, a trav\u00e9s de unidades tipo BTR, conocidas como metrob\u00fas, as\u00ed como la rehabilitaci\u00f3n del Centro Hist\u00f3rico de Tampico y la reconversi\u00f3n del Puerto.<\/p>\n\n\n\n<p>&#8220;Nos ha quedado muy claro en este lapso, que el giro hacia una f\u00f3rmula colaborativa y de corresponsabilidad, es el mejor camino para superar dificultades y para detonar las grandes capacidades de desarrollo de esta regi\u00f3n de Tamaulipas, a la que tenemos tanto afecto y reconocimiento&#8221;, expres\u00f3.<\/p>\n\n\n\n<p>Agreg\u00f3 que gracias al respaldo del presidente de M\u00e9xico, Andr\u00e9s Manuel L\u00f3pez Obrador, se ha demostrado que el camino del respeto, del trato institucional, del di\u00e1logo entre \u00f3rdenes de gobierno y la colaboraci\u00f3n, son sustancialmente mejores y m\u00e1s inteligentes que la confrontaci\u00f3n.<\/p>\n\n\n\n<p>&#8220;Cuentan con toda la disposici\u00f3n del Gobierno de Tamaulipas para ir juntos en busca de nuevas inversiones y para el desarrollo de proyectos que consoliden el bienestar y la calidad de vida para todos sus habitantes&#8221;, mencion\u00f3.<\/p>\n\n\n\n<p>Asimismo se refiri\u00f3 a la inversi\u00f3n de la empresa New Fortress por 4 mil 500 millones de d\u00f3lares para la licuefacci\u00f3n de gas, con dos plantas en Altamira y una plataforma en las costas aleda\u00f1as al municipio de Aldama.<\/p>\n\n\n\n<p>&#8220;Con todo eso, esperamos detonar una gran oportunidad de trabajos t\u00e9cnicos, cient\u00edficos, de otro nivel de salario y que nos permita tener mejores oportunidades de calidad y de bienestar de vida&#8221;, puntualiz\u00f3.<\/p>\n\n\n\n<p>Por \u00faltimo, el mandatario estatal hizo un reconocimiento al CIEST y destac\u00f3 la labor de este organismo que ha sido vital para crear y fortalecer la cultura empresarial en la zona conurbada de Tampico, Madero y Altamira.<\/p>\n\n\n\n<p>En el evento se cont\u00f3 con la asistencia del presidente municipal de Tampico, Jes\u00fas Nader; el contralmirante Erik M\u00e1rquez M\u00e1rquez, en representaci\u00f3n de la Primera Regi\u00f3n Naval; la secretaria del Trabajo, Olga Sosa Ru\u00edz; la secretaria de Finanzas, Adriana Lozano Rodr\u00edguez, la diputada federal Rosa Mar\u00eda Gonz\u00e1lez Azc\u00e1rraga, funcionarios del gabinete estatal, integrantes de las Mesas de Coordinaci\u00f3n de Seguridad, del Observatorio Ciudadano y representantes de instituciones educativas.<\/p>\n\n\n\n<p>Del sector empresarial se dieron cita: Luis Apperti Llovet, presidente de la Asociaci\u00f3n de Industriales del Sur de Tamaulipas; Octavio De la Torre Stefano, tesorero de la Confederaci\u00f3n de C\u00e1maras de Comercio; Miguel \u00c1ngel Fong Gonz\u00e1lez, presidente de la Asociaci\u00f3n Mexicana de Hoteles y el presidente de la Federaci\u00f3n de C\u00e1maras de Comercio de Tamaulipas, Julio Almanza Armas.<\/p>\n\n\n\n<p>Asimismo, Blanca Estela P\u00e9rez Villalobos, presidenta de la Comisi\u00f3n de Inclusi\u00f3n y Diversidad del Consejo Coordinador Empresarial; Ignacio Lacunza Maga\u00f1a, presidente de la Asociaci\u00f3n Mexicana de Profesionales Inmobiliarios y Francisco Solares Alem\u00e1n, presidente de la C\u00e1mara Mexicana de la Industria de la Construcci\u00f3n, adem\u00e1s de dirigentes empresariales de los diferentes organismos que integran el CIEST.<\/p>\n\n\n<figure class=\"wp-block-post-featured-image\"><img width=\"240\" height=\"172\" src=\"https:\/\/cabellonews.com\/wp-content\/uploads\/2023\/11\/4275cbf2-f2c3-4e63-8efc-b041f87d2fea-240x172.jpeg\" class=\"attachment-post-thumbnail size-post-thumbnail wp-post-image\" alt=\"\" decoding=\"async\" loading=\"lazy\" \/><\/figure>\n\n\n<pre class=\"wp-block-code\"><code>       *      *     *<\/code><\/pre>\n","protected":false},"excerpt":{"rendered":"<p>-Preside Am\u00e9rico 36 aniversario del Consejo de Instituciones Empresariales del Sur de Tamaulipas, que agrupa a 19 organismos Noviembre 09 de 2023 Tampico, Tamaulipas.- Luego de confirmar que este mes se concluir\u00e1 la tercera y \u00faltima etapa de las obras de rehabilitaci\u00f3n en el dique del estero El Camalote, lo que representa un compromiso cumplido, el gobernador Am\u00e9rico Villarreal Anaya reiter\u00f3 a los empresarios del sur del estado que cuentan con todo su apoyo para ir por nuevas inversiones y mejores proyectos. Al participar la tarde de este jueves, en&hellip;<\/p>\n","protected":false},"author":1,"featured_media":640,"comment_status":"open","ping_status":"open","sticky":false,"template":"","format":"standard","meta":[],"categories":[1],"tags":[],"gutentor_comment":0,"yoast_head":"<!-- This site is optimized with the Yoast SEO plugin v20.10 - https:\/\/yoast.com\/wordpress\/plugins\/seo\/ -->\n<title>Reafirma gobernador apoyo a empresarios para atraer inversiones - cabellonews.com<\/title>\n<meta name=\"robots\" content=\"index, follow, max-snippet:-1, max-image-preview:large, max-video-preview:-1\" \/>\n<link rel=\"canonical\" href=\"https:\/\/cabellonews.com\/?p=639\" \/>\n<meta property=\"og:locale\" content=\"en_US\" \/>\n<meta property=\"og:type\" content=\"article\" \/>\n<meta property=\"og:title\" content=\"Reafirma gobernador apoyo a empresarios para atraer inversiones - cabellonews.com\" \/>\n<meta property=\"og:description\" content=\"-Preside Am\u00e9rico 36 aniversario del Consejo de Instituciones Empresariales del Sur de Tamaulipas, que agrupa a 19 organismos Noviembre 09 de 2023 Tampico, Tamaulipas.- Luego de confirmar que este mes se concluir\u00e1 la tercera y \u00faltima etapa de las obras de rehabilitaci\u00f3n en el dique del estero El Camalote, lo que representa un compromiso cumplido, el gobernador Am\u00e9rico Villarreal Anaya reiter\u00f3 a los empresarios del sur del estado que cuentan con todo su apoyo para ir por nuevas inversiones y mejores proyectos. Al participar la tarde de este jueves, en&hellip;\" \/>\n<meta property=\"og:url\" content=\"https:\/\/cabellonews.com\/?p=639\" \/>\n<meta property=\"og:site_name\" content=\"cabellonews.com\" \/>\n<meta property=\"article:published_time\" content=\"2023-11-09T23:50:28+00:00\" \/>\n<meta property=\"og:image\" content=\"http:\/\/cabellonews.com\/wp-content\/uploads\/2023\/11\/4275cbf2-f2c3-4e63-8efc-b041f87d2fea.jpeg\" \/>\n\t<meta property=\"og:image:width\" content=\"1066\" \/>\n\t<meta property=\"og:image:height\" content=\"1600\" \/>\n\t<meta property=\"og:image:type\" content=\"image\/jpeg\" \/>\n<meta name=\"author\" content=\"cabellonews.com\" \/>\n<meta name=\"twitter:card\" content=\"summary_large_image\" \/>\n<meta name=\"twitter:label1\" content=\"Written by\" \/>\n\t<meta name=\"twitter:data1\" content=\"cabellonews.com\" \/>\n\t<meta name=\"twitter:label2\" content=\"Est. reading time\" \/>\n\t<meta name=\"twitter:data2\" content=\"3 minutes\" \/>\n<script type=\"application\/ld+json\" class=\"yoast-schema-graph\">{\"@context\":\"https:\/\/schema.org\",\"@graph\":[{\"@type\":\"WebPage\",\"@id\":\"https:\/\/cabellonews.com\/?p=639\",\"url\":\"https:\/\/cabellonews.com\/?p=639\",\"name\":\"Reafirma gobernador apoyo a empresarios para atraer inversiones - cabellonews.com\",\"isPartOf\":{\"@id\":\"https:\/\/cabellonews.com\/#website\"},\"datePublished\":\"2023-11-09T23:50:28+00:00\",\"dateModified\":\"2023-11-09T23:50:28+00:00\",\"author\":{\"@id\":\"https:\/\/cabellonews.com\/#\/schema\/person\/7afe73bafa6cc5a24fd4c67dfd4379d8\"},\"breadcrumb\":{\"@id\":\"https:\/\/cabellonews.com\/?p=639#breadcrumb\"},\"inLanguage\":\"en-US\",\"potentialAction\":[{\"@type\":\"ReadAction\",\"target\":[\"https:\/\/cabellonews.com\/?p=639\"]}]},{\"@type\":\"BreadcrumbList\",\"@id\":\"https:\/\/cabellonews.com\/?p=639#breadcrumb\",\"itemListElement\":[{\"@type\":\"ListItem\",\"position\":1,\"name\":\"Inicio\",\"item\":\"https:\/\/cabellonews.com\/\"},{\"@type\":\"ListItem\",\"position\":2,\"name\":\"Reafirma gobernador apoyo a empresarios para atraer inversiones\"}]},{\"@type\":\"WebSite\",\"@id\":\"https:\/\/cabellonews.com\/#website\",\"url\":\"https:\/\/cabellonews.com\/\",\"name\":\"cabellonews.com\",\"description\":\"Con Cobertura En Tamaulipas Y norte de Veracruz\",\"potentialAction\":[{\"@type\":\"SearchAction\",\"target\":{\"@type\":\"EntryPoint\",\"urlTemplate\":\"https:\/\/cabellonews.com\/?s={search_term_string}\"},\"query-input\":\"required name=search_term_string\"}],\"inLanguage\":\"en-US\"},{\"@type\":\"Person\",\"@id\":\"https:\/\/cabellonews.com\/#\/schema\/person\/7afe73bafa6cc5a24fd4c67dfd4379d8\",\"name\":\"cabellonews.com\",\"image\":{\"@type\":\"ImageObject\",\"inLanguage\":\"en-US\",\"@id\":\"https:\/\/cabellonews.com\/#\/schema\/person\/image\/\",\"url\":\"https:\/\/secure.gravatar.com\/avatar\/8d6324fc2806389aad4cd38639618406?s=96&d=mm&r=g\",\"contentUrl\":\"https:\/\/secure.gravatar.com\/avatar\/8d6324fc2806389aad4cd38639618406?s=96&d=mm&r=g\",\"caption\":\"cabellonews.com\"},\"sameAs\":[\"http:\/\/cabellonews.com\"],\"url\":\"https:\/\/cabellonews.com\/?author=1\"}]}<\/script>\n<!-- \/ Yoast SEO plugin. -->","yoast_head_json":{"title":"Reafirma gobernador apoyo a empresarios para atraer inversiones - cabellonews.com","robots":{"index":"index","follow":"follow","max-snippet":"max-snippet:-1","max-image-preview":"max-image-preview:large","max-video-preview":"max-video-preview:-1"},"canonical":"https:\/\/cabellonews.com\/?p=639","og_locale":"en_US","og_type":"article","og_title":"Reafirma gobernador apoyo a empresarios para atraer inversiones - cabellonews.com","og_description":"-Preside Am\u00e9rico 36 aniversario del Consejo de Instituciones Empresariales del Sur de Tamaulipas, que agrupa a 19 organismos Noviembre 09 de 2023 Tampico, Tamaulipas.- Luego de confirmar que este mes se concluir\u00e1 la tercera y \u00faltima etapa de las obras de rehabilitaci\u00f3n en el dique del estero El Camalote, lo que representa un compromiso cumplido, el gobernador Am\u00e9rico Villarreal Anaya reiter\u00f3 a los empresarios del sur del estado que cuentan con todo su apoyo para ir por nuevas inversiones y mejores proyectos. Al participar la tarde de este jueves, en&hellip;","og_url":"https:\/\/cabellonews.com\/?p=639","og_site_name":"cabellonews.com","article_published_time":"2023-11-09T23:50:28+00:00","og_image":[{"width":1066,"height":1600,"url":"http:\/\/cabellonews.com\/wp-content\/uploads\/2023\/11\/4275cbf2-f2c3-4e63-8efc-b041f87d2fea.jpeg","type":"image\/jpeg"}],"author":"cabellonews.com","twitter_card":"summary_large_image","twitter_misc":{"Written by":"cabellonews.com","Est. reading time":"3 minutes"},"schema":{"@context":"https:\/\/schema.org","@graph":[{"@type":"WebPage","@id":"https:\/\/cabellonews.com\/?p=639","url":"https:\/\/cabellonews.com\/?p=639","name":"Reafirma gobernador apoyo a empresarios para atraer inversiones - cabellonews.com","isPartOf":{"@id":"https:\/\/cabellonews.com\/#website"},"datePublished":"2023-11-09T23:50:28+00:00","dateModified":"2023-11-09T23:50:28+00:00","author":{"@id":"https:\/\/cabellonews.com\/#\/schema\/person\/7afe73bafa6cc5a24fd4c67dfd4379d8"},"breadcrumb":{"@id":"https:\/\/cabellonews.com\/?p=639#breadcrumb"},"inLanguage":"en-US","potentialAction":[{"@type":"ReadAction","target":["https:\/\/cabellonews.com\/?p=639"]}]},{"@type":"BreadcrumbList","@id":"https:\/\/cabellonews.com\/?p=639#breadcrumb","itemListElement":[{"@type":"ListItem","position":1,"name":"Inicio","item":"https:\/\/cabellonews.com\/"},{"@type":"ListItem","position":2,"name":"Reafirma gobernador apoyo a empresarios para atraer inversiones"}]},{"@type":"WebSite","@id":"https:\/\/cabellonews.com\/#website","url":"https:\/\/cabellonews.com\/","name":"cabellonews.com","description":"Con Cobertura En Tamaulipas Y norte de Veracruz","potentialAction":[{"@type":"SearchAction","target":{"@type":"EntryPoint","urlTemplate":"https:\/\/cabellonews.com\/?s={search_term_string}"},"query-input":"required name=search_term_string"}],"inLanguage":"en-US"},{"@type":"Person","@id":"https:\/\/cabellonews.com\/#\/schema\/person\/7afe73bafa6cc5a24fd4c67dfd4379d8","name":"cabellonews.com","image":{"@type":"ImageObject","inLanguage":"en-US","@id":"https:\/\/cabellonews.com\/#\/schema\/person\/image\/","url":"https:\/\/secure.gravatar.com\/avatar\/8d6324fc2806389aad4cd38639618406?s=96&d=mm&r=g","contentUrl":"https:\/\/secure.gravatar.com\/avatar\/8d6324fc2806389aad4cd38639618406?s=96&d=mm&r=g","caption":"cabellonews.com"},"sameAs":["http:\/\/cabellonews.com"],"url":"https:\/\/cabellonews.com\/?author=1"}]}},"_links":{"self":[{"href":"https:\/\/cabellonews.com\/index.php?rest_route=\/wp\/v2\/posts\/639"}],"collection":[{"href":"https:\/\/cabellonews.com\/index.php?rest_route=\/wp\/v2\/posts"}],"about":[{"href":"https:\/\/cabellonews.com\/index.php?rest_route=\/wp\/v2\/types\/post"}],"author":[{"embeddable":true,"href":"https:\/\/cabellonews.com\/index.php?rest_route=\/wp\/v2\/users\/1"}],"replies":[{"embeddable":true,"href":"https:\/\/cabellonews.com\/index.php?rest_route=%2Fwp%2Fv2%2Fcomments&post=639"}],"version-history":[{"count":1,"href":"https:\/\/cabellonews.com\/index.php?rest_route=\/wp\/v2\/posts\/639\/revisions"}],"predecessor-version":[{"id":641,"href":"https:\/\/cabellonews.com\/index.php?rest_route=\/wp\/v2\/posts\/639\/revisions\/641"}],"wp:featuredmedia":[{"embeddable":true,"href":"https:\/\/cabellonews.com\/index.php?rest_route=\/wp\/v2\/media\/640"}],"wp:attachment":[{"href":"https:\/\/cabellonews.com\/index.php?rest_route=%2Fwp%2Fv2%2Fmedia&parent=639"}],"wp:term":[{"taxonomy":"category","embeddable":true,"href":"https:\/\/cabellonews.com\/index.php?rest_route=%2Fwp%2Fv2%2Fcategories&post=639"},{"taxonomy":"post_tag","embeddable":true,"href":"https:\/\/cabellonews.com\/index.php?rest_route=%2Fwp%2Fv2%2Ftags&post=639"}],"curies":[{"name":"wp","href":"https:\/\/api.w.org\/{rel}","templated":true}]}}