{"id":636,"date":"2023-11-09T22:56:40","date_gmt":"2023-11-09T22:56:40","guid":{"rendered":"https:\/\/cabellonews.com\/?p=636"},"modified":"2023-11-14T06:57:07","modified_gmt":"2023-11-14T06:57:07","slug":"da-tamaulipas-condiciones-optimas-para-desarrollo-de-empresas-adriana-lozano-secretaria-de-finanzas","status":"publish","type":"post","link":"https:\/\/cabellonews.com\/?p=636","title":{"rendered":"Da Tamaulipas condiciones \u00f3ptimas para desarrollo de empresas: Adriana Lozano, secretaria de Finanzas"},"content":{"rendered":"\n<p>-Invita a aprovechar ofertas y descuentos de El Buen Fin<\/p>\n\n\n\n<p>Noviembre 09 de 2023<\/p>\n\n\n\n<p>Tampico, Tamaulipas.- La secretaria de Finanzas del Gobierno de Tamaulipas, Adriana Lozano Rodr\u00edguez, acudi\u00f3 en representaci\u00f3n del gobernador Am\u00e9rico Villarreal Anaya, a la reuni\u00f3n plenaria de la Federaci\u00f3n de C\u00e1maras de Comercio de Tamaulipas, en la cual detall\u00f3 que el estado tiene el firme compromiso de crear y mantener las condiciones propicias para el desarrollo \u00f3ptimo de las empresas en Tamaulipas.<\/p>\n\n\n\n<p>Asimismo invit\u00f3 a las y los ciudadanos a aprovechar las ofertas y descuentos por el programa del Buen Fin y resalt\u00f3 que como cada a\u00f1o se brindar\u00e1 la seguridad requerida para que los comercios y los consumidores puedan realizar sus compras sin percances.<\/p>\n\n\n\n<p>A dicha reuni\u00f3n celebrada en la ciudad de Tampico, se dieron cita los presidentes de las C\u00e1maras de Comercio de Tamaulipas, integrantes de la Fecanaco e invitados especiales como Octavio de la Torre Steffano, quien es tesorero de la Confederaci\u00f3n de C\u00e1maras de Comercio de M\u00e9xico.<\/p>\n\n\n\n<p>El Programa del Buen Fin es un esquema de descuentos generalizados para el consumidor final de bienes y servicios durante el mes de noviembre de cada a\u00f1o, con el objetivo de apoyar la econom\u00eda familiar, incentivar la actividad del mercado interno y acrecentar el comercio formal, as\u00ed como garantizar el respeto a los derechos del consumidor; el cual se realizar\u00e1 del 17 al 20 de noviembre.<\/p>\n\n\n<figure class=\"wp-block-post-featured-image\"><img width=\"240\" height=\"172\" src=\"https:\/\/cabellonews.com\/wp-content\/uploads\/2023\/11\/5475913b-aa53-4d92-83a5-1991f41e6e71-240x172.jpeg\" class=\"attachment-post-thumbnail size-post-thumbnail wp-post-image\" alt=\"\" decoding=\"async\" loading=\"lazy\" \/><\/figure>\n\n\n<pre class=\"wp-block-code\"><code>     *      *    *<\/code><\/pre>\n","protected":false},"excerpt":{"rendered":"<p>-Invita a aprovechar ofertas y descuentos de El Buen Fin Noviembre 09 de 2023 Tampico, Tamaulipas.- La secretaria de Finanzas del Gobierno de Tamaulipas, Adriana Lozano Rodr\u00edguez, acudi\u00f3 en representaci\u00f3n del gobernador Am\u00e9rico Villarreal Anaya, a la reuni\u00f3n plenaria de la Federaci\u00f3n de C\u00e1maras de Comercio de Tamaulipas, en la cual detall\u00f3 que el estado tiene el firme compromiso de crear y mantener las condiciones propicias para el desarrollo \u00f3ptimo de las empresas en Tamaulipas. Asimismo invit\u00f3 a las y los ciudadanos a aprovechar las ofertas y descuentos por el&hellip;<\/p>\n","protected":false},"author":1,"featured_media":637,"comment_status":"open","ping_status":"open","sticky":false,"template":"","format":"standard","meta":[],"categories":[1],"tags":[],"gutentor_comment":0,"yoast_head":"<!-- This site is optimized with the Yoast SEO plugin v20.10 - https:\/\/yoast.com\/wordpress\/plugins\/seo\/ -->\n<title>Da Tamaulipas condiciones \u00f3ptimas para desarrollo de empresas: Adriana Lozano, secretaria de Finanzas - cabellonews.com<\/title>\n<meta name=\"robots\" content=\"index, follow, max-snippet:-1, max-image-preview:large, max-video-preview:-1\" \/>\n<link rel=\"canonical\" href=\"https:\/\/cabellonews.com\/?p=636\" \/>\n<meta property=\"og:locale\" content=\"en_US\" \/>\n<meta property=\"og:type\" content=\"article\" \/>\n<meta property=\"og:title\" content=\"Da Tamaulipas condiciones \u00f3ptimas para desarrollo de empresas: Adriana Lozano, secretaria de Finanzas - cabellonews.com\" \/>\n<meta property=\"og:description\" content=\"-Invita a aprovechar ofertas y descuentos de El Buen Fin Noviembre 09 de 2023 Tampico, Tamaulipas.- La secretaria de Finanzas del Gobierno de Tamaulipas, Adriana Lozano Rodr\u00edguez, acudi\u00f3 en representaci\u00f3n del gobernador Am\u00e9rico Villarreal Anaya, a la reuni\u00f3n plenaria de la Federaci\u00f3n de C\u00e1maras de Comercio de Tamaulipas, en la cual detall\u00f3 que el estado tiene el firme compromiso de crear y mantener las condiciones propicias para el desarrollo \u00f3ptimo de las empresas en Tamaulipas. Asimismo invit\u00f3 a las y los ciudadanos a aprovechar las ofertas y descuentos por el&hellip;\" \/>\n<meta property=\"og:url\" content=\"https:\/\/cabellonews.com\/?p=636\" \/>\n<meta property=\"og:site_name\" content=\"cabellonews.com\" \/>\n<meta property=\"article:published_time\" content=\"2023-11-09T22:56:40+00:00\" \/>\n<meta property=\"article:modified_time\" content=\"2023-11-14T06:57:07+00:00\" \/>\n<meta property=\"og:image\" content=\"http:\/\/cabellonews.com\/wp-content\/uploads\/2023\/11\/5475913b-aa53-4d92-83a5-1991f41e6e71.jpeg\" \/>\n\t<meta property=\"og:image:width\" content=\"1600\" \/>\n\t<meta property=\"og:image:height\" content=\"1123\" \/>\n\t<meta property=\"og:image:type\" content=\"image\/jpeg\" \/>\n<meta name=\"author\" content=\"cabellonews.com\" \/>\n<meta name=\"twitter:card\" content=\"summary_large_image\" \/>\n<meta name=\"twitter:label1\" content=\"Written by\" \/>\n\t<meta name=\"twitter:data1\" content=\"cabellonews.com\" \/>\n\t<meta name=\"twitter:label2\" content=\"Est. reading time\" \/>\n\t<meta name=\"twitter:data2\" content=\"2 minutes\" \/>\n<script type=\"application\/ld+json\" class=\"yoast-schema-graph\">{\"@context\":\"https:\/\/schema.org\",\"@graph\":[{\"@type\":\"WebPage\",\"@id\":\"https:\/\/cabellonews.com\/?p=636\",\"url\":\"https:\/\/cabellonews.com\/?p=636\",\"name\":\"Da Tamaulipas condiciones \u00f3ptimas para desarrollo de empresas: Adriana Lozano, secretaria de Finanzas - cabellonews.com\",\"isPartOf\":{\"@id\":\"https:\/\/cabellonews.com\/#website\"},\"datePublished\":\"2023-11-09T22:56:40+00:00\",\"dateModified\":\"2023-11-14T06:57:07+00:00\",\"author\":{\"@id\":\"https:\/\/cabellonews.com\/#\/schema\/person\/7afe73bafa6cc5a24fd4c67dfd4379d8\"},\"breadcrumb\":{\"@id\":\"https:\/\/cabellonews.com\/?p=636#breadcrumb\"},\"inLanguage\":\"en-US\",\"potentialAction\":[{\"@type\":\"ReadAction\",\"target\":[\"https:\/\/cabellonews.com\/?p=636\"]}]},{\"@type\":\"BreadcrumbList\",\"@id\":\"https:\/\/cabellonews.com\/?p=636#breadcrumb\",\"itemListElement\":[{\"@type\":\"ListItem\",\"position\":1,\"name\":\"Inicio\",\"item\":\"https:\/\/cabellonews.com\/\"},{\"@type\":\"ListItem\",\"position\":2,\"name\":\"Da Tamaulipas condiciones \u00f3ptimas para desarrollo de empresas: Adriana Lozano, secretaria de Finanzas\"}]},{\"@type\":\"WebSite\",\"@id\":\"https:\/\/cabellonews.com\/#website\",\"url\":\"https:\/\/cabellonews.com\/\",\"name\":\"cabellonews.com\",\"description\":\"Con Cobertura En Tamaulipas Y norte de Veracruz\",\"potentialAction\":[{\"@type\":\"SearchAction\",\"target\":{\"@type\":\"EntryPoint\",\"urlTemplate\":\"https:\/\/cabellonews.com\/?s={search_term_string}\"},\"query-input\":\"required name=search_term_string\"}],\"inLanguage\":\"en-US\"},{\"@type\":\"Person\",\"@id\":\"https:\/\/cabellonews.com\/#\/schema\/person\/7afe73bafa6cc5a24fd4c67dfd4379d8\",\"name\":\"cabellonews.com\",\"image\":{\"@type\":\"ImageObject\",\"inLanguage\":\"en-US\",\"@id\":\"https:\/\/cabellonews.com\/#\/schema\/person\/image\/\",\"url\":\"https:\/\/secure.gravatar.com\/avatar\/8d6324fc2806389aad4cd38639618406?s=96&d=mm&r=g\",\"contentUrl\":\"https:\/\/secure.gravatar.com\/avatar\/8d6324fc2806389aad4cd38639618406?s=96&d=mm&r=g\",\"caption\":\"cabellonews.com\"},\"sameAs\":[\"http:\/\/cabellonews.com\"],\"url\":\"https:\/\/cabellonews.com\/?author=1\"}]}<\/script>\n<!-- \/ Yoast SEO plugin. -->","yoast_head_json":{"title":"Da Tamaulipas condiciones \u00f3ptimas para desarrollo de empresas: Adriana Lozano, secretaria de Finanzas - cabellonews.com","robots":{"index":"index","follow":"follow","max-snippet":"max-snippet:-1","max-image-preview":"max-image-preview:large","max-video-preview":"max-video-preview:-1"},"canonical":"https:\/\/cabellonews.com\/?p=636","og_locale":"en_US","og_type":"article","og_title":"Da Tamaulipas condiciones \u00f3ptimas para desarrollo de empresas: Adriana Lozano, secretaria de Finanzas - cabellonews.com","og_description":"-Invita a aprovechar ofertas y descuentos de El Buen Fin Noviembre 09 de 2023 Tampico, Tamaulipas.- La secretaria de Finanzas del Gobierno de Tamaulipas, Adriana Lozano Rodr\u00edguez, acudi\u00f3 en representaci\u00f3n del gobernador Am\u00e9rico Villarreal Anaya, a la reuni\u00f3n plenaria de la Federaci\u00f3n de C\u00e1maras de Comercio de Tamaulipas, en la cual detall\u00f3 que el estado tiene el firme compromiso de crear y mantener las condiciones propicias para el desarrollo \u00f3ptimo de las empresas en Tamaulipas. Asimismo invit\u00f3 a las y los ciudadanos a aprovechar las ofertas y descuentos por el&hellip;","og_url":"https:\/\/cabellonews.com\/?p=636","og_site_name":"cabellonews.com","article_published_time":"2023-11-09T22:56:40+00:00","article_modified_time":"2023-11-14T06:57:07+00:00","og_image":[{"width":1600,"height":1123,"url":"http:\/\/cabellonews.com\/wp-content\/uploads\/2023\/11\/5475913b-aa53-4d92-83a5-1991f41e6e71.jpeg","type":"image\/jpeg"}],"author":"cabellonews.com","twitter_card":"summary_large_image","twitter_misc":{"Written by":"cabellonews.com","Est. reading time":"2 minutes"},"schema":{"@context":"https:\/\/schema.org","@graph":[{"@type":"WebPage","@id":"https:\/\/cabellonews.com\/?p=636","url":"https:\/\/cabellonews.com\/?p=636","name":"Da Tamaulipas condiciones \u00f3ptimas para desarrollo de empresas: Adriana Lozano, secretaria de Finanzas - cabellonews.com","isPartOf":{"@id":"https:\/\/cabellonews.com\/#website"},"datePublished":"2023-11-09T22:56:40+00:00","dateModified":"2023-11-14T06:57:07+00:00","author":{"@id":"https:\/\/cabellonews.com\/#\/schema\/person\/7afe73bafa6cc5a24fd4c67dfd4379d8"},"breadcrumb":{"@id":"https:\/\/cabellonews.com\/?p=636#breadcrumb"},"inLanguage":"en-US","potentialAction":[{"@type":"ReadAction","target":["https:\/\/cabellonews.com\/?p=636"]}]},{"@type":"BreadcrumbList","@id":"https:\/\/cabellonews.com\/?p=636#breadcrumb","itemListElement":[{"@type":"ListItem","position":1,"name":"Inicio","item":"https:\/\/cabellonews.com\/"},{"@type":"ListItem","position":2,"name":"Da Tamaulipas condiciones \u00f3ptimas para desarrollo de empresas: Adriana Lozano, secretaria de Finanzas"}]},{"@type":"WebSite","@id":"https:\/\/cabellonews.com\/#website","url":"https:\/\/cabellonews.com\/","name":"cabellonews.com","description":"Con Cobertura En Tamaulipas Y norte de Veracruz","potentialAction":[{"@type":"SearchAction","target":{"@type":"EntryPoint","urlTemplate":"https:\/\/cabellonews.com\/?s={search_term_string}"},"query-input":"required name=search_term_string"}],"inLanguage":"en-US"},{"@type":"Person","@id":"https:\/\/cabellonews.com\/#\/schema\/person\/7afe73bafa6cc5a24fd4c67dfd4379d8","name":"cabellonews.com","image":{"@type":"ImageObject","inLanguage":"en-US","@id":"https:\/\/cabellonews.com\/#\/schema\/person\/image\/","url":"https:\/\/secure.gravatar.com\/avatar\/8d6324fc2806389aad4cd38639618406?s=96&d=mm&r=g","contentUrl":"https:\/\/secure.gravatar.com\/avatar\/8d6324fc2806389aad4cd38639618406?s=96&d=mm&r=g","caption":"cabellonews.com"},"sameAs":["http:\/\/cabellonews.com"],"url":"https:\/\/cabellonews.com\/?author=1"}]}},"_links":{"self":[{"href":"https:\/\/cabellonews.com\/index.php?rest_route=\/wp\/v2\/posts\/636"}],"collection":[{"href":"https:\/\/cabellonews.com\/index.php?rest_route=\/wp\/v2\/posts"}],"about":[{"href":"https:\/\/cabellonews.com\/index.php?rest_route=\/wp\/v2\/types\/post"}],"author":[{"embeddable":true,"href":"https:\/\/cabellonews.com\/index.php?rest_route=\/wp\/v2\/users\/1"}],"replies":[{"embeddable":true,"href":"https:\/\/cabellonews.com\/index.php?rest_route=%2Fwp%2Fv2%2Fcomments&post=636"}],"version-history":[{"count":1,"href":"https:\/\/cabellonews.com\/index.php?rest_route=\/wp\/v2\/posts\/636\/revisions"}],"predecessor-version":[{"id":638,"href":"https:\/\/cabellonews.com\/index.php?rest_route=\/wp\/v2\/posts\/636\/revisions\/638"}],"wp:featuredmedia":[{"embeddable":true,"href":"https:\/\/cabellonews.com\/index.php?rest_route=\/wp\/v2\/media\/637"}],"wp:attachment":[{"href":"https:\/\/cabellonews.com\/index.php?rest_route=%2Fwp%2Fv2%2Fmedia&parent=636"}],"wp:term":[{"taxonomy":"category","embeddable":true,"href":"https:\/\/cabellonews.com\/index.php?rest_route=%2Fwp%2Fv2%2Fcategories&post=636"},{"taxonomy":"post_tag","embeddable":true,"href":"https:\/\/cabellonews.com\/index.php?rest_route=%2Fwp%2Fv2%2Ftags&post=636"}],"curies":[{"name":"wp","href":"https:\/\/api.w.org\/{rel}","templated":true}]}}