{"id":605,"date":"2023-11-02T02:38:08","date_gmt":"2023-11-02T02:38:08","guid":{"rendered":"https:\/\/cabellonews.com\/?p=605"},"modified":"2023-11-14T06:35:53","modified_gmt":"2023-11-14T06:35:53","slug":"promueve-secretaria-de-economia-inversion-de-asia-en-tamaulipas","status":"publish","type":"post","link":"https:\/\/cabellonews.com\/?p=605","title":{"rendered":"Promueve Secretar\u00eda de Econom\u00eda inversi\u00f3n de Asia en Tamaulipas"},"content":{"rendered":"\n<p>-Secretaria Ninfa Cant\u00fa De\u00e1ndar se re\u00fane en Tokio con empresas e inversionistas que cuentan con planes para invertir en el estado<\/p>\n\n\n\n<p>Noviembre 02 de 2023<\/p>\n\n\n\n<p>Tokio, Jap\u00f3n.- En el marco de la Misi\u00f3n Empresarial Asia 2023, la secretaria de Econom\u00eda Ninfa Cant\u00fa De\u00e1ndar sostuvo en la ciudad de Tokio, Jap\u00f3n, una serie de encuentros con directivos de empresas de este pa\u00eds que cuentan con planes para invertir en Tamaulipas.<\/p>\n\n\n\n<p>Cant\u00fa De\u00e1ndar se\u00f1al\u00f3 que la instrucci\u00f3n del gobernador Am\u00e9rico Villarreal es brindar todas las facilidades para que las compa\u00f1\u00edas concreten sus inversiones que proyectan llevar a cabo en el sur del estado en los pr\u00f3ximos meses.<\/p>\n\n\n\n<p>Destac\u00f3 la colaboraci\u00f3n institucional con la embajada de M\u00e9xico en Jap\u00f3n y de la Excma. Sra. Melba Pr\u00eda, embajadora de M\u00e9xico en el pa\u00eds asi\u00e1tico, para estrechar lazos comerciales y de amistad entre ambas regiones, e impulsar la agenda de promoci\u00f3n econ\u00f3mica en sectores estrat\u00e9gicos como el de electromovilidad donde Tamaulipas se encuentra en una ubicaci\u00f3n privilegiada para el desarrollo de este rubro en el noreste de M\u00e9xico.<\/p>\n\n\n\n<p>En este marco, el equipo de la Secretar\u00eda de Econom\u00eda sostuvo un encuentro con Alberto Cuellar, ministro para Asia Pac\u00edfico de la Secretar\u00eda de Agricultura y Desarrollo Rural, basado en la Embajada de M\u00e9xico en Jap\u00f3n, con quien se analiz\u00f3 la perspectiva de exportaci\u00f3n desde M\u00e9xico y a trav\u00e9s del Programa \u201cTamaulipas Exporta\u201d de la Secretar\u00eda de Econom\u00eda, de productos en los que el estado tiene una posici\u00f3n competitiva para consolidar su presencia en el mercado internacional.<\/p>\n\n\n<figure class=\"wp-block-post-featured-image\"><img width=\"240\" height=\"172\" src=\"https:\/\/cabellonews.com\/wp-content\/uploads\/2023\/11\/b1be9dba-a826-4d87-8a66-f08eb6232cab-240x172.jpeg\" class=\"attachment-post-thumbnail size-post-thumbnail wp-post-image\" alt=\"\" decoding=\"async\" loading=\"lazy\" \/><\/figure>\n\n\n<pre class=\"wp-block-code\"><code>   *      *     *<\/code><\/pre>\n","protected":false},"excerpt":{"rendered":"<p>-Secretaria Ninfa Cant\u00fa De\u00e1ndar se re\u00fane en Tokio con empresas e inversionistas que cuentan con planes para invertir en el estado Noviembre 02 de 2023 Tokio, Jap\u00f3n.- En el marco de la Misi\u00f3n Empresarial Asia 2023, la secretaria de Econom\u00eda Ninfa Cant\u00fa De\u00e1ndar sostuvo en la ciudad de Tokio, Jap\u00f3n, una serie de encuentros con directivos de empresas de este pa\u00eds que cuentan con planes para invertir en Tamaulipas. Cant\u00fa De\u00e1ndar se\u00f1al\u00f3 que la instrucci\u00f3n del gobernador Am\u00e9rico Villarreal es brindar todas las facilidades para que las compa\u00f1\u00edas concreten sus&hellip;<\/p>\n","protected":false},"author":1,"featured_media":606,"comment_status":"open","ping_status":"open","sticky":false,"template":"","format":"standard","meta":[],"categories":[1],"tags":[],"gutentor_comment":0,"yoast_head":"<!-- This site is optimized with the Yoast SEO plugin v20.10 - https:\/\/yoast.com\/wordpress\/plugins\/seo\/ -->\n<title>Promueve Secretar\u00eda de Econom\u00eda inversi\u00f3n de Asia en Tamaulipas - cabellonews.com<\/title>\n<meta name=\"robots\" content=\"index, follow, max-snippet:-1, max-image-preview:large, max-video-preview:-1\" \/>\n<link rel=\"canonical\" href=\"https:\/\/cabellonews.com\/?p=605\" \/>\n<meta property=\"og:locale\" content=\"en_US\" \/>\n<meta property=\"og:type\" content=\"article\" \/>\n<meta property=\"og:title\" content=\"Promueve Secretar\u00eda de Econom\u00eda inversi\u00f3n de Asia en Tamaulipas - cabellonews.com\" \/>\n<meta property=\"og:description\" content=\"-Secretaria Ninfa Cant\u00fa De\u00e1ndar se re\u00fane en Tokio con empresas e inversionistas que cuentan con planes para invertir en el estado Noviembre 02 de 2023 Tokio, Jap\u00f3n.- En el marco de la Misi\u00f3n Empresarial Asia 2023, la secretaria de Econom\u00eda Ninfa Cant\u00fa De\u00e1ndar sostuvo en la ciudad de Tokio, Jap\u00f3n, una serie de encuentros con directivos de empresas de este pa\u00eds que cuentan con planes para invertir en Tamaulipas. Cant\u00fa De\u00e1ndar se\u00f1al\u00f3 que la instrucci\u00f3n del gobernador Am\u00e9rico Villarreal es brindar todas las facilidades para que las compa\u00f1\u00edas concreten sus&hellip;\" \/>\n<meta property=\"og:url\" content=\"https:\/\/cabellonews.com\/?p=605\" \/>\n<meta property=\"og:site_name\" content=\"cabellonews.com\" \/>\n<meta property=\"article:published_time\" content=\"2023-11-02T02:38:08+00:00\" \/>\n<meta property=\"article:modified_time\" content=\"2023-11-14T06:35:53+00:00\" \/>\n<meta property=\"og:image\" content=\"http:\/\/cabellonews.com\/wp-content\/uploads\/2023\/11\/b1be9dba-a826-4d87-8a66-f08eb6232cab.jpeg\" \/>\n\t<meta property=\"og:image:width\" content=\"768\" \/>\n\t<meta property=\"og:image:height\" content=\"1024\" \/>\n\t<meta property=\"og:image:type\" content=\"image\/jpeg\" \/>\n<meta name=\"author\" content=\"cabellonews.com\" \/>\n<meta name=\"twitter:card\" content=\"summary_large_image\" \/>\n<meta name=\"twitter:label1\" content=\"Written by\" \/>\n\t<meta name=\"twitter:data1\" content=\"cabellonews.com\" \/>\n<script type=\"application\/ld+json\" class=\"yoast-schema-graph\">{\"@context\":\"https:\/\/schema.org\",\"@graph\":[{\"@type\":\"WebPage\",\"@id\":\"https:\/\/cabellonews.com\/?p=605\",\"url\":\"https:\/\/cabellonews.com\/?p=605\",\"name\":\"Promueve Secretar\u00eda de Econom\u00eda inversi\u00f3n de Asia en Tamaulipas - cabellonews.com\",\"isPartOf\":{\"@id\":\"https:\/\/cabellonews.com\/#website\"},\"datePublished\":\"2023-11-02T02:38:08+00:00\",\"dateModified\":\"2023-11-14T06:35:53+00:00\",\"author\":{\"@id\":\"https:\/\/cabellonews.com\/#\/schema\/person\/7afe73bafa6cc5a24fd4c67dfd4379d8\"},\"breadcrumb\":{\"@id\":\"https:\/\/cabellonews.com\/?p=605#breadcrumb\"},\"inLanguage\":\"en-US\",\"potentialAction\":[{\"@type\":\"ReadAction\",\"target\":[\"https:\/\/cabellonews.com\/?p=605\"]}]},{\"@type\":\"BreadcrumbList\",\"@id\":\"https:\/\/cabellonews.com\/?p=605#breadcrumb\",\"itemListElement\":[{\"@type\":\"ListItem\",\"position\":1,\"name\":\"Inicio\",\"item\":\"https:\/\/cabellonews.com\/\"},{\"@type\":\"ListItem\",\"position\":2,\"name\":\"Promueve Secretar\u00eda de Econom\u00eda inversi\u00f3n de Asia en Tamaulipas\"}]},{\"@type\":\"WebSite\",\"@id\":\"https:\/\/cabellonews.com\/#website\",\"url\":\"https:\/\/cabellonews.com\/\",\"name\":\"cabellonews.com\",\"description\":\"Con Cobertura En Tamaulipas Y norte de Veracruz\",\"potentialAction\":[{\"@type\":\"SearchAction\",\"target\":{\"@type\":\"EntryPoint\",\"urlTemplate\":\"https:\/\/cabellonews.com\/?s={search_term_string}\"},\"query-input\":\"required name=search_term_string\"}],\"inLanguage\":\"en-US\"},{\"@type\":\"Person\",\"@id\":\"https:\/\/cabellonews.com\/#\/schema\/person\/7afe73bafa6cc5a24fd4c67dfd4379d8\",\"name\":\"cabellonews.com\",\"image\":{\"@type\":\"ImageObject\",\"inLanguage\":\"en-US\",\"@id\":\"https:\/\/cabellonews.com\/#\/schema\/person\/image\/\",\"url\":\"https:\/\/secure.gravatar.com\/avatar\/8d6324fc2806389aad4cd38639618406?s=96&d=mm&r=g\",\"contentUrl\":\"https:\/\/secure.gravatar.com\/avatar\/8d6324fc2806389aad4cd38639618406?s=96&d=mm&r=g\",\"caption\":\"cabellonews.com\"},\"sameAs\":[\"http:\/\/cabellonews.com\"],\"url\":\"https:\/\/cabellonews.com\/?author=1\"}]}<\/script>\n<!-- \/ Yoast SEO plugin. -->","yoast_head_json":{"title":"Promueve Secretar\u00eda de Econom\u00eda inversi\u00f3n de Asia en Tamaulipas - cabellonews.com","robots":{"index":"index","follow":"follow","max-snippet":"max-snippet:-1","max-image-preview":"max-image-preview:large","max-video-preview":"max-video-preview:-1"},"canonical":"https:\/\/cabellonews.com\/?p=605","og_locale":"en_US","og_type":"article","og_title":"Promueve Secretar\u00eda de Econom\u00eda inversi\u00f3n de Asia en Tamaulipas - cabellonews.com","og_description":"-Secretaria Ninfa Cant\u00fa De\u00e1ndar se re\u00fane en Tokio con empresas e inversionistas que cuentan con planes para invertir en el estado Noviembre 02 de 2023 Tokio, Jap\u00f3n.- En el marco de la Misi\u00f3n Empresarial Asia 2023, la secretaria de Econom\u00eda Ninfa Cant\u00fa De\u00e1ndar sostuvo en la ciudad de Tokio, Jap\u00f3n, una serie de encuentros con directivos de empresas de este pa\u00eds que cuentan con planes para invertir en Tamaulipas. Cant\u00fa De\u00e1ndar se\u00f1al\u00f3 que la instrucci\u00f3n del gobernador Am\u00e9rico Villarreal es brindar todas las facilidades para que las compa\u00f1\u00edas concreten sus&hellip;","og_url":"https:\/\/cabellonews.com\/?p=605","og_site_name":"cabellonews.com","article_published_time":"2023-11-02T02:38:08+00:00","article_modified_time":"2023-11-14T06:35:53+00:00","og_image":[{"width":768,"height":1024,"url":"http:\/\/cabellonews.com\/wp-content\/uploads\/2023\/11\/b1be9dba-a826-4d87-8a66-f08eb6232cab.jpeg","type":"image\/jpeg"}],"author":"cabellonews.com","twitter_card":"summary_large_image","twitter_misc":{"Written by":"cabellonews.com"},"schema":{"@context":"https:\/\/schema.org","@graph":[{"@type":"WebPage","@id":"https:\/\/cabellonews.com\/?p=605","url":"https:\/\/cabellonews.com\/?p=605","name":"Promueve Secretar\u00eda de Econom\u00eda inversi\u00f3n de Asia en Tamaulipas - cabellonews.com","isPartOf":{"@id":"https:\/\/cabellonews.com\/#website"},"datePublished":"2023-11-02T02:38:08+00:00","dateModified":"2023-11-14T06:35:53+00:00","author":{"@id":"https:\/\/cabellonews.com\/#\/schema\/person\/7afe73bafa6cc5a24fd4c67dfd4379d8"},"breadcrumb":{"@id":"https:\/\/cabellonews.com\/?p=605#breadcrumb"},"inLanguage":"en-US","potentialAction":[{"@type":"ReadAction","target":["https:\/\/cabellonews.com\/?p=605"]}]},{"@type":"BreadcrumbList","@id":"https:\/\/cabellonews.com\/?p=605#breadcrumb","itemListElement":[{"@type":"ListItem","position":1,"name":"Inicio","item":"https:\/\/cabellonews.com\/"},{"@type":"ListItem","position":2,"name":"Promueve Secretar\u00eda de Econom\u00eda inversi\u00f3n de Asia en Tamaulipas"}]},{"@type":"WebSite","@id":"https:\/\/cabellonews.com\/#website","url":"https:\/\/cabellonews.com\/","name":"cabellonews.com","description":"Con Cobertura En Tamaulipas Y norte de Veracruz","potentialAction":[{"@type":"SearchAction","target":{"@type":"EntryPoint","urlTemplate":"https:\/\/cabellonews.com\/?s={search_term_string}"},"query-input":"required name=search_term_string"}],"inLanguage":"en-US"},{"@type":"Person","@id":"https:\/\/cabellonews.com\/#\/schema\/person\/7afe73bafa6cc5a24fd4c67dfd4379d8","name":"cabellonews.com","image":{"@type":"ImageObject","inLanguage":"en-US","@id":"https:\/\/cabellonews.com\/#\/schema\/person\/image\/","url":"https:\/\/secure.gravatar.com\/avatar\/8d6324fc2806389aad4cd38639618406?s=96&d=mm&r=g","contentUrl":"https:\/\/secure.gravatar.com\/avatar\/8d6324fc2806389aad4cd38639618406?s=96&d=mm&r=g","caption":"cabellonews.com"},"sameAs":["http:\/\/cabellonews.com"],"url":"https:\/\/cabellonews.com\/?author=1"}]}},"_links":{"self":[{"href":"https:\/\/cabellonews.com\/index.php?rest_route=\/wp\/v2\/posts\/605"}],"collection":[{"href":"https:\/\/cabellonews.com\/index.php?rest_route=\/wp\/v2\/posts"}],"about":[{"href":"https:\/\/cabellonews.com\/index.php?rest_route=\/wp\/v2\/types\/post"}],"author":[{"embeddable":true,"href":"https:\/\/cabellonews.com\/index.php?rest_route=\/wp\/v2\/users\/1"}],"replies":[{"embeddable":true,"href":"https:\/\/cabellonews.com\/index.php?rest_route=%2Fwp%2Fv2%2Fcomments&post=605"}],"version-history":[{"count":1,"href":"https:\/\/cabellonews.com\/index.php?rest_route=\/wp\/v2\/posts\/605\/revisions"}],"predecessor-version":[{"id":607,"href":"https:\/\/cabellonews.com\/index.php?rest_route=\/wp\/v2\/posts\/605\/revisions\/607"}],"wp:featuredmedia":[{"embeddable":true,"href":"https:\/\/cabellonews.com\/index.php?rest_route=\/wp\/v2\/media\/606"}],"wp:attachment":[{"href":"https:\/\/cabellonews.com\/index.php?rest_route=%2Fwp%2Fv2%2Fmedia&parent=605"}],"wp:term":[{"taxonomy":"category","embeddable":true,"href":"https:\/\/cabellonews.com\/index.php?rest_route=%2Fwp%2Fv2%2Fcategories&post=605"},{"taxonomy":"post_tag","embeddable":true,"href":"https:\/\/cabellonews.com\/index.php?rest_route=%2Fwp%2Fv2%2Ftags&post=605"}],"curies":[{"name":"wp","href":"https:\/\/api.w.org\/{rel}","templated":true}]}}