{"id":598,"date":"2023-10-31T02:13:14","date_gmt":"2023-10-31T02:13:14","guid":{"rendered":"https:\/\/cabellonews.com\/?p=598"},"modified":"2023-10-31T02:13:14","modified_gmt":"2023-10-31T02:13:14","slug":"nuevo-centro-de-conciliacion-laboral-en-altamira","status":"publish","type":"post","link":"https:\/\/cabellonews.com\/?p=598","title":{"rendered":"Nuevo Centro de Conciliaci\u00f3n Laboral en Altamira"},"content":{"rendered":"\n<p>-Sesiona Junta de Gobierno y aprueba estados financieros: Olga Sosa Ru\u00edz<\/p>\n\n\n\n<p>Octubre 30 de 2023<\/p>\n\n\n\n<p>Ciudad Victoria, Tamaulipas. &#8211; Con la participaci\u00f3n de la secretaria del Trabajo e integrantes de la Junta de Gobierno, el Centro de Conciliaci\u00f3n Laboral de Tamaulipas, realiz\u00f3 su segunda sesi\u00f3n extraordinaria donde se habl\u00f3 sobre los resultados alcanzados durante los primeros 365 d\u00edas de gobierno de Am\u00e9rico Villarreal Anaya.<\/p>\n\n\n\n<p>Olga Sosa Ru\u00edz, titular de la Secretar\u00eda del Trabajo y Previsi\u00f3n Social de Tamaulipas, se refiri\u00f3 al trabajo realizado durante este periodo en el que ha sido parte fundamental, un equipo comprometido que sirve con honestidad y profesionalismo para poder dignificar el derecho humano al trabajo.<\/p>\n\n\n\n<p>Hizo un reconocimiento al manejo que se ha dado a los recursos financieros y la gesti\u00f3n administrativa por parte del equipo que dirige Jos\u00e9 Ives Sober\u00f3n Mej\u00eda, director general del Centro de Conciliaci\u00f3n Laboral de Tamaulipas.<\/p>\n\n\n\n<p>La funcionaria estatal dijo ante los presentes, que en un plazo de 30 d\u00edas ser\u00e1 la apertura del Centro de Conciliaci\u00f3n Unidad Altamira, para sumarse a las seis sedes que existen en todo el estado y en el caso concreto de la zona sur, facilitar la conciliaci\u00f3n del corredor industrial de esta importante zona de Tamaulipas.<\/p>\n\n\n\n<p>En esta segunda sesi\u00f3n extraordinaria, se rindi\u00f3 un informe de actividades del Departamento de Recursos Humanos, as\u00ed como la matriz de indicadores de resultados y presentaci\u00f3n de reportes trimestrales del programa de trabajo de control interno y administraci\u00f3n de riesgos.<\/p>\n\n\n\n<p>En asuntos generales, se habl\u00f3 del seguimiento al proyecto federal &#8220;Proyecto para la creaci\u00f3n, fortalecimiento y\/o mejora de los centros de conciliaci\u00f3n laboral en el estado de Tamaulipas&#8221;.<\/p>\n\n\n<figure class=\"wp-block-post-featured-image\"><img width=\"240\" height=\"172\" src=\"https:\/\/cabellonews.com\/wp-content\/uploads\/2023\/10\/81aa0f7c-eb65-408d-8d48-3bc9f86e554f-240x172.jpeg\" class=\"attachment-post-thumbnail size-post-thumbnail wp-post-image\" alt=\"\" decoding=\"async\" loading=\"lazy\" \/><\/figure>\n\n\n<pre class=\"wp-block-code\"><code>     *     *    *<\/code><\/pre>\n","protected":false},"excerpt":{"rendered":"<p>-Sesiona Junta de Gobierno y aprueba estados financieros: Olga Sosa Ru\u00edz Octubre 30 de 2023 Ciudad Victoria, Tamaulipas. &#8211; Con la participaci\u00f3n de la secretaria del Trabajo e integrantes de la Junta de Gobierno, el Centro de Conciliaci\u00f3n Laboral de Tamaulipas, realiz\u00f3 su segunda sesi\u00f3n extraordinaria donde se habl\u00f3 sobre los resultados alcanzados durante los primeros 365 d\u00edas de gobierno de Am\u00e9rico Villarreal Anaya. Olga Sosa Ru\u00edz, titular de la Secretar\u00eda del Trabajo y Previsi\u00f3n Social de Tamaulipas, se refiri\u00f3 al trabajo realizado durante este periodo en el que ha&hellip;<\/p>\n","protected":false},"author":1,"featured_media":599,"comment_status":"open","ping_status":"open","sticky":false,"template":"","format":"standard","meta":[],"categories":[1],"tags":[],"gutentor_comment":0,"yoast_head":"<!-- This site is optimized with the Yoast SEO plugin v20.10 - https:\/\/yoast.com\/wordpress\/plugins\/seo\/ -->\n<title>Nuevo Centro de Conciliaci\u00f3n Laboral en Altamira - cabellonews.com<\/title>\n<meta name=\"robots\" content=\"index, follow, max-snippet:-1, max-image-preview:large, max-video-preview:-1\" \/>\n<link rel=\"canonical\" href=\"https:\/\/cabellonews.com\/?p=598\" \/>\n<meta property=\"og:locale\" content=\"en_US\" \/>\n<meta property=\"og:type\" content=\"article\" \/>\n<meta property=\"og:title\" content=\"Nuevo Centro de Conciliaci\u00f3n Laboral en Altamira - cabellonews.com\" \/>\n<meta property=\"og:description\" content=\"-Sesiona Junta de Gobierno y aprueba estados financieros: Olga Sosa Ru\u00edz Octubre 30 de 2023 Ciudad Victoria, Tamaulipas. &#8211; Con la participaci\u00f3n de la secretaria del Trabajo e integrantes de la Junta de Gobierno, el Centro de Conciliaci\u00f3n Laboral de Tamaulipas, realiz\u00f3 su segunda sesi\u00f3n extraordinaria donde se habl\u00f3 sobre los resultados alcanzados durante los primeros 365 d\u00edas de gobierno de Am\u00e9rico Villarreal Anaya. Olga Sosa Ru\u00edz, titular de la Secretar\u00eda del Trabajo y Previsi\u00f3n Social de Tamaulipas, se refiri\u00f3 al trabajo realizado durante este periodo en el que ha&hellip;\" \/>\n<meta property=\"og:url\" content=\"https:\/\/cabellonews.com\/?p=598\" \/>\n<meta property=\"og:site_name\" content=\"cabellonews.com\" \/>\n<meta property=\"article:published_time\" content=\"2023-10-31T02:13:14+00:00\" \/>\n<meta property=\"og:image\" content=\"http:\/\/cabellonews.com\/wp-content\/uploads\/2023\/10\/81aa0f7c-eb65-408d-8d48-3bc9f86e554f.jpeg\" \/>\n\t<meta property=\"og:image:width\" content=\"1599\" \/>\n\t<meta property=\"og:image:height\" content=\"1065\" \/>\n\t<meta property=\"og:image:type\" content=\"image\/jpeg\" \/>\n<meta name=\"author\" content=\"cabellonews.com\" \/>\n<meta name=\"twitter:card\" content=\"summary_large_image\" \/>\n<meta name=\"twitter:label1\" content=\"Written by\" \/>\n\t<meta name=\"twitter:data1\" content=\"cabellonews.com\" \/>\n\t<meta name=\"twitter:label2\" content=\"Est. reading time\" \/>\n\t<meta name=\"twitter:data2\" content=\"2 minutes\" \/>\n<script type=\"application\/ld+json\" class=\"yoast-schema-graph\">{\"@context\":\"https:\/\/schema.org\",\"@graph\":[{\"@type\":\"WebPage\",\"@id\":\"https:\/\/cabellonews.com\/?p=598\",\"url\":\"https:\/\/cabellonews.com\/?p=598\",\"name\":\"Nuevo Centro de Conciliaci\u00f3n Laboral en Altamira - cabellonews.com\",\"isPartOf\":{\"@id\":\"https:\/\/cabellonews.com\/#website\"},\"datePublished\":\"2023-10-31T02:13:14+00:00\",\"dateModified\":\"2023-10-31T02:13:14+00:00\",\"author\":{\"@id\":\"https:\/\/cabellonews.com\/#\/schema\/person\/7afe73bafa6cc5a24fd4c67dfd4379d8\"},\"breadcrumb\":{\"@id\":\"https:\/\/cabellonews.com\/?p=598#breadcrumb\"},\"inLanguage\":\"en-US\",\"potentialAction\":[{\"@type\":\"ReadAction\",\"target\":[\"https:\/\/cabellonews.com\/?p=598\"]}]},{\"@type\":\"BreadcrumbList\",\"@id\":\"https:\/\/cabellonews.com\/?p=598#breadcrumb\",\"itemListElement\":[{\"@type\":\"ListItem\",\"position\":1,\"name\":\"Inicio\",\"item\":\"https:\/\/cabellonews.com\/\"},{\"@type\":\"ListItem\",\"position\":2,\"name\":\"Nuevo Centro de Conciliaci\u00f3n Laboral en Altamira\"}]},{\"@type\":\"WebSite\",\"@id\":\"https:\/\/cabellonews.com\/#website\",\"url\":\"https:\/\/cabellonews.com\/\",\"name\":\"cabellonews.com\",\"description\":\"Con Cobertura En Tamaulipas Y norte de Veracruz\",\"potentialAction\":[{\"@type\":\"SearchAction\",\"target\":{\"@type\":\"EntryPoint\",\"urlTemplate\":\"https:\/\/cabellonews.com\/?s={search_term_string}\"},\"query-input\":\"required name=search_term_string\"}],\"inLanguage\":\"en-US\"},{\"@type\":\"Person\",\"@id\":\"https:\/\/cabellonews.com\/#\/schema\/person\/7afe73bafa6cc5a24fd4c67dfd4379d8\",\"name\":\"cabellonews.com\",\"image\":{\"@type\":\"ImageObject\",\"inLanguage\":\"en-US\",\"@id\":\"https:\/\/cabellonews.com\/#\/schema\/person\/image\/\",\"url\":\"https:\/\/secure.gravatar.com\/avatar\/8d6324fc2806389aad4cd38639618406?s=96&d=mm&r=g\",\"contentUrl\":\"https:\/\/secure.gravatar.com\/avatar\/8d6324fc2806389aad4cd38639618406?s=96&d=mm&r=g\",\"caption\":\"cabellonews.com\"},\"sameAs\":[\"http:\/\/cabellonews.com\"],\"url\":\"https:\/\/cabellonews.com\/?author=1\"}]}<\/script>\n<!-- \/ Yoast SEO plugin. -->","yoast_head_json":{"title":"Nuevo Centro de Conciliaci\u00f3n Laboral en Altamira - cabellonews.com","robots":{"index":"index","follow":"follow","max-snippet":"max-snippet:-1","max-image-preview":"max-image-preview:large","max-video-preview":"max-video-preview:-1"},"canonical":"https:\/\/cabellonews.com\/?p=598","og_locale":"en_US","og_type":"article","og_title":"Nuevo Centro de Conciliaci\u00f3n Laboral en Altamira - cabellonews.com","og_description":"-Sesiona Junta de Gobierno y aprueba estados financieros: Olga Sosa Ru\u00edz Octubre 30 de 2023 Ciudad Victoria, Tamaulipas. &#8211; Con la participaci\u00f3n de la secretaria del Trabajo e integrantes de la Junta de Gobierno, el Centro de Conciliaci\u00f3n Laboral de Tamaulipas, realiz\u00f3 su segunda sesi\u00f3n extraordinaria donde se habl\u00f3 sobre los resultados alcanzados durante los primeros 365 d\u00edas de gobierno de Am\u00e9rico Villarreal Anaya. Olga Sosa Ru\u00edz, titular de la Secretar\u00eda del Trabajo y Previsi\u00f3n Social de Tamaulipas, se refiri\u00f3 al trabajo realizado durante este periodo en el que ha&hellip;","og_url":"https:\/\/cabellonews.com\/?p=598","og_site_name":"cabellonews.com","article_published_time":"2023-10-31T02:13:14+00:00","og_image":[{"width":1599,"height":1065,"url":"http:\/\/cabellonews.com\/wp-content\/uploads\/2023\/10\/81aa0f7c-eb65-408d-8d48-3bc9f86e554f.jpeg","type":"image\/jpeg"}],"author":"cabellonews.com","twitter_card":"summary_large_image","twitter_misc":{"Written by":"cabellonews.com","Est. reading time":"2 minutes"},"schema":{"@context":"https:\/\/schema.org","@graph":[{"@type":"WebPage","@id":"https:\/\/cabellonews.com\/?p=598","url":"https:\/\/cabellonews.com\/?p=598","name":"Nuevo Centro de Conciliaci\u00f3n Laboral en Altamira - cabellonews.com","isPartOf":{"@id":"https:\/\/cabellonews.com\/#website"},"datePublished":"2023-10-31T02:13:14+00:00","dateModified":"2023-10-31T02:13:14+00:00","author":{"@id":"https:\/\/cabellonews.com\/#\/schema\/person\/7afe73bafa6cc5a24fd4c67dfd4379d8"},"breadcrumb":{"@id":"https:\/\/cabellonews.com\/?p=598#breadcrumb"},"inLanguage":"en-US","potentialAction":[{"@type":"ReadAction","target":["https:\/\/cabellonews.com\/?p=598"]}]},{"@type":"BreadcrumbList","@id":"https:\/\/cabellonews.com\/?p=598#breadcrumb","itemListElement":[{"@type":"ListItem","position":1,"name":"Inicio","item":"https:\/\/cabellonews.com\/"},{"@type":"ListItem","position":2,"name":"Nuevo Centro de Conciliaci\u00f3n Laboral en Altamira"}]},{"@type":"WebSite","@id":"https:\/\/cabellonews.com\/#website","url":"https:\/\/cabellonews.com\/","name":"cabellonews.com","description":"Con Cobertura En Tamaulipas Y norte de Veracruz","potentialAction":[{"@type":"SearchAction","target":{"@type":"EntryPoint","urlTemplate":"https:\/\/cabellonews.com\/?s={search_term_string}"},"query-input":"required name=search_term_string"}],"inLanguage":"en-US"},{"@type":"Person","@id":"https:\/\/cabellonews.com\/#\/schema\/person\/7afe73bafa6cc5a24fd4c67dfd4379d8","name":"cabellonews.com","image":{"@type":"ImageObject","inLanguage":"en-US","@id":"https:\/\/cabellonews.com\/#\/schema\/person\/image\/","url":"https:\/\/secure.gravatar.com\/avatar\/8d6324fc2806389aad4cd38639618406?s=96&d=mm&r=g","contentUrl":"https:\/\/secure.gravatar.com\/avatar\/8d6324fc2806389aad4cd38639618406?s=96&d=mm&r=g","caption":"cabellonews.com"},"sameAs":["http:\/\/cabellonews.com"],"url":"https:\/\/cabellonews.com\/?author=1"}]}},"_links":{"self":[{"href":"https:\/\/cabellonews.com\/index.php?rest_route=\/wp\/v2\/posts\/598"}],"collection":[{"href":"https:\/\/cabellonews.com\/index.php?rest_route=\/wp\/v2\/posts"}],"about":[{"href":"https:\/\/cabellonews.com\/index.php?rest_route=\/wp\/v2\/types\/post"}],"author":[{"embeddable":true,"href":"https:\/\/cabellonews.com\/index.php?rest_route=\/wp\/v2\/users\/1"}],"replies":[{"embeddable":true,"href":"https:\/\/cabellonews.com\/index.php?rest_route=%2Fwp%2Fv2%2Fcomments&post=598"}],"version-history":[{"count":1,"href":"https:\/\/cabellonews.com\/index.php?rest_route=\/wp\/v2\/posts\/598\/revisions"}],"predecessor-version":[{"id":600,"href":"https:\/\/cabellonews.com\/index.php?rest_route=\/wp\/v2\/posts\/598\/revisions\/600"}],"wp:featuredmedia":[{"embeddable":true,"href":"https:\/\/cabellonews.com\/index.php?rest_route=\/wp\/v2\/media\/599"}],"wp:attachment":[{"href":"https:\/\/cabellonews.com\/index.php?rest_route=%2Fwp%2Fv2%2Fmedia&parent=598"}],"wp:term":[{"taxonomy":"category","embeddable":true,"href":"https:\/\/cabellonews.com\/index.php?rest_route=%2Fwp%2Fv2%2Fcategories&post=598"},{"taxonomy":"post_tag","embeddable":true,"href":"https:\/\/cabellonews.com\/index.php?rest_route=%2Fwp%2Fv2%2Ftags&post=598"}],"curies":[{"name":"wp","href":"https:\/\/api.w.org\/{rel}","templated":true}]}}