{"id":595,"date":"2023-10-31T00:00:11","date_gmt":"2023-10-31T00:00:11","guid":{"rendered":"https:\/\/cabellonews.com\/?p=595"},"modified":"2023-10-31T00:00:12","modified_gmt":"2023-10-31T00:00:12","slug":"desde-tamaulipas-trasladan-a-67-personas-privadas-de-la-libertad-a-ceferesos","status":"publish","type":"post","link":"https:\/\/cabellonews.com\/?p=595","title":{"rendered":"Desde Tamaulipas trasladan a 67 personas privadas de la libertad a CEFERESOS"},"content":{"rendered":"\n<p>Ciudad Victoria, Tamaulipas.- Con estricto apego a los Derechos Humanos, Tamaulipas realiz\u00f3 el traslado de 67 personas privadas de la libertad (PPLs) hacia diferentes Centros Federales de Readaptaci\u00f3n Social (CEFERESOS) del pa\u00eds.<\/p>\n\n\n\n<p>Las 67 PPLs provienen de los cinco Centros de Ejecuci\u00f3n de Sanciones (CEDES) de Tamaulipas: siete de Nuevo Laredo; 16 de Reynosa; 16 de Matamoros; 14 de Altamira y 14 de Ciudad Victoria y fueron distribuidas de la siguiente forma: 13 al CEFERESO N\u00famero 13 ubicado en Oaxaca; 13 al N\u00famero 15 en Chiapas; 15 al N\u00famero 05 de Veracruz; 14 al N\u00famero 18 de Coahuila y 12 al N\u00famero cuatro de Nayarit.<\/p>\n\n\n\n<p>El contingente se concentr\u00f3 en el Aeropuerto Internacional General Lucio Blanco del municipio de Reynosa, partiendo a las 9:30 horas (horario de la frontera norte) de este lunes a bordo de una Aeronave de la Fuerza A\u00e9rea Mexicana.<\/p>\n\n\n\n<p>Este traslado se realiz\u00f3 en un esfuerzo coordinado en el que particip\u00f3 personal de los Cuerpos de Vigilancia, Custodia y Seguridad; Guardia Estatal; Guardia Nacional y de la Comisi\u00f3n de derechos Humanos del Estado de Tamaulipas (CODHET), as\u00ed como personal administrativo perteneciente a la Subsecretar\u00eda de Ejecuci\u00f3n de Sanciones y Reinserci\u00f3n Social de la Secretar\u00eda de Seguridad P\u00fablica de Tamaulipas (SSPT).<\/p>\n\n\n<figure class=\"wp-block-post-featured-image\"><img width=\"240\" height=\"172\" src=\"https:\/\/cabellonews.com\/wp-content\/uploads\/2023\/10\/653afeb3-92c9-47be-a66e-b9b2f6ffe8ef-240x172.jpeg\" class=\"attachment-post-thumbnail size-post-thumbnail wp-post-image\" alt=\"\" decoding=\"async\" loading=\"lazy\" \/><\/figure>","protected":false},"excerpt":{"rendered":"<p>Ciudad Victoria, Tamaulipas.- Con estricto apego a los Derechos Humanos, Tamaulipas realiz\u00f3 el traslado de 67 personas privadas de la libertad (PPLs) hacia diferentes Centros Federales de Readaptaci\u00f3n Social (CEFERESOS) del pa\u00eds. Las 67 PPLs provienen de los cinco Centros de Ejecuci\u00f3n de Sanciones (CEDES) de Tamaulipas: siete de Nuevo Laredo; 16 de Reynosa; 16 de Matamoros; 14 de Altamira y 14 de Ciudad Victoria y fueron distribuidas de la siguiente forma: 13 al CEFERESO N\u00famero 13 ubicado en Oaxaca; 13 al N\u00famero 15 en Chiapas; 15 al N\u00famero 05&hellip;<\/p>\n","protected":false},"author":1,"featured_media":596,"comment_status":"open","ping_status":"open","sticky":false,"template":"","format":"standard","meta":[],"categories":[1],"tags":[],"gutentor_comment":0,"yoast_head":"<!-- This site is optimized with the Yoast SEO plugin v20.10 - https:\/\/yoast.com\/wordpress\/plugins\/seo\/ -->\n<title>Desde Tamaulipas trasladan a 67 personas privadas de la libertad a CEFERESOS - cabellonews.com<\/title>\n<meta name=\"robots\" content=\"index, follow, max-snippet:-1, max-image-preview:large, max-video-preview:-1\" \/>\n<link rel=\"canonical\" href=\"https:\/\/cabellonews.com\/?p=595\" \/>\n<meta property=\"og:locale\" content=\"en_US\" \/>\n<meta property=\"og:type\" content=\"article\" \/>\n<meta property=\"og:title\" content=\"Desde Tamaulipas trasladan a 67 personas privadas de la libertad a CEFERESOS - cabellonews.com\" \/>\n<meta property=\"og:description\" content=\"Ciudad Victoria, Tamaulipas.- Con estricto apego a los Derechos Humanos, Tamaulipas realiz\u00f3 el traslado de 67 personas privadas de la libertad (PPLs) hacia diferentes Centros Federales de Readaptaci\u00f3n Social (CEFERESOS) del pa\u00eds. Las 67 PPLs provienen de los cinco Centros de Ejecuci\u00f3n de Sanciones (CEDES) de Tamaulipas: siete de Nuevo Laredo; 16 de Reynosa; 16 de Matamoros; 14 de Altamira y 14 de Ciudad Victoria y fueron distribuidas de la siguiente forma: 13 al CEFERESO N\u00famero 13 ubicado en Oaxaca; 13 al N\u00famero 15 en Chiapas; 15 al N\u00famero 05&hellip;\" \/>\n<meta property=\"og:url\" content=\"https:\/\/cabellonews.com\/?p=595\" \/>\n<meta property=\"og:site_name\" content=\"cabellonews.com\" \/>\n<meta property=\"article:published_time\" content=\"2023-10-31T00:00:11+00:00\" \/>\n<meta property=\"article:modified_time\" content=\"2023-10-31T00:00:12+00:00\" \/>\n<meta property=\"og:image\" content=\"http:\/\/cabellonews.com\/wp-content\/uploads\/2023\/10\/653afeb3-92c9-47be-a66e-b9b2f6ffe8ef.jpeg\" \/>\n\t<meta property=\"og:image:width\" content=\"1600\" \/>\n\t<meta property=\"og:image:height\" content=\"1104\" \/>\n\t<meta property=\"og:image:type\" content=\"image\/jpeg\" \/>\n<meta name=\"author\" content=\"cabellonews.com\" \/>\n<meta name=\"twitter:card\" content=\"summary_large_image\" \/>\n<meta name=\"twitter:label1\" content=\"Written by\" \/>\n\t<meta name=\"twitter:data1\" content=\"cabellonews.com\" \/>\n\t<meta name=\"twitter:label2\" content=\"Est. reading time\" \/>\n\t<meta name=\"twitter:data2\" content=\"1 minute\" \/>\n<script type=\"application\/ld+json\" class=\"yoast-schema-graph\">{\"@context\":\"https:\/\/schema.org\",\"@graph\":[{\"@type\":\"WebPage\",\"@id\":\"https:\/\/cabellonews.com\/?p=595\",\"url\":\"https:\/\/cabellonews.com\/?p=595\",\"name\":\"Desde Tamaulipas trasladan a 67 personas privadas de la libertad a CEFERESOS - cabellonews.com\",\"isPartOf\":{\"@id\":\"https:\/\/cabellonews.com\/#website\"},\"datePublished\":\"2023-10-31T00:00:11+00:00\",\"dateModified\":\"2023-10-31T00:00:12+00:00\",\"author\":{\"@id\":\"https:\/\/cabellonews.com\/#\/schema\/person\/7afe73bafa6cc5a24fd4c67dfd4379d8\"},\"breadcrumb\":{\"@id\":\"https:\/\/cabellonews.com\/?p=595#breadcrumb\"},\"inLanguage\":\"en-US\",\"potentialAction\":[{\"@type\":\"ReadAction\",\"target\":[\"https:\/\/cabellonews.com\/?p=595\"]}]},{\"@type\":\"BreadcrumbList\",\"@id\":\"https:\/\/cabellonews.com\/?p=595#breadcrumb\",\"itemListElement\":[{\"@type\":\"ListItem\",\"position\":1,\"name\":\"Inicio\",\"item\":\"https:\/\/cabellonews.com\/\"},{\"@type\":\"ListItem\",\"position\":2,\"name\":\"Desde Tamaulipas trasladan a 67 personas privadas de la libertad a CEFERESOS\"}]},{\"@type\":\"WebSite\",\"@id\":\"https:\/\/cabellonews.com\/#website\",\"url\":\"https:\/\/cabellonews.com\/\",\"name\":\"cabellonews.com\",\"description\":\"Con Cobertura En Tamaulipas Y norte de Veracruz\",\"potentialAction\":[{\"@type\":\"SearchAction\",\"target\":{\"@type\":\"EntryPoint\",\"urlTemplate\":\"https:\/\/cabellonews.com\/?s={search_term_string}\"},\"query-input\":\"required name=search_term_string\"}],\"inLanguage\":\"en-US\"},{\"@type\":\"Person\",\"@id\":\"https:\/\/cabellonews.com\/#\/schema\/person\/7afe73bafa6cc5a24fd4c67dfd4379d8\",\"name\":\"cabellonews.com\",\"image\":{\"@type\":\"ImageObject\",\"inLanguage\":\"en-US\",\"@id\":\"https:\/\/cabellonews.com\/#\/schema\/person\/image\/\",\"url\":\"https:\/\/secure.gravatar.com\/avatar\/8d6324fc2806389aad4cd38639618406?s=96&d=mm&r=g\",\"contentUrl\":\"https:\/\/secure.gravatar.com\/avatar\/8d6324fc2806389aad4cd38639618406?s=96&d=mm&r=g\",\"caption\":\"cabellonews.com\"},\"sameAs\":[\"http:\/\/cabellonews.com\"],\"url\":\"https:\/\/cabellonews.com\/?author=1\"}]}<\/script>\n<!-- \/ Yoast SEO plugin. -->","yoast_head_json":{"title":"Desde Tamaulipas trasladan a 67 personas privadas de la libertad a CEFERESOS - cabellonews.com","robots":{"index":"index","follow":"follow","max-snippet":"max-snippet:-1","max-image-preview":"max-image-preview:large","max-video-preview":"max-video-preview:-1"},"canonical":"https:\/\/cabellonews.com\/?p=595","og_locale":"en_US","og_type":"article","og_title":"Desde Tamaulipas trasladan a 67 personas privadas de la libertad a CEFERESOS - cabellonews.com","og_description":"Ciudad Victoria, Tamaulipas.- Con estricto apego a los Derechos Humanos, Tamaulipas realiz\u00f3 el traslado de 67 personas privadas de la libertad (PPLs) hacia diferentes Centros Federales de Readaptaci\u00f3n Social (CEFERESOS) del pa\u00eds. Las 67 PPLs provienen de los cinco Centros de Ejecuci\u00f3n de Sanciones (CEDES) de Tamaulipas: siete de Nuevo Laredo; 16 de Reynosa; 16 de Matamoros; 14 de Altamira y 14 de Ciudad Victoria y fueron distribuidas de la siguiente forma: 13 al CEFERESO N\u00famero 13 ubicado en Oaxaca; 13 al N\u00famero 15 en Chiapas; 15 al N\u00famero 05&hellip;","og_url":"https:\/\/cabellonews.com\/?p=595","og_site_name":"cabellonews.com","article_published_time":"2023-10-31T00:00:11+00:00","article_modified_time":"2023-10-31T00:00:12+00:00","og_image":[{"width":1600,"height":1104,"url":"http:\/\/cabellonews.com\/wp-content\/uploads\/2023\/10\/653afeb3-92c9-47be-a66e-b9b2f6ffe8ef.jpeg","type":"image\/jpeg"}],"author":"cabellonews.com","twitter_card":"summary_large_image","twitter_misc":{"Written by":"cabellonews.com","Est. reading time":"1 minute"},"schema":{"@context":"https:\/\/schema.org","@graph":[{"@type":"WebPage","@id":"https:\/\/cabellonews.com\/?p=595","url":"https:\/\/cabellonews.com\/?p=595","name":"Desde Tamaulipas trasladan a 67 personas privadas de la libertad a CEFERESOS - cabellonews.com","isPartOf":{"@id":"https:\/\/cabellonews.com\/#website"},"datePublished":"2023-10-31T00:00:11+00:00","dateModified":"2023-10-31T00:00:12+00:00","author":{"@id":"https:\/\/cabellonews.com\/#\/schema\/person\/7afe73bafa6cc5a24fd4c67dfd4379d8"},"breadcrumb":{"@id":"https:\/\/cabellonews.com\/?p=595#breadcrumb"},"inLanguage":"en-US","potentialAction":[{"@type":"ReadAction","target":["https:\/\/cabellonews.com\/?p=595"]}]},{"@type":"BreadcrumbList","@id":"https:\/\/cabellonews.com\/?p=595#breadcrumb","itemListElement":[{"@type":"ListItem","position":1,"name":"Inicio","item":"https:\/\/cabellonews.com\/"},{"@type":"ListItem","position":2,"name":"Desde Tamaulipas trasladan a 67 personas privadas de la libertad a CEFERESOS"}]},{"@type":"WebSite","@id":"https:\/\/cabellonews.com\/#website","url":"https:\/\/cabellonews.com\/","name":"cabellonews.com","description":"Con Cobertura En Tamaulipas Y norte de Veracruz","potentialAction":[{"@type":"SearchAction","target":{"@type":"EntryPoint","urlTemplate":"https:\/\/cabellonews.com\/?s={search_term_string}"},"query-input":"required name=search_term_string"}],"inLanguage":"en-US"},{"@type":"Person","@id":"https:\/\/cabellonews.com\/#\/schema\/person\/7afe73bafa6cc5a24fd4c67dfd4379d8","name":"cabellonews.com","image":{"@type":"ImageObject","inLanguage":"en-US","@id":"https:\/\/cabellonews.com\/#\/schema\/person\/image\/","url":"https:\/\/secure.gravatar.com\/avatar\/8d6324fc2806389aad4cd38639618406?s=96&d=mm&r=g","contentUrl":"https:\/\/secure.gravatar.com\/avatar\/8d6324fc2806389aad4cd38639618406?s=96&d=mm&r=g","caption":"cabellonews.com"},"sameAs":["http:\/\/cabellonews.com"],"url":"https:\/\/cabellonews.com\/?author=1"}]}},"_links":{"self":[{"href":"https:\/\/cabellonews.com\/index.php?rest_route=\/wp\/v2\/posts\/595"}],"collection":[{"href":"https:\/\/cabellonews.com\/index.php?rest_route=\/wp\/v2\/posts"}],"about":[{"href":"https:\/\/cabellonews.com\/index.php?rest_route=\/wp\/v2\/types\/post"}],"author":[{"embeddable":true,"href":"https:\/\/cabellonews.com\/index.php?rest_route=\/wp\/v2\/users\/1"}],"replies":[{"embeddable":true,"href":"https:\/\/cabellonews.com\/index.php?rest_route=%2Fwp%2Fv2%2Fcomments&post=595"}],"version-history":[{"count":1,"href":"https:\/\/cabellonews.com\/index.php?rest_route=\/wp\/v2\/posts\/595\/revisions"}],"predecessor-version":[{"id":597,"href":"https:\/\/cabellonews.com\/index.php?rest_route=\/wp\/v2\/posts\/595\/revisions\/597"}],"wp:featuredmedia":[{"embeddable":true,"href":"https:\/\/cabellonews.com\/index.php?rest_route=\/wp\/v2\/media\/596"}],"wp:attachment":[{"href":"https:\/\/cabellonews.com\/index.php?rest_route=%2Fwp%2Fv2%2Fmedia&parent=595"}],"wp:term":[{"taxonomy":"category","embeddable":true,"href":"https:\/\/cabellonews.com\/index.php?rest_route=%2Fwp%2Fv2%2Fcategories&post=595"},{"taxonomy":"post_tag","embeddable":true,"href":"https:\/\/cabellonews.com\/index.php?rest_route=%2Fwp%2Fv2%2Ftags&post=595"}],"curies":[{"name":"wp","href":"https:\/\/api.w.org\/{rel}","templated":true}]}}