{"id":580,"date":"2023-10-26T00:36:29","date_gmt":"2023-10-26T00:36:29","guid":{"rendered":"https:\/\/cabellonews.com\/?p=580"},"modified":"2023-10-26T00:36:29","modified_gmt":"2023-10-26T00:36:29","slug":"refrenda-secretaria-del-trabajo-compromiso-de-erradicar-la-violencia-contra-mujeres-en-centros-de-trabajo","status":"publish","type":"post","link":"https:\/\/cabellonews.com\/?p=580","title":{"rendered":"Refrenda Secretar\u00eda del Trabajo compromiso de erradicar la violencia contra mujeres, en centros de trabajo"},"content":{"rendered":"\n<p>-No a la violencia contra las mujeres: Olga Sosa<\/p>\n\n\n\n<p>Octubre 24 de 2023<\/p>\n\n\n\n<p>Ciudad Victoria, Tamaulipas. &#8211; Con un mensaje solidario con motivo del D\u00eda Naranja que se conmemora cada d\u00eda 25 de mes, destacando que la violencia contra mujeres y ni\u00f1as es una de las violaciones de los derechos humanos m\u00e1s extendidas, persistentes y devastadoras; personal de la Secretar\u00eda del Trabajo por conducto de la Direcci\u00f3n de Actualizaci\u00f3n Permanente, conmemor\u00f3 esta fecha en los accesos a la Torre Bicentenario.<\/p>\n\n\n\n<p>El evento fue presidido por la secretaria del Trabajo y Previsi\u00f3n Social Olga Patricia Sosa Ru\u00edz, teniendo como invitada en estas actividades a la contralora gubernamental Norma Ang\u00e9lica Pedraza Melo, haciendo conciencia de generar entornos libres de violencia para mujeres y ni\u00f1as.<\/p>\n\n\n\n<p>Esta actividad consisti\u00f3 en plasmar sobre una manta conmemorativa las huellas de las manos de las mujeres asistentes a este evento en pintura color naranja, a manera de solidarizarse contra quienes han sufrido alg\u00fan tipo de violencia de g\u00e9nero, destacando que desde hace un a\u00f1o la Secretar\u00eda del Trabajo a trav\u00e9s de la Direcci\u00f3n de Actualizaci\u00f3n Permanente, ha realizado diversos eventos con el compromiso de erradicar la violencia contra las mujeres, generando conciencia entre la ciudadan\u00eda sobre la necesidad de actuar, denunciar, cambiar, detener y erradicar este flagelo que atenta contra las mujeres.<\/p>\n\n\n\n<p>En este evento particip\u00f3 toda la estructura org\u00e1nica de la Secretar\u00eda del Trabajo as\u00ed como del INJUVE a cargo de Katalyna M\u00e9ndez Cepeda, quienes difundieron el mensaje de solidaridad entre el personal que labora en la Torre Bicentenario perteneciente a diversas dependencias estatales.<\/p>\n\n\n<figure class=\"wp-block-post-featured-image\"><img width=\"240\" height=\"172\" src=\"https:\/\/cabellonews.com\/wp-content\/uploads\/2023\/10\/7f241b3d-e218-422a-8475-a34e237f566c-240x172.jpeg\" class=\"attachment-post-thumbnail size-post-thumbnail wp-post-image\" alt=\"\" decoding=\"async\" loading=\"lazy\" \/><\/figure>\n\n\n<pre class=\"wp-block-code\"><code>     *     *     *<\/code><\/pre>\n","protected":false},"excerpt":{"rendered":"<p>-No a la violencia contra las mujeres: Olga Sosa Octubre 24 de 2023 Ciudad Victoria, Tamaulipas. &#8211; Con un mensaje solidario con motivo del D\u00eda Naranja que se conmemora cada d\u00eda 25 de mes, destacando que la violencia contra mujeres y ni\u00f1as es una de las violaciones de los derechos humanos m\u00e1s extendidas, persistentes y devastadoras; personal de la Secretar\u00eda del Trabajo por conducto de la Direcci\u00f3n de Actualizaci\u00f3n Permanente, conmemor\u00f3 esta fecha en los accesos a la Torre Bicentenario. El evento fue presidido por la secretaria del Trabajo y&hellip;<\/p>\n","protected":false},"author":1,"featured_media":581,"comment_status":"open","ping_status":"open","sticky":false,"template":"","format":"standard","meta":[],"categories":[1],"tags":[],"gutentor_comment":0,"yoast_head":"<!-- This site is optimized with the Yoast SEO plugin v20.10 - https:\/\/yoast.com\/wordpress\/plugins\/seo\/ -->\n<title>Refrenda Secretar\u00eda del Trabajo compromiso de erradicar la violencia contra mujeres, en centros de trabajo - cabellonews.com<\/title>\n<meta name=\"robots\" content=\"index, follow, max-snippet:-1, max-image-preview:large, max-video-preview:-1\" \/>\n<link rel=\"canonical\" href=\"https:\/\/cabellonews.com\/?p=580\" \/>\n<meta property=\"og:locale\" content=\"en_US\" \/>\n<meta property=\"og:type\" content=\"article\" \/>\n<meta property=\"og:title\" content=\"Refrenda Secretar\u00eda del Trabajo compromiso de erradicar la violencia contra mujeres, en centros de trabajo - cabellonews.com\" \/>\n<meta property=\"og:description\" content=\"-No a la violencia contra las mujeres: Olga Sosa Octubre 24 de 2023 Ciudad Victoria, Tamaulipas. &#8211; Con un mensaje solidario con motivo del D\u00eda Naranja que se conmemora cada d\u00eda 25 de mes, destacando que la violencia contra mujeres y ni\u00f1as es una de las violaciones de los derechos humanos m\u00e1s extendidas, persistentes y devastadoras; personal de la Secretar\u00eda del Trabajo por conducto de la Direcci\u00f3n de Actualizaci\u00f3n Permanente, conmemor\u00f3 esta fecha en los accesos a la Torre Bicentenario. El evento fue presidido por la secretaria del Trabajo y&hellip;\" \/>\n<meta property=\"og:url\" content=\"https:\/\/cabellonews.com\/?p=580\" \/>\n<meta property=\"og:site_name\" content=\"cabellonews.com\" \/>\n<meta property=\"article:published_time\" content=\"2023-10-26T00:36:29+00:00\" \/>\n<meta property=\"og:image\" content=\"http:\/\/cabellonews.com\/wp-content\/uploads\/2023\/10\/7f241b3d-e218-422a-8475-a34e237f566c.jpeg\" \/>\n\t<meta property=\"og:image:width\" content=\"1599\" \/>\n\t<meta property=\"og:image:height\" content=\"1066\" \/>\n\t<meta property=\"og:image:type\" content=\"image\/jpeg\" \/>\n<meta name=\"author\" content=\"cabellonews.com\" \/>\n<meta name=\"twitter:card\" content=\"summary_large_image\" \/>\n<meta name=\"twitter:label1\" content=\"Written by\" \/>\n\t<meta name=\"twitter:data1\" content=\"cabellonews.com\" \/>\n\t<meta name=\"twitter:label2\" content=\"Est. reading time\" \/>\n\t<meta name=\"twitter:data2\" content=\"2 minutes\" \/>\n<script type=\"application\/ld+json\" class=\"yoast-schema-graph\">{\"@context\":\"https:\/\/schema.org\",\"@graph\":[{\"@type\":\"WebPage\",\"@id\":\"https:\/\/cabellonews.com\/?p=580\",\"url\":\"https:\/\/cabellonews.com\/?p=580\",\"name\":\"Refrenda Secretar\u00eda del Trabajo compromiso de erradicar la violencia contra mujeres, en centros de trabajo - cabellonews.com\",\"isPartOf\":{\"@id\":\"https:\/\/cabellonews.com\/#website\"},\"datePublished\":\"2023-10-26T00:36:29+00:00\",\"dateModified\":\"2023-10-26T00:36:29+00:00\",\"author\":{\"@id\":\"https:\/\/cabellonews.com\/#\/schema\/person\/7afe73bafa6cc5a24fd4c67dfd4379d8\"},\"breadcrumb\":{\"@id\":\"https:\/\/cabellonews.com\/?p=580#breadcrumb\"},\"inLanguage\":\"en-US\",\"potentialAction\":[{\"@type\":\"ReadAction\",\"target\":[\"https:\/\/cabellonews.com\/?p=580\"]}]},{\"@type\":\"BreadcrumbList\",\"@id\":\"https:\/\/cabellonews.com\/?p=580#breadcrumb\",\"itemListElement\":[{\"@type\":\"ListItem\",\"position\":1,\"name\":\"Inicio\",\"item\":\"https:\/\/cabellonews.com\/\"},{\"@type\":\"ListItem\",\"position\":2,\"name\":\"Refrenda Secretar\u00eda del Trabajo compromiso de erradicar la violencia contra mujeres, en centros de trabajo\"}]},{\"@type\":\"WebSite\",\"@id\":\"https:\/\/cabellonews.com\/#website\",\"url\":\"https:\/\/cabellonews.com\/\",\"name\":\"cabellonews.com\",\"description\":\"Con Cobertura En Tamaulipas Y norte de Veracruz\",\"potentialAction\":[{\"@type\":\"SearchAction\",\"target\":{\"@type\":\"EntryPoint\",\"urlTemplate\":\"https:\/\/cabellonews.com\/?s={search_term_string}\"},\"query-input\":\"required name=search_term_string\"}],\"inLanguage\":\"en-US\"},{\"@type\":\"Person\",\"@id\":\"https:\/\/cabellonews.com\/#\/schema\/person\/7afe73bafa6cc5a24fd4c67dfd4379d8\",\"name\":\"cabellonews.com\",\"image\":{\"@type\":\"ImageObject\",\"inLanguage\":\"en-US\",\"@id\":\"https:\/\/cabellonews.com\/#\/schema\/person\/image\/\",\"url\":\"https:\/\/secure.gravatar.com\/avatar\/8d6324fc2806389aad4cd38639618406?s=96&d=mm&r=g\",\"contentUrl\":\"https:\/\/secure.gravatar.com\/avatar\/8d6324fc2806389aad4cd38639618406?s=96&d=mm&r=g\",\"caption\":\"cabellonews.com\"},\"sameAs\":[\"http:\/\/cabellonews.com\"],\"url\":\"https:\/\/cabellonews.com\/?author=1\"}]}<\/script>\n<!-- \/ Yoast SEO plugin. -->","yoast_head_json":{"title":"Refrenda Secretar\u00eda del Trabajo compromiso de erradicar la violencia contra mujeres, en centros de trabajo - cabellonews.com","robots":{"index":"index","follow":"follow","max-snippet":"max-snippet:-1","max-image-preview":"max-image-preview:large","max-video-preview":"max-video-preview:-1"},"canonical":"https:\/\/cabellonews.com\/?p=580","og_locale":"en_US","og_type":"article","og_title":"Refrenda Secretar\u00eda del Trabajo compromiso de erradicar la violencia contra mujeres, en centros de trabajo - cabellonews.com","og_description":"-No a la violencia contra las mujeres: Olga Sosa Octubre 24 de 2023 Ciudad Victoria, Tamaulipas. &#8211; Con un mensaje solidario con motivo del D\u00eda Naranja que se conmemora cada d\u00eda 25 de mes, destacando que la violencia contra mujeres y ni\u00f1as es una de las violaciones de los derechos humanos m\u00e1s extendidas, persistentes y devastadoras; personal de la Secretar\u00eda del Trabajo por conducto de la Direcci\u00f3n de Actualizaci\u00f3n Permanente, conmemor\u00f3 esta fecha en los accesos a la Torre Bicentenario. El evento fue presidido por la secretaria del Trabajo y&hellip;","og_url":"https:\/\/cabellonews.com\/?p=580","og_site_name":"cabellonews.com","article_published_time":"2023-10-26T00:36:29+00:00","og_image":[{"width":1599,"height":1066,"url":"http:\/\/cabellonews.com\/wp-content\/uploads\/2023\/10\/7f241b3d-e218-422a-8475-a34e237f566c.jpeg","type":"image\/jpeg"}],"author":"cabellonews.com","twitter_card":"summary_large_image","twitter_misc":{"Written by":"cabellonews.com","Est. reading time":"2 minutes"},"schema":{"@context":"https:\/\/schema.org","@graph":[{"@type":"WebPage","@id":"https:\/\/cabellonews.com\/?p=580","url":"https:\/\/cabellonews.com\/?p=580","name":"Refrenda Secretar\u00eda del Trabajo compromiso de erradicar la violencia contra mujeres, en centros de trabajo - cabellonews.com","isPartOf":{"@id":"https:\/\/cabellonews.com\/#website"},"datePublished":"2023-10-26T00:36:29+00:00","dateModified":"2023-10-26T00:36:29+00:00","author":{"@id":"https:\/\/cabellonews.com\/#\/schema\/person\/7afe73bafa6cc5a24fd4c67dfd4379d8"},"breadcrumb":{"@id":"https:\/\/cabellonews.com\/?p=580#breadcrumb"},"inLanguage":"en-US","potentialAction":[{"@type":"ReadAction","target":["https:\/\/cabellonews.com\/?p=580"]}]},{"@type":"BreadcrumbList","@id":"https:\/\/cabellonews.com\/?p=580#breadcrumb","itemListElement":[{"@type":"ListItem","position":1,"name":"Inicio","item":"https:\/\/cabellonews.com\/"},{"@type":"ListItem","position":2,"name":"Refrenda Secretar\u00eda del Trabajo compromiso de erradicar la violencia contra mujeres, en centros de trabajo"}]},{"@type":"WebSite","@id":"https:\/\/cabellonews.com\/#website","url":"https:\/\/cabellonews.com\/","name":"cabellonews.com","description":"Con Cobertura En Tamaulipas Y norte de Veracruz","potentialAction":[{"@type":"SearchAction","target":{"@type":"EntryPoint","urlTemplate":"https:\/\/cabellonews.com\/?s={search_term_string}"},"query-input":"required name=search_term_string"}],"inLanguage":"en-US"},{"@type":"Person","@id":"https:\/\/cabellonews.com\/#\/schema\/person\/7afe73bafa6cc5a24fd4c67dfd4379d8","name":"cabellonews.com","image":{"@type":"ImageObject","inLanguage":"en-US","@id":"https:\/\/cabellonews.com\/#\/schema\/person\/image\/","url":"https:\/\/secure.gravatar.com\/avatar\/8d6324fc2806389aad4cd38639618406?s=96&d=mm&r=g","contentUrl":"https:\/\/secure.gravatar.com\/avatar\/8d6324fc2806389aad4cd38639618406?s=96&d=mm&r=g","caption":"cabellonews.com"},"sameAs":["http:\/\/cabellonews.com"],"url":"https:\/\/cabellonews.com\/?author=1"}]}},"_links":{"self":[{"href":"https:\/\/cabellonews.com\/index.php?rest_route=\/wp\/v2\/posts\/580"}],"collection":[{"href":"https:\/\/cabellonews.com\/index.php?rest_route=\/wp\/v2\/posts"}],"about":[{"href":"https:\/\/cabellonews.com\/index.php?rest_route=\/wp\/v2\/types\/post"}],"author":[{"embeddable":true,"href":"https:\/\/cabellonews.com\/index.php?rest_route=\/wp\/v2\/users\/1"}],"replies":[{"embeddable":true,"href":"https:\/\/cabellonews.com\/index.php?rest_route=%2Fwp%2Fv2%2Fcomments&post=580"}],"version-history":[{"count":1,"href":"https:\/\/cabellonews.com\/index.php?rest_route=\/wp\/v2\/posts\/580\/revisions"}],"predecessor-version":[{"id":582,"href":"https:\/\/cabellonews.com\/index.php?rest_route=\/wp\/v2\/posts\/580\/revisions\/582"}],"wp:featuredmedia":[{"embeddable":true,"href":"https:\/\/cabellonews.com\/index.php?rest_route=\/wp\/v2\/media\/581"}],"wp:attachment":[{"href":"https:\/\/cabellonews.com\/index.php?rest_route=%2Fwp%2Fv2%2Fmedia&parent=580"}],"wp:term":[{"taxonomy":"category","embeddable":true,"href":"https:\/\/cabellonews.com\/index.php?rest_route=%2Fwp%2Fv2%2Fcategories&post=580"},{"taxonomy":"post_tag","embeddable":true,"href":"https:\/\/cabellonews.com\/index.php?rest_route=%2Fwp%2Fv2%2Ftags&post=580"}],"curies":[{"name":"wp","href":"https:\/\/api.w.org\/{rel}","templated":true}]}}