{"id":577,"date":"2023-10-24T23:19:16","date_gmt":"2023-10-24T23:19:16","guid":{"rendered":"https:\/\/cabellonews.com\/?p=577"},"modified":"2023-10-24T23:19:17","modified_gmt":"2023-10-24T23:19:17","slug":"olga-sosa-ruiz-representa-al-gobernador-americo-villarreal-anaya-en-la-inauguracion-del-abierto-tampico-2023","status":"publish","type":"post","link":"https:\/\/cabellonews.com\/?p=577","title":{"rendered":"Olga Sosa Ru\u00edz representa al Gobernador Am\u00e9rico Villarreal Anaya en la inauguraci\u00f3n del &#8220;Abierto Tampico 2023&#8221;"},"content":{"rendered":"\n<p>Destaca este evento como una fuente de atractivo tur\u00edstico e impulso econ\u00f3mico.<\/p>\n\n\n\n<p>24 de octubre 2023<\/p>\n\n\n\n<p>Tampico, Tamaulipas.- La secretaria del Trabajo y Previsi\u00f3n Social de Tamaulipas, Olga Patricia Sosa Ru\u00edz, asisti\u00f3 en representaci\u00f3n del gobernador Am\u00e9rico Villarreal Anaya a la ceremonia inaugural del torneo de tenis &#8220;Abierto Tampico 2023&#8221;, donde destac\u00f3 que este evento de gran magnitud, re\u00fane tenistas de alto rendimiento y talla internacional, para compartir su talento en Tampico, pero adem\u00e1s es un atractivo tur\u00edstico y generador de una fuente de empleo para 300 personas, que hacen este magno evento una realidad.<\/p>\n\n\n\n<p>La inauguraci\u00f3n estuvo a cargo del presidente municipal Jes\u00fas Nader Nasrrallah, en compa\u00f1\u00eda de la secretaria del Trabajo Olga Patricia Sosa Ru\u00edz, Benjam\u00edn Hern\u00e1ndez Rodr\u00edguez titular de Turismo en Tamaulipas y autoridades municipales, que presenciaron la ceremonia donde comenzaron las actividades del Abierto Tampico 2023 con la participaci\u00f3n de las tenistas Heather Miriam Watson y Ann Li.<\/p>\n\n\n\n<p>La funcionaria estatal dijo a nombre del gobernador Am\u00e9rico Villarreal Anaya: &#8220;las y los deportistas de alto rendimiento que participan en ese torneo, son ejemplos de vida y con sus hechos, recuerdan que con constancia y dedicaci\u00f3n se logran alcanzar los sue\u00f1os&#8221;.<\/p>\n\n\n\n<p>Fernando Tamayo director del Abierto de Tenis Tampico 2023, destac\u00f3 el trabajo coordinado con la Secretaria del Trabajo por conducto de su titular Olga Sosa Ru\u00edz, destacando que son 307 personas que trabajan para hacer este gran evento una realidad, recurriendo a proveedores locales y brindando empleo a personas originarias de Tampico; finaliz\u00f3 agradeciendo al gobernador Am\u00e9rico Villarreal Anaya por su apoyo incondicional.<\/p>\n\n\n<figure class=\"wp-block-post-featured-image\"><img width=\"240\" height=\"172\" src=\"https:\/\/cabellonews.com\/wp-content\/uploads\/2023\/10\/950460a0-6b71-4665-a5dc-67e2f7bc289b-240x172.jpeg\" class=\"attachment-post-thumbnail size-post-thumbnail wp-post-image\" alt=\"\" decoding=\"async\" loading=\"lazy\" \/><\/figure>","protected":false},"excerpt":{"rendered":"<p>Destaca este evento como una fuente de atractivo tur\u00edstico e impulso econ\u00f3mico. 24 de octubre 2023 Tampico, Tamaulipas.- La secretaria del Trabajo y Previsi\u00f3n Social de Tamaulipas, Olga Patricia Sosa Ru\u00edz, asisti\u00f3 en representaci\u00f3n del gobernador Am\u00e9rico Villarreal Anaya a la ceremonia inaugural del torneo de tenis &#8220;Abierto Tampico 2023&#8221;, donde destac\u00f3 que este evento de gran magnitud, re\u00fane tenistas de alto rendimiento y talla internacional, para compartir su talento en Tampico, pero adem\u00e1s es un atractivo tur\u00edstico y generador de una fuente de empleo para 300 personas, que hacen&hellip;<\/p>\n","protected":false},"author":1,"featured_media":578,"comment_status":"open","ping_status":"open","sticky":false,"template":"","format":"standard","meta":[],"categories":[1],"tags":[],"gutentor_comment":0,"yoast_head":"<!-- This site is optimized with the Yoast SEO plugin v20.10 - https:\/\/yoast.com\/wordpress\/plugins\/seo\/ -->\n<title>Olga Sosa Ru\u00edz representa al Gobernador Am\u00e9rico Villarreal Anaya en la inauguraci\u00f3n del &quot;Abierto Tampico 2023&quot; - cabellonews.com<\/title>\n<meta name=\"robots\" content=\"index, follow, max-snippet:-1, max-image-preview:large, max-video-preview:-1\" \/>\n<link rel=\"canonical\" href=\"https:\/\/cabellonews.com\/?p=577\" \/>\n<meta property=\"og:locale\" content=\"en_US\" \/>\n<meta property=\"og:type\" content=\"article\" \/>\n<meta property=\"og:title\" content=\"Olga Sosa Ru\u00edz representa al Gobernador Am\u00e9rico Villarreal Anaya en la inauguraci\u00f3n del &quot;Abierto Tampico 2023&quot; - cabellonews.com\" \/>\n<meta property=\"og:description\" content=\"Destaca este evento como una fuente de atractivo tur\u00edstico e impulso econ\u00f3mico. 24 de octubre 2023 Tampico, Tamaulipas.- La secretaria del Trabajo y Previsi\u00f3n Social de Tamaulipas, Olga Patricia Sosa Ru\u00edz, asisti\u00f3 en representaci\u00f3n del gobernador Am\u00e9rico Villarreal Anaya a la ceremonia inaugural del torneo de tenis &#8220;Abierto Tampico 2023&#8221;, donde destac\u00f3 que este evento de gran magnitud, re\u00fane tenistas de alto rendimiento y talla internacional, para compartir su talento en Tampico, pero adem\u00e1s es un atractivo tur\u00edstico y generador de una fuente de empleo para 300 personas, que hacen&hellip;\" \/>\n<meta property=\"og:url\" content=\"https:\/\/cabellonews.com\/?p=577\" \/>\n<meta property=\"og:site_name\" content=\"cabellonews.com\" \/>\n<meta property=\"article:published_time\" content=\"2023-10-24T23:19:16+00:00\" \/>\n<meta property=\"article:modified_time\" content=\"2023-10-24T23:19:17+00:00\" \/>\n<meta property=\"og:image\" content=\"http:\/\/cabellonews.com\/wp-content\/uploads\/2023\/10\/950460a0-6b71-4665-a5dc-67e2f7bc289b.jpeg\" \/>\n\t<meta property=\"og:image:width\" content=\"1599\" \/>\n\t<meta property=\"og:image:height\" content=\"897\" \/>\n\t<meta property=\"og:image:type\" content=\"image\/jpeg\" \/>\n<meta name=\"author\" content=\"cabellonews.com\" \/>\n<meta name=\"twitter:card\" content=\"summary_large_image\" \/>\n<meta name=\"twitter:label1\" content=\"Written by\" \/>\n\t<meta name=\"twitter:data1\" content=\"cabellonews.com\" \/>\n\t<meta name=\"twitter:label2\" content=\"Est. reading time\" \/>\n\t<meta name=\"twitter:data2\" content=\"2 minutes\" \/>\n<script type=\"application\/ld+json\" class=\"yoast-schema-graph\">{\"@context\":\"https:\/\/schema.org\",\"@graph\":[{\"@type\":\"WebPage\",\"@id\":\"https:\/\/cabellonews.com\/?p=577\",\"url\":\"https:\/\/cabellonews.com\/?p=577\",\"name\":\"Olga Sosa Ru\u00edz representa al Gobernador Am\u00e9rico Villarreal Anaya en la inauguraci\u00f3n del \\\"Abierto Tampico 2023\\\" - cabellonews.com\",\"isPartOf\":{\"@id\":\"https:\/\/cabellonews.com\/#website\"},\"datePublished\":\"2023-10-24T23:19:16+00:00\",\"dateModified\":\"2023-10-24T23:19:17+00:00\",\"author\":{\"@id\":\"https:\/\/cabellonews.com\/#\/schema\/person\/7afe73bafa6cc5a24fd4c67dfd4379d8\"},\"breadcrumb\":{\"@id\":\"https:\/\/cabellonews.com\/?p=577#breadcrumb\"},\"inLanguage\":\"en-US\",\"potentialAction\":[{\"@type\":\"ReadAction\",\"target\":[\"https:\/\/cabellonews.com\/?p=577\"]}]},{\"@type\":\"BreadcrumbList\",\"@id\":\"https:\/\/cabellonews.com\/?p=577#breadcrumb\",\"itemListElement\":[{\"@type\":\"ListItem\",\"position\":1,\"name\":\"Inicio\",\"item\":\"https:\/\/cabellonews.com\/\"},{\"@type\":\"ListItem\",\"position\":2,\"name\":\"Olga Sosa Ru\u00edz representa al Gobernador Am\u00e9rico Villarreal Anaya en la inauguraci\u00f3n del &#8220;Abierto Tampico 2023&#8221;\"}]},{\"@type\":\"WebSite\",\"@id\":\"https:\/\/cabellonews.com\/#website\",\"url\":\"https:\/\/cabellonews.com\/\",\"name\":\"cabellonews.com\",\"description\":\"Con Cobertura En Tamaulipas Y norte de Veracruz\",\"potentialAction\":[{\"@type\":\"SearchAction\",\"target\":{\"@type\":\"EntryPoint\",\"urlTemplate\":\"https:\/\/cabellonews.com\/?s={search_term_string}\"},\"query-input\":\"required name=search_term_string\"}],\"inLanguage\":\"en-US\"},{\"@type\":\"Person\",\"@id\":\"https:\/\/cabellonews.com\/#\/schema\/person\/7afe73bafa6cc5a24fd4c67dfd4379d8\",\"name\":\"cabellonews.com\",\"image\":{\"@type\":\"ImageObject\",\"inLanguage\":\"en-US\",\"@id\":\"https:\/\/cabellonews.com\/#\/schema\/person\/image\/\",\"url\":\"https:\/\/secure.gravatar.com\/avatar\/8d6324fc2806389aad4cd38639618406?s=96&d=mm&r=g\",\"contentUrl\":\"https:\/\/secure.gravatar.com\/avatar\/8d6324fc2806389aad4cd38639618406?s=96&d=mm&r=g\",\"caption\":\"cabellonews.com\"},\"sameAs\":[\"http:\/\/cabellonews.com\"],\"url\":\"https:\/\/cabellonews.com\/?author=1\"}]}<\/script>\n<!-- \/ Yoast SEO plugin. -->","yoast_head_json":{"title":"Olga Sosa Ru\u00edz representa al Gobernador Am\u00e9rico Villarreal Anaya en la inauguraci\u00f3n del \"Abierto Tampico 2023\" - cabellonews.com","robots":{"index":"index","follow":"follow","max-snippet":"max-snippet:-1","max-image-preview":"max-image-preview:large","max-video-preview":"max-video-preview:-1"},"canonical":"https:\/\/cabellonews.com\/?p=577","og_locale":"en_US","og_type":"article","og_title":"Olga Sosa Ru\u00edz representa al Gobernador Am\u00e9rico Villarreal Anaya en la inauguraci\u00f3n del \"Abierto Tampico 2023\" - cabellonews.com","og_description":"Destaca este evento como una fuente de atractivo tur\u00edstico e impulso econ\u00f3mico. 24 de octubre 2023 Tampico, Tamaulipas.- La secretaria del Trabajo y Previsi\u00f3n Social de Tamaulipas, Olga Patricia Sosa Ru\u00edz, asisti\u00f3 en representaci\u00f3n del gobernador Am\u00e9rico Villarreal Anaya a la ceremonia inaugural del torneo de tenis &#8220;Abierto Tampico 2023&#8221;, donde destac\u00f3 que este evento de gran magnitud, re\u00fane tenistas de alto rendimiento y talla internacional, para compartir su talento en Tampico, pero adem\u00e1s es un atractivo tur\u00edstico y generador de una fuente de empleo para 300 personas, que hacen&hellip;","og_url":"https:\/\/cabellonews.com\/?p=577","og_site_name":"cabellonews.com","article_published_time":"2023-10-24T23:19:16+00:00","article_modified_time":"2023-10-24T23:19:17+00:00","og_image":[{"width":1599,"height":897,"url":"http:\/\/cabellonews.com\/wp-content\/uploads\/2023\/10\/950460a0-6b71-4665-a5dc-67e2f7bc289b.jpeg","type":"image\/jpeg"}],"author":"cabellonews.com","twitter_card":"summary_large_image","twitter_misc":{"Written by":"cabellonews.com","Est. reading time":"2 minutes"},"schema":{"@context":"https:\/\/schema.org","@graph":[{"@type":"WebPage","@id":"https:\/\/cabellonews.com\/?p=577","url":"https:\/\/cabellonews.com\/?p=577","name":"Olga Sosa Ru\u00edz representa al Gobernador Am\u00e9rico Villarreal Anaya en la inauguraci\u00f3n del \"Abierto Tampico 2023\" - cabellonews.com","isPartOf":{"@id":"https:\/\/cabellonews.com\/#website"},"datePublished":"2023-10-24T23:19:16+00:00","dateModified":"2023-10-24T23:19:17+00:00","author":{"@id":"https:\/\/cabellonews.com\/#\/schema\/person\/7afe73bafa6cc5a24fd4c67dfd4379d8"},"breadcrumb":{"@id":"https:\/\/cabellonews.com\/?p=577#breadcrumb"},"inLanguage":"en-US","potentialAction":[{"@type":"ReadAction","target":["https:\/\/cabellonews.com\/?p=577"]}]},{"@type":"BreadcrumbList","@id":"https:\/\/cabellonews.com\/?p=577#breadcrumb","itemListElement":[{"@type":"ListItem","position":1,"name":"Inicio","item":"https:\/\/cabellonews.com\/"},{"@type":"ListItem","position":2,"name":"Olga Sosa Ru\u00edz representa al Gobernador Am\u00e9rico Villarreal Anaya en la inauguraci\u00f3n del &#8220;Abierto Tampico 2023&#8221;"}]},{"@type":"WebSite","@id":"https:\/\/cabellonews.com\/#website","url":"https:\/\/cabellonews.com\/","name":"cabellonews.com","description":"Con Cobertura En Tamaulipas Y norte de Veracruz","potentialAction":[{"@type":"SearchAction","target":{"@type":"EntryPoint","urlTemplate":"https:\/\/cabellonews.com\/?s={search_term_string}"},"query-input":"required name=search_term_string"}],"inLanguage":"en-US"},{"@type":"Person","@id":"https:\/\/cabellonews.com\/#\/schema\/person\/7afe73bafa6cc5a24fd4c67dfd4379d8","name":"cabellonews.com","image":{"@type":"ImageObject","inLanguage":"en-US","@id":"https:\/\/cabellonews.com\/#\/schema\/person\/image\/","url":"https:\/\/secure.gravatar.com\/avatar\/8d6324fc2806389aad4cd38639618406?s=96&d=mm&r=g","contentUrl":"https:\/\/secure.gravatar.com\/avatar\/8d6324fc2806389aad4cd38639618406?s=96&d=mm&r=g","caption":"cabellonews.com"},"sameAs":["http:\/\/cabellonews.com"],"url":"https:\/\/cabellonews.com\/?author=1"}]}},"_links":{"self":[{"href":"https:\/\/cabellonews.com\/index.php?rest_route=\/wp\/v2\/posts\/577"}],"collection":[{"href":"https:\/\/cabellonews.com\/index.php?rest_route=\/wp\/v2\/posts"}],"about":[{"href":"https:\/\/cabellonews.com\/index.php?rest_route=\/wp\/v2\/types\/post"}],"author":[{"embeddable":true,"href":"https:\/\/cabellonews.com\/index.php?rest_route=\/wp\/v2\/users\/1"}],"replies":[{"embeddable":true,"href":"https:\/\/cabellonews.com\/index.php?rest_route=%2Fwp%2Fv2%2Fcomments&post=577"}],"version-history":[{"count":1,"href":"https:\/\/cabellonews.com\/index.php?rest_route=\/wp\/v2\/posts\/577\/revisions"}],"predecessor-version":[{"id":579,"href":"https:\/\/cabellonews.com\/index.php?rest_route=\/wp\/v2\/posts\/577\/revisions\/579"}],"wp:featuredmedia":[{"embeddable":true,"href":"https:\/\/cabellonews.com\/index.php?rest_route=\/wp\/v2\/media\/578"}],"wp:attachment":[{"href":"https:\/\/cabellonews.com\/index.php?rest_route=%2Fwp%2Fv2%2Fmedia&parent=577"}],"wp:term":[{"taxonomy":"category","embeddable":true,"href":"https:\/\/cabellonews.com\/index.php?rest_route=%2Fwp%2Fv2%2Fcategories&post=577"},{"taxonomy":"post_tag","embeddable":true,"href":"https:\/\/cabellonews.com\/index.php?rest_route=%2Fwp%2Fv2%2Ftags&post=577"}],"curies":[{"name":"wp","href":"https:\/\/api.w.org\/{rel}","templated":true}]}}