{"id":561,"date":"2023-10-21T04:34:59","date_gmt":"2023-10-21T04:34:59","guid":{"rendered":"https:\/\/cabellonews.com\/?p=561"},"modified":"2023-10-21T04:34:59","modified_gmt":"2023-10-21T04:34:59","slug":"acompana-ursula-salazar-marcha-de-mujeres-contra-el-cancer-de-mama","status":"publish","type":"post","link":"https:\/\/cabellonews.com\/?p=561","title":{"rendered":"ACOMPA\u00d1A \u00daRSULA SALAZAR MARCHA DE MUJERES CONTRA EL C\u00c1NCER DE MAMA"},"content":{"rendered":"\n<p>Tampico, Tamaulipas.- Con el objetivo de crear un ambiente de conciencia y prevenci\u00f3n entre las mujeres de Tampico, la Presidenta de la Junta de Gobierno en el Congreso de Estado \u00darsula Salazar, asisti\u00f3 este viernes a una caminata organizada por el Instituto de Seguridad y Servicios Sociales de los Trabajadores del Estado.<\/p>\n\n\n\n<p>Fue en punto de las nueve de la ma\u00f1ana cuando la Diputada de Tampico arrib\u00f3 a las instalaciones de la cl\u00ednica familiar del ISSSTE ubicada en Avenida Universidad, para dar inicio a la importante caminata; siendo un muy nutrido contingente que abarrot\u00f3 la arteria vial en el carril de norte a sur, y posteriormente de sur a norte.<\/p>\n\n\n\n<p>\u00darsula Salazar coment\u00f3 sentirse entusiasmada por ser part\u00edcipe de este tipo de eventos, y asegur\u00f3 que desde el congreso del estado, se mantiene un trabajo importante en materia legislativa para coadyuvar en la lucha contra esta terrible enfermedad.<\/p>\n\n\n\n<p>La caminata que pint\u00f3 Avenida Universidad en Tampico, y en la que adem\u00e1s el personal de ISSSTE participaron derechohabientes, j\u00f3venes y ciudadanos preocupados por este mal, es una muestra importante de la valent\u00eda de las mujeres que luchan contra este tipo de c\u00e1ncer, y en ella se destaca la importancia de la concientizaci\u00f3n para realizar diagn\u00f3sticos preventivos que permitan incrementar las probabilidades de \u00e9xito en el combate a esta enfermedad.<\/p>\n\n\n<figure class=\"wp-block-post-featured-image\"><img width=\"240\" height=\"172\" src=\"https:\/\/cabellonews.com\/wp-content\/uploads\/2023\/10\/17ee85a3-b78e-40b9-b521-19135cd693f7-240x172.jpeg\" class=\"attachment-post-thumbnail size-post-thumbnail wp-post-image\" alt=\"\" decoding=\"async\" loading=\"lazy\" \/><\/figure>","protected":false},"excerpt":{"rendered":"<p>Tampico, Tamaulipas.- Con el objetivo de crear un ambiente de conciencia y prevenci\u00f3n entre las mujeres de Tampico, la Presidenta de la Junta de Gobierno en el Congreso de Estado \u00darsula Salazar, asisti\u00f3 este viernes a una caminata organizada por el Instituto de Seguridad y Servicios Sociales de los Trabajadores del Estado. Fue en punto de las nueve de la ma\u00f1ana cuando la Diputada de Tampico arrib\u00f3 a las instalaciones de la cl\u00ednica familiar del ISSSTE ubicada en Avenida Universidad, para dar inicio a la importante caminata; siendo un muy&hellip;<\/p>\n","protected":false},"author":1,"featured_media":562,"comment_status":"open","ping_status":"open","sticky":false,"template":"","format":"standard","meta":[],"categories":[1],"tags":[],"gutentor_comment":0,"yoast_head":"<!-- This site is optimized with the Yoast SEO plugin v20.10 - https:\/\/yoast.com\/wordpress\/plugins\/seo\/ -->\n<title>ACOMPA\u00d1A \u00daRSULA SALAZAR MARCHA DE MUJERES CONTRA EL C\u00c1NCER DE MAMA - cabellonews.com<\/title>\n<meta name=\"robots\" content=\"index, follow, max-snippet:-1, max-image-preview:large, max-video-preview:-1\" \/>\n<link rel=\"canonical\" href=\"https:\/\/cabellonews.com\/?p=561\" \/>\n<meta property=\"og:locale\" content=\"en_US\" \/>\n<meta property=\"og:type\" content=\"article\" \/>\n<meta property=\"og:title\" content=\"ACOMPA\u00d1A \u00daRSULA SALAZAR MARCHA DE MUJERES CONTRA EL C\u00c1NCER DE MAMA - cabellonews.com\" \/>\n<meta property=\"og:description\" content=\"Tampico, Tamaulipas.- Con el objetivo de crear un ambiente de conciencia y prevenci\u00f3n entre las mujeres de Tampico, la Presidenta de la Junta de Gobierno en el Congreso de Estado \u00darsula Salazar, asisti\u00f3 este viernes a una caminata organizada por el Instituto de Seguridad y Servicios Sociales de los Trabajadores del Estado. Fue en punto de las nueve de la ma\u00f1ana cuando la Diputada de Tampico arrib\u00f3 a las instalaciones de la cl\u00ednica familiar del ISSSTE ubicada en Avenida Universidad, para dar inicio a la importante caminata; siendo un muy&hellip;\" \/>\n<meta property=\"og:url\" content=\"https:\/\/cabellonews.com\/?p=561\" \/>\n<meta property=\"og:site_name\" content=\"cabellonews.com\" \/>\n<meta property=\"article:published_time\" content=\"2023-10-21T04:34:59+00:00\" \/>\n<meta property=\"og:image\" content=\"http:\/\/cabellonews.com\/wp-content\/uploads\/2023\/10\/17ee85a3-b78e-40b9-b521-19135cd693f7-scaled.jpeg\" \/>\n\t<meta property=\"og:image:width\" content=\"2560\" \/>\n\t<meta property=\"og:image:height\" content=\"1121\" \/>\n\t<meta property=\"og:image:type\" content=\"image\/jpeg\" \/>\n<meta name=\"author\" content=\"cabellonews.com\" \/>\n<meta name=\"twitter:card\" content=\"summary_large_image\" \/>\n<meta name=\"twitter:label1\" content=\"Written by\" \/>\n\t<meta name=\"twitter:data1\" content=\"cabellonews.com\" \/>\n\t<meta name=\"twitter:label2\" content=\"Est. reading time\" \/>\n\t<meta name=\"twitter:data2\" content=\"1 minute\" \/>\n<script type=\"application\/ld+json\" class=\"yoast-schema-graph\">{\"@context\":\"https:\/\/schema.org\",\"@graph\":[{\"@type\":\"WebPage\",\"@id\":\"https:\/\/cabellonews.com\/?p=561\",\"url\":\"https:\/\/cabellonews.com\/?p=561\",\"name\":\"ACOMPA\u00d1A \u00daRSULA SALAZAR MARCHA DE MUJERES CONTRA EL C\u00c1NCER DE MAMA - cabellonews.com\",\"isPartOf\":{\"@id\":\"https:\/\/cabellonews.com\/#website\"},\"datePublished\":\"2023-10-21T04:34:59+00:00\",\"dateModified\":\"2023-10-21T04:34:59+00:00\",\"author\":{\"@id\":\"https:\/\/cabellonews.com\/#\/schema\/person\/7afe73bafa6cc5a24fd4c67dfd4379d8\"},\"breadcrumb\":{\"@id\":\"https:\/\/cabellonews.com\/?p=561#breadcrumb\"},\"inLanguage\":\"en-US\",\"potentialAction\":[{\"@type\":\"ReadAction\",\"target\":[\"https:\/\/cabellonews.com\/?p=561\"]}]},{\"@type\":\"BreadcrumbList\",\"@id\":\"https:\/\/cabellonews.com\/?p=561#breadcrumb\",\"itemListElement\":[{\"@type\":\"ListItem\",\"position\":1,\"name\":\"Inicio\",\"item\":\"https:\/\/cabellonews.com\/\"},{\"@type\":\"ListItem\",\"position\":2,\"name\":\"ACOMPA\u00d1A \u00daRSULA SALAZAR MARCHA DE MUJERES CONTRA EL C\u00c1NCER DE MAMA\"}]},{\"@type\":\"WebSite\",\"@id\":\"https:\/\/cabellonews.com\/#website\",\"url\":\"https:\/\/cabellonews.com\/\",\"name\":\"cabellonews.com\",\"description\":\"Con Cobertura En Tamaulipas Y norte de Veracruz\",\"potentialAction\":[{\"@type\":\"SearchAction\",\"target\":{\"@type\":\"EntryPoint\",\"urlTemplate\":\"https:\/\/cabellonews.com\/?s={search_term_string}\"},\"query-input\":\"required name=search_term_string\"}],\"inLanguage\":\"en-US\"},{\"@type\":\"Person\",\"@id\":\"https:\/\/cabellonews.com\/#\/schema\/person\/7afe73bafa6cc5a24fd4c67dfd4379d8\",\"name\":\"cabellonews.com\",\"image\":{\"@type\":\"ImageObject\",\"inLanguage\":\"en-US\",\"@id\":\"https:\/\/cabellonews.com\/#\/schema\/person\/image\/\",\"url\":\"https:\/\/secure.gravatar.com\/avatar\/8d6324fc2806389aad4cd38639618406?s=96&d=mm&r=g\",\"contentUrl\":\"https:\/\/secure.gravatar.com\/avatar\/8d6324fc2806389aad4cd38639618406?s=96&d=mm&r=g\",\"caption\":\"cabellonews.com\"},\"sameAs\":[\"http:\/\/cabellonews.com\"],\"url\":\"https:\/\/cabellonews.com\/?author=1\"}]}<\/script>\n<!-- \/ Yoast SEO plugin. -->","yoast_head_json":{"title":"ACOMPA\u00d1A \u00daRSULA SALAZAR MARCHA DE MUJERES CONTRA EL C\u00c1NCER DE MAMA - cabellonews.com","robots":{"index":"index","follow":"follow","max-snippet":"max-snippet:-1","max-image-preview":"max-image-preview:large","max-video-preview":"max-video-preview:-1"},"canonical":"https:\/\/cabellonews.com\/?p=561","og_locale":"en_US","og_type":"article","og_title":"ACOMPA\u00d1A \u00daRSULA SALAZAR MARCHA DE MUJERES CONTRA EL C\u00c1NCER DE MAMA - cabellonews.com","og_description":"Tampico, Tamaulipas.- Con el objetivo de crear un ambiente de conciencia y prevenci\u00f3n entre las mujeres de Tampico, la Presidenta de la Junta de Gobierno en el Congreso de Estado \u00darsula Salazar, asisti\u00f3 este viernes a una caminata organizada por el Instituto de Seguridad y Servicios Sociales de los Trabajadores del Estado. Fue en punto de las nueve de la ma\u00f1ana cuando la Diputada de Tampico arrib\u00f3 a las instalaciones de la cl\u00ednica familiar del ISSSTE ubicada en Avenida Universidad, para dar inicio a la importante caminata; siendo un muy&hellip;","og_url":"https:\/\/cabellonews.com\/?p=561","og_site_name":"cabellonews.com","article_published_time":"2023-10-21T04:34:59+00:00","og_image":[{"width":2560,"height":1121,"url":"http:\/\/cabellonews.com\/wp-content\/uploads\/2023\/10\/17ee85a3-b78e-40b9-b521-19135cd693f7-scaled.jpeg","type":"image\/jpeg"}],"author":"cabellonews.com","twitter_card":"summary_large_image","twitter_misc":{"Written by":"cabellonews.com","Est. reading time":"1 minute"},"schema":{"@context":"https:\/\/schema.org","@graph":[{"@type":"WebPage","@id":"https:\/\/cabellonews.com\/?p=561","url":"https:\/\/cabellonews.com\/?p=561","name":"ACOMPA\u00d1A \u00daRSULA SALAZAR MARCHA DE MUJERES CONTRA EL C\u00c1NCER DE MAMA - cabellonews.com","isPartOf":{"@id":"https:\/\/cabellonews.com\/#website"},"datePublished":"2023-10-21T04:34:59+00:00","dateModified":"2023-10-21T04:34:59+00:00","author":{"@id":"https:\/\/cabellonews.com\/#\/schema\/person\/7afe73bafa6cc5a24fd4c67dfd4379d8"},"breadcrumb":{"@id":"https:\/\/cabellonews.com\/?p=561#breadcrumb"},"inLanguage":"en-US","potentialAction":[{"@type":"ReadAction","target":["https:\/\/cabellonews.com\/?p=561"]}]},{"@type":"BreadcrumbList","@id":"https:\/\/cabellonews.com\/?p=561#breadcrumb","itemListElement":[{"@type":"ListItem","position":1,"name":"Inicio","item":"https:\/\/cabellonews.com\/"},{"@type":"ListItem","position":2,"name":"ACOMPA\u00d1A \u00daRSULA SALAZAR MARCHA DE MUJERES CONTRA EL C\u00c1NCER DE MAMA"}]},{"@type":"WebSite","@id":"https:\/\/cabellonews.com\/#website","url":"https:\/\/cabellonews.com\/","name":"cabellonews.com","description":"Con Cobertura En Tamaulipas Y norte de Veracruz","potentialAction":[{"@type":"SearchAction","target":{"@type":"EntryPoint","urlTemplate":"https:\/\/cabellonews.com\/?s={search_term_string}"},"query-input":"required name=search_term_string"}],"inLanguage":"en-US"},{"@type":"Person","@id":"https:\/\/cabellonews.com\/#\/schema\/person\/7afe73bafa6cc5a24fd4c67dfd4379d8","name":"cabellonews.com","image":{"@type":"ImageObject","inLanguage":"en-US","@id":"https:\/\/cabellonews.com\/#\/schema\/person\/image\/","url":"https:\/\/secure.gravatar.com\/avatar\/8d6324fc2806389aad4cd38639618406?s=96&d=mm&r=g","contentUrl":"https:\/\/secure.gravatar.com\/avatar\/8d6324fc2806389aad4cd38639618406?s=96&d=mm&r=g","caption":"cabellonews.com"},"sameAs":["http:\/\/cabellonews.com"],"url":"https:\/\/cabellonews.com\/?author=1"}]}},"_links":{"self":[{"href":"https:\/\/cabellonews.com\/index.php?rest_route=\/wp\/v2\/posts\/561"}],"collection":[{"href":"https:\/\/cabellonews.com\/index.php?rest_route=\/wp\/v2\/posts"}],"about":[{"href":"https:\/\/cabellonews.com\/index.php?rest_route=\/wp\/v2\/types\/post"}],"author":[{"embeddable":true,"href":"https:\/\/cabellonews.com\/index.php?rest_route=\/wp\/v2\/users\/1"}],"replies":[{"embeddable":true,"href":"https:\/\/cabellonews.com\/index.php?rest_route=%2Fwp%2Fv2%2Fcomments&post=561"}],"version-history":[{"count":1,"href":"https:\/\/cabellonews.com\/index.php?rest_route=\/wp\/v2\/posts\/561\/revisions"}],"predecessor-version":[{"id":563,"href":"https:\/\/cabellonews.com\/index.php?rest_route=\/wp\/v2\/posts\/561\/revisions\/563"}],"wp:featuredmedia":[{"embeddable":true,"href":"https:\/\/cabellonews.com\/index.php?rest_route=\/wp\/v2\/media\/562"}],"wp:attachment":[{"href":"https:\/\/cabellonews.com\/index.php?rest_route=%2Fwp%2Fv2%2Fmedia&parent=561"}],"wp:term":[{"taxonomy":"category","embeddable":true,"href":"https:\/\/cabellonews.com\/index.php?rest_route=%2Fwp%2Fv2%2Fcategories&post=561"},{"taxonomy":"post_tag","embeddable":true,"href":"https:\/\/cabellonews.com\/index.php?rest_route=%2Fwp%2Fv2%2Ftags&post=561"}],"curies":[{"name":"wp","href":"https:\/\/api.w.org\/{rel}","templated":true}]}}