{"id":558,"date":"2023-10-15T21:05:56","date_gmt":"2023-10-15T21:05:56","guid":{"rendered":"https:\/\/cabellonews.com\/?p=558"},"modified":"2023-10-15T21:05:56","modified_gmt":"2023-10-15T21:05:56","slug":"carpinteros-y-artesanos-del-cedes-victoria-expondran-sus-creaciones-en-la-feria-tamaulipas-2023","status":"publish","type":"post","link":"https:\/\/cabellonews.com\/?p=558","title":{"rendered":"Carpinteros y artesanos del CEDES Victoria expondr\u00e1n sus creaciones en la Feria Tamaulipas 2023"},"content":{"rendered":"\n<p>Octubre 15 de 2023<\/p>\n\n\n\n<p>Ciudad Victoria, Tamaulipas.- Del 19 al 30 de octubre, artesan\u00edas, muebles y dem\u00e1s creaciones elaboradas por personas privadas de la libertad (PPLs) del Centro de Ejecuci\u00f3n de Sanciones (CEDES) de Ciudad Victoria, formar\u00e1n parte de la Feria Tamaulipas 2023, en donde el p\u00fablico en general podr\u00e1 conocer y adquirir las diferentes piezas creadas en los talleres.<\/p>\n\n\n\n<p>De acuerdo a la encargada del \u00e1rea de Promoci\u00f3n y Desarrollo Social, Brenda Ivette Torres Castillo, al interior del CEDES Victoria existen 80 talleres en donde laboran artesanos y carpinteros del \u00e1rea varonil.<\/p>\n\n\n\n<p>En ellos se lleva a cabo el proceso desde que arriba el tronco de la madera, siendo las principales materias primas el mezquite y el \u00e9bano; sin embargo, en otros centros que cuentan con esta actividad laboral como Matamoros y Altamira, se emplea el pino y el cedro, respectivamente.<\/p>\n\n\n\n<p>La cantidad y lapso de producci\u00f3n depende de la pieza a elaborar y el personal dedicado al proceso, en este sentido, coment\u00f3 que los PPLs aprenden a desempe\u00f1arse en m\u00e1s de una funci\u00f3n, desde el corte, lijado, barnizado, acabados, etc\u00e9tera; lo cual les permite dominar diferentes tareas y fomentar el compa\u00f1erismo.<\/p>\n\n\n\n<p>A trav\u00e9s del \u00e1rea laboral, los diferentes art\u00edculos son promovidos en exposiciones, entre la industria privada y en la tienda CEDES ubicada al exterior del centro en Victoria.<\/p>\n\n\n\n<p>El objetivo es que los PPLs contin\u00faen capacit\u00e1ndose para el empleo y generen ingresos para ellos y sus familias, teniendo como base la estrategia de reinserci\u00f3n social del Gobierno del Estado a trav\u00e9s de la Secretar\u00eda de Seguridad P\u00fablica de Tamaulipas (SSPT).<\/p>\n\n\n<figure class=\"wp-block-post-featured-image\"><img width=\"240\" height=\"172\" src=\"https:\/\/cabellonews.com\/wp-content\/uploads\/2023\/10\/6e330e9e-88e3-408f-9002-e537cb1aa1a2-240x172.jpeg\" class=\"attachment-post-thumbnail size-post-thumbnail wp-post-image\" alt=\"\" decoding=\"async\" loading=\"lazy\" \/><\/figure>\n\n\n<pre class=\"wp-block-code\"><code>   *      *   *<\/code><\/pre>\n","protected":false},"excerpt":{"rendered":"<p>Octubre 15 de 2023 Ciudad Victoria, Tamaulipas.- Del 19 al 30 de octubre, artesan\u00edas, muebles y dem\u00e1s creaciones elaboradas por personas privadas de la libertad (PPLs) del Centro de Ejecuci\u00f3n de Sanciones (CEDES) de Ciudad Victoria, formar\u00e1n parte de la Feria Tamaulipas 2023, en donde el p\u00fablico en general podr\u00e1 conocer y adquirir las diferentes piezas creadas en los talleres. De acuerdo a la encargada del \u00e1rea de Promoci\u00f3n y Desarrollo Social, Brenda Ivette Torres Castillo, al interior del CEDES Victoria existen 80 talleres en donde laboran artesanos y carpinteros&hellip;<\/p>\n","protected":false},"author":1,"featured_media":559,"comment_status":"open","ping_status":"open","sticky":false,"template":"","format":"standard","meta":[],"categories":[1],"tags":[],"gutentor_comment":0,"yoast_head":"<!-- This site is optimized with the Yoast SEO plugin v20.10 - https:\/\/yoast.com\/wordpress\/plugins\/seo\/ -->\n<title>Carpinteros y artesanos del CEDES Victoria expondr\u00e1n sus creaciones en la Feria Tamaulipas 2023 - cabellonews.com<\/title>\n<meta name=\"robots\" content=\"index, follow, max-snippet:-1, max-image-preview:large, max-video-preview:-1\" \/>\n<link rel=\"canonical\" href=\"https:\/\/cabellonews.com\/?p=558\" \/>\n<meta property=\"og:locale\" content=\"en_US\" \/>\n<meta property=\"og:type\" content=\"article\" \/>\n<meta property=\"og:title\" content=\"Carpinteros y artesanos del CEDES Victoria expondr\u00e1n sus creaciones en la Feria Tamaulipas 2023 - cabellonews.com\" \/>\n<meta property=\"og:description\" content=\"Octubre 15 de 2023 Ciudad Victoria, Tamaulipas.- Del 19 al 30 de octubre, artesan\u00edas, muebles y dem\u00e1s creaciones elaboradas por personas privadas de la libertad (PPLs) del Centro de Ejecuci\u00f3n de Sanciones (CEDES) de Ciudad Victoria, formar\u00e1n parte de la Feria Tamaulipas 2023, en donde el p\u00fablico en general podr\u00e1 conocer y adquirir las diferentes piezas creadas en los talleres. De acuerdo a la encargada del \u00e1rea de Promoci\u00f3n y Desarrollo Social, Brenda Ivette Torres Castillo, al interior del CEDES Victoria existen 80 talleres en donde laboran artesanos y carpinteros&hellip;\" \/>\n<meta property=\"og:url\" content=\"https:\/\/cabellonews.com\/?p=558\" \/>\n<meta property=\"og:site_name\" content=\"cabellonews.com\" \/>\n<meta property=\"article:published_time\" content=\"2023-10-15T21:05:56+00:00\" \/>\n<meta property=\"og:image\" content=\"http:\/\/cabellonews.com\/wp-content\/uploads\/2023\/10\/6e330e9e-88e3-408f-9002-e537cb1aa1a2.jpeg\" \/>\n\t<meta property=\"og:image:width\" content=\"1600\" \/>\n\t<meta property=\"og:image:height\" content=\"1066\" \/>\n\t<meta property=\"og:image:type\" content=\"image\/jpeg\" \/>\n<meta name=\"author\" content=\"cabellonews.com\" \/>\n<meta name=\"twitter:card\" content=\"summary_large_image\" \/>\n<meta name=\"twitter:label1\" content=\"Written by\" \/>\n\t<meta name=\"twitter:data1\" content=\"cabellonews.com\" \/>\n\t<meta name=\"twitter:label2\" content=\"Est. reading time\" \/>\n\t<meta name=\"twitter:data2\" content=\"2 minutes\" \/>\n<script type=\"application\/ld+json\" class=\"yoast-schema-graph\">{\"@context\":\"https:\/\/schema.org\",\"@graph\":[{\"@type\":\"WebPage\",\"@id\":\"https:\/\/cabellonews.com\/?p=558\",\"url\":\"https:\/\/cabellonews.com\/?p=558\",\"name\":\"Carpinteros y artesanos del CEDES Victoria expondr\u00e1n sus creaciones en la Feria Tamaulipas 2023 - cabellonews.com\",\"isPartOf\":{\"@id\":\"https:\/\/cabellonews.com\/#website\"},\"datePublished\":\"2023-10-15T21:05:56+00:00\",\"dateModified\":\"2023-10-15T21:05:56+00:00\",\"author\":{\"@id\":\"https:\/\/cabellonews.com\/#\/schema\/person\/7afe73bafa6cc5a24fd4c67dfd4379d8\"},\"breadcrumb\":{\"@id\":\"https:\/\/cabellonews.com\/?p=558#breadcrumb\"},\"inLanguage\":\"en-US\",\"potentialAction\":[{\"@type\":\"ReadAction\",\"target\":[\"https:\/\/cabellonews.com\/?p=558\"]}]},{\"@type\":\"BreadcrumbList\",\"@id\":\"https:\/\/cabellonews.com\/?p=558#breadcrumb\",\"itemListElement\":[{\"@type\":\"ListItem\",\"position\":1,\"name\":\"Inicio\",\"item\":\"https:\/\/cabellonews.com\/\"},{\"@type\":\"ListItem\",\"position\":2,\"name\":\"Carpinteros y artesanos del CEDES Victoria expondr\u00e1n sus creaciones en la Feria Tamaulipas 2023\"}]},{\"@type\":\"WebSite\",\"@id\":\"https:\/\/cabellonews.com\/#website\",\"url\":\"https:\/\/cabellonews.com\/\",\"name\":\"cabellonews.com\",\"description\":\"Con Cobertura En Tamaulipas Y norte de Veracruz\",\"potentialAction\":[{\"@type\":\"SearchAction\",\"target\":{\"@type\":\"EntryPoint\",\"urlTemplate\":\"https:\/\/cabellonews.com\/?s={search_term_string}\"},\"query-input\":\"required name=search_term_string\"}],\"inLanguage\":\"en-US\"},{\"@type\":\"Person\",\"@id\":\"https:\/\/cabellonews.com\/#\/schema\/person\/7afe73bafa6cc5a24fd4c67dfd4379d8\",\"name\":\"cabellonews.com\",\"image\":{\"@type\":\"ImageObject\",\"inLanguage\":\"en-US\",\"@id\":\"https:\/\/cabellonews.com\/#\/schema\/person\/image\/\",\"url\":\"https:\/\/secure.gravatar.com\/avatar\/8d6324fc2806389aad4cd38639618406?s=96&d=mm&r=g\",\"contentUrl\":\"https:\/\/secure.gravatar.com\/avatar\/8d6324fc2806389aad4cd38639618406?s=96&d=mm&r=g\",\"caption\":\"cabellonews.com\"},\"sameAs\":[\"http:\/\/cabellonews.com\"],\"url\":\"https:\/\/cabellonews.com\/?author=1\"}]}<\/script>\n<!-- \/ Yoast SEO plugin. -->","yoast_head_json":{"title":"Carpinteros y artesanos del CEDES Victoria expondr\u00e1n sus creaciones en la Feria Tamaulipas 2023 - cabellonews.com","robots":{"index":"index","follow":"follow","max-snippet":"max-snippet:-1","max-image-preview":"max-image-preview:large","max-video-preview":"max-video-preview:-1"},"canonical":"https:\/\/cabellonews.com\/?p=558","og_locale":"en_US","og_type":"article","og_title":"Carpinteros y artesanos del CEDES Victoria expondr\u00e1n sus creaciones en la Feria Tamaulipas 2023 - cabellonews.com","og_description":"Octubre 15 de 2023 Ciudad Victoria, Tamaulipas.- Del 19 al 30 de octubre, artesan\u00edas, muebles y dem\u00e1s creaciones elaboradas por personas privadas de la libertad (PPLs) del Centro de Ejecuci\u00f3n de Sanciones (CEDES) de Ciudad Victoria, formar\u00e1n parte de la Feria Tamaulipas 2023, en donde el p\u00fablico en general podr\u00e1 conocer y adquirir las diferentes piezas creadas en los talleres. De acuerdo a la encargada del \u00e1rea de Promoci\u00f3n y Desarrollo Social, Brenda Ivette Torres Castillo, al interior del CEDES Victoria existen 80 talleres en donde laboran artesanos y carpinteros&hellip;","og_url":"https:\/\/cabellonews.com\/?p=558","og_site_name":"cabellonews.com","article_published_time":"2023-10-15T21:05:56+00:00","og_image":[{"width":1600,"height":1066,"url":"http:\/\/cabellonews.com\/wp-content\/uploads\/2023\/10\/6e330e9e-88e3-408f-9002-e537cb1aa1a2.jpeg","type":"image\/jpeg"}],"author":"cabellonews.com","twitter_card":"summary_large_image","twitter_misc":{"Written by":"cabellonews.com","Est. reading time":"2 minutes"},"schema":{"@context":"https:\/\/schema.org","@graph":[{"@type":"WebPage","@id":"https:\/\/cabellonews.com\/?p=558","url":"https:\/\/cabellonews.com\/?p=558","name":"Carpinteros y artesanos del CEDES Victoria expondr\u00e1n sus creaciones en la Feria Tamaulipas 2023 - cabellonews.com","isPartOf":{"@id":"https:\/\/cabellonews.com\/#website"},"datePublished":"2023-10-15T21:05:56+00:00","dateModified":"2023-10-15T21:05:56+00:00","author":{"@id":"https:\/\/cabellonews.com\/#\/schema\/person\/7afe73bafa6cc5a24fd4c67dfd4379d8"},"breadcrumb":{"@id":"https:\/\/cabellonews.com\/?p=558#breadcrumb"},"inLanguage":"en-US","potentialAction":[{"@type":"ReadAction","target":["https:\/\/cabellonews.com\/?p=558"]}]},{"@type":"BreadcrumbList","@id":"https:\/\/cabellonews.com\/?p=558#breadcrumb","itemListElement":[{"@type":"ListItem","position":1,"name":"Inicio","item":"https:\/\/cabellonews.com\/"},{"@type":"ListItem","position":2,"name":"Carpinteros y artesanos del CEDES Victoria expondr\u00e1n sus creaciones en la Feria Tamaulipas 2023"}]},{"@type":"WebSite","@id":"https:\/\/cabellonews.com\/#website","url":"https:\/\/cabellonews.com\/","name":"cabellonews.com","description":"Con Cobertura En Tamaulipas Y norte de Veracruz","potentialAction":[{"@type":"SearchAction","target":{"@type":"EntryPoint","urlTemplate":"https:\/\/cabellonews.com\/?s={search_term_string}"},"query-input":"required name=search_term_string"}],"inLanguage":"en-US"},{"@type":"Person","@id":"https:\/\/cabellonews.com\/#\/schema\/person\/7afe73bafa6cc5a24fd4c67dfd4379d8","name":"cabellonews.com","image":{"@type":"ImageObject","inLanguage":"en-US","@id":"https:\/\/cabellonews.com\/#\/schema\/person\/image\/","url":"https:\/\/secure.gravatar.com\/avatar\/8d6324fc2806389aad4cd38639618406?s=96&d=mm&r=g","contentUrl":"https:\/\/secure.gravatar.com\/avatar\/8d6324fc2806389aad4cd38639618406?s=96&d=mm&r=g","caption":"cabellonews.com"},"sameAs":["http:\/\/cabellonews.com"],"url":"https:\/\/cabellonews.com\/?author=1"}]}},"_links":{"self":[{"href":"https:\/\/cabellonews.com\/index.php?rest_route=\/wp\/v2\/posts\/558"}],"collection":[{"href":"https:\/\/cabellonews.com\/index.php?rest_route=\/wp\/v2\/posts"}],"about":[{"href":"https:\/\/cabellonews.com\/index.php?rest_route=\/wp\/v2\/types\/post"}],"author":[{"embeddable":true,"href":"https:\/\/cabellonews.com\/index.php?rest_route=\/wp\/v2\/users\/1"}],"replies":[{"embeddable":true,"href":"https:\/\/cabellonews.com\/index.php?rest_route=%2Fwp%2Fv2%2Fcomments&post=558"}],"version-history":[{"count":1,"href":"https:\/\/cabellonews.com\/index.php?rest_route=\/wp\/v2\/posts\/558\/revisions"}],"predecessor-version":[{"id":560,"href":"https:\/\/cabellonews.com\/index.php?rest_route=\/wp\/v2\/posts\/558\/revisions\/560"}],"wp:featuredmedia":[{"embeddable":true,"href":"https:\/\/cabellonews.com\/index.php?rest_route=\/wp\/v2\/media\/559"}],"wp:attachment":[{"href":"https:\/\/cabellonews.com\/index.php?rest_route=%2Fwp%2Fv2%2Fmedia&parent=558"}],"wp:term":[{"taxonomy":"category","embeddable":true,"href":"https:\/\/cabellonews.com\/index.php?rest_route=%2Fwp%2Fv2%2Fcategories&post=558"},{"taxonomy":"post_tag","embeddable":true,"href":"https:\/\/cabellonews.com\/index.php?rest_route=%2Fwp%2Fv2%2Ftags&post=558"}],"curies":[{"name":"wp","href":"https:\/\/api.w.org\/{rel}","templated":true}]}}