{"id":554,"date":"2023-10-11T15:10:17","date_gmt":"2023-10-11T15:10:17","guid":{"rendered":"https:\/\/cabellonews.com\/?p=554"},"modified":"2023-10-13T16:00:55","modified_gmt":"2023-10-13T16:00:55","slug":"invitan-a-observar-el-eclipse-solar-desde-el-planetario-del-museo-tamux","status":"publish","type":"post","link":"https:\/\/cabellonews.com\/?p=554","title":{"rendered":"Invitan a observar el eclipse solar desde el planetario del Museo Tamux"},"content":{"rendered":"\n<p>-La Comisi\u00f3n de Parques y Biodiversidad de Tamaulipas (CPBT) te espera este s\u00e1bado 14 de octubre a conocer m\u00e1s del eclipse solar<\/p>\n\n\n\n<p>Octubre 11 de 2023<\/p>\n\n\n\n<p>Ciudad Victoria, Tamaulipas. -El Museo de Historia Natural de Tamaulipas (Tamux) invita a las y los tamaulipecos a que el pr\u00f3ximo s\u00e1bado vivan una Jornada Astron\u00f3mica especial admirando en el planetario \u201cDr. Ramiro Iglesias Leal\u201d, en tiempo real el eclipse anular de sol sin costo alguno, adem\u00e1s de talleres, charlas interactivas y mucho m\u00e1s.<\/p>\n\n\n\n<p>Eduardo Rocha Orozco, vocal ejecutivo de la Comisi\u00f3n de Parques y Biodiversidad de Tamaulipas (CPBT), inform\u00f3 que la jornada inicia desde las 9:30 de la ma\u00f1ana y concluye pasadas las 5 de la tarde, donde los asistentes podr\u00e1n disfrutar desde charlas interactivas, talleres, entre otras actividades.<\/p>\n\n\n\n<p>\u201cTenemos preparadas muchas actividades y eventos para todos, queremos que vengan a visitar el Tamux y el planetario para que conozcan los cambios, que poco a poco el Gobierno de la Transformaci\u00f3n del gobernador Am\u00e9rico Villarreal Anaya est\u00e1 realizando\u201d, refiri\u00f3.<\/p>\n\n\n\n<p>En esta ocasi\u00f3n, podr\u00e1n acceder y contemplar de manera gratuita en tiempo real, el eclipse solar anular en el planetario \u201cDr. Ramiro Iglesias Leal\u201d.<\/p>\n\n\n\n<p>Tambi\u00e9n habr\u00e1 charlas interactivas y talleres para conocer m\u00e1s sobre este fen\u00f3meno astron\u00f3mico en diversos horarios 10:20, 11:30, 14:00 y 15:00 horas, es un evento para toda la familia.<\/p>\n\n\n\n<p>Finalmente, destac\u00f3 la necesidad de fortalecer el conocimiento, participando y colaborando en las diversas actividades que realiza la Comisi\u00f3n de Parques y Biodiversidad de Tamaulipas en sus distintos espacios.<\/p>\n\n\n<figure class=\"wp-block-post-featured-image\"><img width=\"240\" height=\"172\" src=\"https:\/\/cabellonews.com\/wp-content\/uploads\/2023\/10\/8468c268-bd9b-4ee9-889d-e80d4a94f7af-240x172.jpeg\" class=\"attachment-post-thumbnail size-post-thumbnail wp-post-image\" alt=\"\" decoding=\"async\" loading=\"lazy\" \/><\/figure>\n\n\n<pre class=\"wp-block-code\"><code>       *     *   *<\/code><\/pre>\n","protected":false},"excerpt":{"rendered":"<p>-La Comisi\u00f3n de Parques y Biodiversidad de Tamaulipas (CPBT) te espera este s\u00e1bado 14 de octubre a conocer m\u00e1s del eclipse solar Octubre 11 de 2023 Ciudad Victoria, Tamaulipas. -El Museo de Historia Natural de Tamaulipas (Tamux) invita a las y los tamaulipecos a que el pr\u00f3ximo s\u00e1bado vivan una Jornada Astron\u00f3mica especial admirando en el planetario \u201cDr. Ramiro Iglesias Leal\u201d, en tiempo real el eclipse anular de sol sin costo alguno, adem\u00e1s de talleres, charlas interactivas y mucho m\u00e1s. Eduardo Rocha Orozco, vocal ejecutivo de la Comisi\u00f3n de Parques&hellip;<\/p>\n","protected":false},"author":1,"featured_media":555,"comment_status":"open","ping_status":"open","sticky":false,"template":"","format":"standard","meta":[],"categories":[1],"tags":[],"gutentor_comment":0,"yoast_head":"<!-- This site is optimized with the Yoast SEO plugin v20.10 - https:\/\/yoast.com\/wordpress\/plugins\/seo\/ -->\n<title>Invitan a observar el eclipse solar desde el planetario del Museo Tamux - cabellonews.com<\/title>\n<meta name=\"robots\" content=\"index, follow, max-snippet:-1, max-image-preview:large, max-video-preview:-1\" \/>\n<link rel=\"canonical\" href=\"https:\/\/cabellonews.com\/?p=554\" \/>\n<meta property=\"og:locale\" content=\"en_US\" \/>\n<meta property=\"og:type\" content=\"article\" \/>\n<meta property=\"og:title\" content=\"Invitan a observar el eclipse solar desde el planetario del Museo Tamux - cabellonews.com\" \/>\n<meta property=\"og:description\" content=\"-La Comisi\u00f3n de Parques y Biodiversidad de Tamaulipas (CPBT) te espera este s\u00e1bado 14 de octubre a conocer m\u00e1s del eclipse solar Octubre 11 de 2023 Ciudad Victoria, Tamaulipas. -El Museo de Historia Natural de Tamaulipas (Tamux) invita a las y los tamaulipecos a que el pr\u00f3ximo s\u00e1bado vivan una Jornada Astron\u00f3mica especial admirando en el planetario \u201cDr. Ramiro Iglesias Leal\u201d, en tiempo real el eclipse anular de sol sin costo alguno, adem\u00e1s de talleres, charlas interactivas y mucho m\u00e1s. Eduardo Rocha Orozco, vocal ejecutivo de la Comisi\u00f3n de Parques&hellip;\" \/>\n<meta property=\"og:url\" content=\"https:\/\/cabellonews.com\/?p=554\" \/>\n<meta property=\"og:site_name\" content=\"cabellonews.com\" \/>\n<meta property=\"article:published_time\" content=\"2023-10-11T15:10:17+00:00\" \/>\n<meta property=\"article:modified_time\" content=\"2023-10-13T16:00:55+00:00\" \/>\n<meta property=\"og:image\" content=\"http:\/\/cabellonews.com\/wp-content\/uploads\/2023\/10\/8468c268-bd9b-4ee9-889d-e80d4a94f7af.jpeg\" \/>\n\t<meta property=\"og:image:width\" content=\"1286\" \/>\n\t<meta property=\"og:image:height\" content=\"965\" \/>\n\t<meta property=\"og:image:type\" content=\"image\/jpeg\" \/>\n<meta name=\"author\" content=\"cabellonews.com\" \/>\n<meta name=\"twitter:card\" content=\"summary_large_image\" \/>\n<meta name=\"twitter:label1\" content=\"Written by\" \/>\n\t<meta name=\"twitter:data1\" content=\"cabellonews.com\" \/>\n<script type=\"application\/ld+json\" class=\"yoast-schema-graph\">{\"@context\":\"https:\/\/schema.org\",\"@graph\":[{\"@type\":\"WebPage\",\"@id\":\"https:\/\/cabellonews.com\/?p=554\",\"url\":\"https:\/\/cabellonews.com\/?p=554\",\"name\":\"Invitan a observar el eclipse solar desde el planetario del Museo Tamux - cabellonews.com\",\"isPartOf\":{\"@id\":\"https:\/\/cabellonews.com\/#website\"},\"datePublished\":\"2023-10-11T15:10:17+00:00\",\"dateModified\":\"2023-10-13T16:00:55+00:00\",\"author\":{\"@id\":\"https:\/\/cabellonews.com\/#\/schema\/person\/7afe73bafa6cc5a24fd4c67dfd4379d8\"},\"breadcrumb\":{\"@id\":\"https:\/\/cabellonews.com\/?p=554#breadcrumb\"},\"inLanguage\":\"en-US\",\"potentialAction\":[{\"@type\":\"ReadAction\",\"target\":[\"https:\/\/cabellonews.com\/?p=554\"]}]},{\"@type\":\"BreadcrumbList\",\"@id\":\"https:\/\/cabellonews.com\/?p=554#breadcrumb\",\"itemListElement\":[{\"@type\":\"ListItem\",\"position\":1,\"name\":\"Inicio\",\"item\":\"https:\/\/cabellonews.com\/\"},{\"@type\":\"ListItem\",\"position\":2,\"name\":\"Invitan a observar el eclipse solar desde el planetario del Museo Tamux\"}]},{\"@type\":\"WebSite\",\"@id\":\"https:\/\/cabellonews.com\/#website\",\"url\":\"https:\/\/cabellonews.com\/\",\"name\":\"cabellonews.com\",\"description\":\"Con Cobertura En Tamaulipas Y norte de Veracruz\",\"potentialAction\":[{\"@type\":\"SearchAction\",\"target\":{\"@type\":\"EntryPoint\",\"urlTemplate\":\"https:\/\/cabellonews.com\/?s={search_term_string}\"},\"query-input\":\"required name=search_term_string\"}],\"inLanguage\":\"en-US\"},{\"@type\":\"Person\",\"@id\":\"https:\/\/cabellonews.com\/#\/schema\/person\/7afe73bafa6cc5a24fd4c67dfd4379d8\",\"name\":\"cabellonews.com\",\"image\":{\"@type\":\"ImageObject\",\"inLanguage\":\"en-US\",\"@id\":\"https:\/\/cabellonews.com\/#\/schema\/person\/image\/\",\"url\":\"https:\/\/secure.gravatar.com\/avatar\/8d6324fc2806389aad4cd38639618406?s=96&d=mm&r=g\",\"contentUrl\":\"https:\/\/secure.gravatar.com\/avatar\/8d6324fc2806389aad4cd38639618406?s=96&d=mm&r=g\",\"caption\":\"cabellonews.com\"},\"sameAs\":[\"http:\/\/cabellonews.com\"],\"url\":\"https:\/\/cabellonews.com\/?author=1\"}]}<\/script>\n<!-- \/ Yoast SEO plugin. -->","yoast_head_json":{"title":"Invitan a observar el eclipse solar desde el planetario del Museo Tamux - cabellonews.com","robots":{"index":"index","follow":"follow","max-snippet":"max-snippet:-1","max-image-preview":"max-image-preview:large","max-video-preview":"max-video-preview:-1"},"canonical":"https:\/\/cabellonews.com\/?p=554","og_locale":"en_US","og_type":"article","og_title":"Invitan a observar el eclipse solar desde el planetario del Museo Tamux - cabellonews.com","og_description":"-La Comisi\u00f3n de Parques y Biodiversidad de Tamaulipas (CPBT) te espera este s\u00e1bado 14 de octubre a conocer m\u00e1s del eclipse solar Octubre 11 de 2023 Ciudad Victoria, Tamaulipas. -El Museo de Historia Natural de Tamaulipas (Tamux) invita a las y los tamaulipecos a que el pr\u00f3ximo s\u00e1bado vivan una Jornada Astron\u00f3mica especial admirando en el planetario \u201cDr. Ramiro Iglesias Leal\u201d, en tiempo real el eclipse anular de sol sin costo alguno, adem\u00e1s de talleres, charlas interactivas y mucho m\u00e1s. Eduardo Rocha Orozco, vocal ejecutivo de la Comisi\u00f3n de Parques&hellip;","og_url":"https:\/\/cabellonews.com\/?p=554","og_site_name":"cabellonews.com","article_published_time":"2023-10-11T15:10:17+00:00","article_modified_time":"2023-10-13T16:00:55+00:00","og_image":[{"width":1286,"height":965,"url":"http:\/\/cabellonews.com\/wp-content\/uploads\/2023\/10\/8468c268-bd9b-4ee9-889d-e80d4a94f7af.jpeg","type":"image\/jpeg"}],"author":"cabellonews.com","twitter_card":"summary_large_image","twitter_misc":{"Written by":"cabellonews.com"},"schema":{"@context":"https:\/\/schema.org","@graph":[{"@type":"WebPage","@id":"https:\/\/cabellonews.com\/?p=554","url":"https:\/\/cabellonews.com\/?p=554","name":"Invitan a observar el eclipse solar desde el planetario del Museo Tamux - cabellonews.com","isPartOf":{"@id":"https:\/\/cabellonews.com\/#website"},"datePublished":"2023-10-11T15:10:17+00:00","dateModified":"2023-10-13T16:00:55+00:00","author":{"@id":"https:\/\/cabellonews.com\/#\/schema\/person\/7afe73bafa6cc5a24fd4c67dfd4379d8"},"breadcrumb":{"@id":"https:\/\/cabellonews.com\/?p=554#breadcrumb"},"inLanguage":"en-US","potentialAction":[{"@type":"ReadAction","target":["https:\/\/cabellonews.com\/?p=554"]}]},{"@type":"BreadcrumbList","@id":"https:\/\/cabellonews.com\/?p=554#breadcrumb","itemListElement":[{"@type":"ListItem","position":1,"name":"Inicio","item":"https:\/\/cabellonews.com\/"},{"@type":"ListItem","position":2,"name":"Invitan a observar el eclipse solar desde el planetario del Museo Tamux"}]},{"@type":"WebSite","@id":"https:\/\/cabellonews.com\/#website","url":"https:\/\/cabellonews.com\/","name":"cabellonews.com","description":"Con Cobertura En Tamaulipas Y norte de Veracruz","potentialAction":[{"@type":"SearchAction","target":{"@type":"EntryPoint","urlTemplate":"https:\/\/cabellonews.com\/?s={search_term_string}"},"query-input":"required name=search_term_string"}],"inLanguage":"en-US"},{"@type":"Person","@id":"https:\/\/cabellonews.com\/#\/schema\/person\/7afe73bafa6cc5a24fd4c67dfd4379d8","name":"cabellonews.com","image":{"@type":"ImageObject","inLanguage":"en-US","@id":"https:\/\/cabellonews.com\/#\/schema\/person\/image\/","url":"https:\/\/secure.gravatar.com\/avatar\/8d6324fc2806389aad4cd38639618406?s=96&d=mm&r=g","contentUrl":"https:\/\/secure.gravatar.com\/avatar\/8d6324fc2806389aad4cd38639618406?s=96&d=mm&r=g","caption":"cabellonews.com"},"sameAs":["http:\/\/cabellonews.com"],"url":"https:\/\/cabellonews.com\/?author=1"}]}},"_links":{"self":[{"href":"https:\/\/cabellonews.com\/index.php?rest_route=\/wp\/v2\/posts\/554"}],"collection":[{"href":"https:\/\/cabellonews.com\/index.php?rest_route=\/wp\/v2\/posts"}],"about":[{"href":"https:\/\/cabellonews.com\/index.php?rest_route=\/wp\/v2\/types\/post"}],"author":[{"embeddable":true,"href":"https:\/\/cabellonews.com\/index.php?rest_route=\/wp\/v2\/users\/1"}],"replies":[{"embeddable":true,"href":"https:\/\/cabellonews.com\/index.php?rest_route=%2Fwp%2Fv2%2Fcomments&post=554"}],"version-history":[{"count":1,"href":"https:\/\/cabellonews.com\/index.php?rest_route=\/wp\/v2\/posts\/554\/revisions"}],"predecessor-version":[{"id":556,"href":"https:\/\/cabellonews.com\/index.php?rest_route=\/wp\/v2\/posts\/554\/revisions\/556"}],"wp:featuredmedia":[{"embeddable":true,"href":"https:\/\/cabellonews.com\/index.php?rest_route=\/wp\/v2\/media\/555"}],"wp:attachment":[{"href":"https:\/\/cabellonews.com\/index.php?rest_route=%2Fwp%2Fv2%2Fmedia&parent=554"}],"wp:term":[{"taxonomy":"category","embeddable":true,"href":"https:\/\/cabellonews.com\/index.php?rest_route=%2Fwp%2Fv2%2Fcategories&post=554"},{"taxonomy":"post_tag","embeddable":true,"href":"https:\/\/cabellonews.com\/index.php?rest_route=%2Fwp%2Fv2%2Ftags&post=554"}],"curies":[{"name":"wp","href":"https:\/\/api.w.org\/{rel}","templated":true}]}}