{"id":536,"date":"2023-10-12T14:56:46","date_gmt":"2023-10-12T14:56:46","guid":{"rendered":"https:\/\/cabellonews.com\/?p=536"},"modified":"2023-10-13T16:00:15","modified_gmt":"2023-10-13T16:00:15","slug":"injuve-tamaulipas-presenta-paneles-de-medio-ambiente-y-biodiversidad-en-el-tamux-de-ciudad-victoria","status":"publish","type":"post","link":"https:\/\/cabellonews.com\/?p=536","title":{"rendered":"Injuve Tamaulipas presenta paneles de Medio Ambiente y Biodiversidad en el TAMUX de Ciudad Victoria"},"content":{"rendered":"\n<p>-Adem\u00e1s de paneles de Artes Pl\u00e1sticas y Visuales<\/p>\n\n\n\n<p>Octubre 12 de 2023<\/p>\n\n\n\n<p>Ciudad Victoria, Tamaulipas.- Con la intenci\u00f3n de mostrar el compromiso a favor de la protecci\u00f3n de nuestro entorno natural, el Injuve Tamaulipas llev\u00f3 a cabo la presentaci\u00f3n de paneles sobre Medio Ambiente, Biodiversidad, Comunicaci\u00f3n, Artes Pl\u00e1sticas y Visuales, en el auditorio del TAMUX en Ciudad Victoria.<\/p>\n\n\n\n<p>La directora general del Injuve, Judith Katalyna M\u00e9ndez Cepeda, inform\u00f3 que los paneles fueron presentados con el apoyo del director general del Museo de Historia Natural de Tamaulipas, Carlos Anzures Torres, con la participaci\u00f3n del embajador de Medio Ambiente y Cultura, Marco Arturo Puente Zozaya, quien tambi\u00e9n desempe\u00f1a el cargo de consejero de Sostenibilidad y Medio Ambiente dentro de las Mesas Legislativas de la Juventud.<\/p>\n\n\n\n<p>Agreg\u00f3 que se imparti\u00f3 la ponencia Medio Ambiente y Biodiversidad, por parte de la cient\u00edfica en Biotecnolog\u00eda, Nora Torres Castillo, enfocada en temas como la econom\u00eda circular, el calentamiento global y los j\u00f3venes como actores de cambio para un mundo mejor.<\/p>\n\n\n\n<p>La titular de la Juventud, resalt\u00f3 la ponencia denominada \u201cUna Mirada al Medio Ambiente en el TAMUX\u201d, como parte de los proyectos que realiza actualmente el museo, donde se hizo la invitaci\u00f3n a los j\u00f3venes estudiantes a presentar sus proyectos acad\u00e9micos y desarrollarlos en conjunto.<\/p>\n\n\n\n<p>Finalmente, la funcionaria estatal enfatiz\u00f3 en los objetivos de esta iniciativa, destacando la participaci\u00f3n del voluntariado juvenil y prestadores de servicio social, incentivando su compromiso en el respeto y bienestar del medio ambiente, a fin de inspirar acciones que ayuden a conservar y proteger la variedad de especies y ecosistemas que est\u00e1n siendo afectados por el cambio clim\u00e1tico y la inconsciencia humana.<br><\/p>\n\n\n<figure class=\"wp-block-post-featured-image\"><img width=\"240\" height=\"172\" src=\"https:\/\/cabellonews.com\/wp-content\/uploads\/2023\/10\/475cf14d-4650-4f0a-97db-43c1cd543cdb-240x172.jpeg\" class=\"attachment-post-thumbnail size-post-thumbnail wp-post-image\" alt=\"\" decoding=\"async\" loading=\"lazy\" \/><\/figure>\n\n\n<pre class=\"wp-block-code\"><code>    *     *    *<\/code><\/pre>\n","protected":false},"excerpt":{"rendered":"<p>-Adem\u00e1s de paneles de Artes Pl\u00e1sticas y Visuales Octubre 12 de 2023 Ciudad Victoria, Tamaulipas.- Con la intenci\u00f3n de mostrar el compromiso a favor de la protecci\u00f3n de nuestro entorno natural, el Injuve Tamaulipas llev\u00f3 a cabo la presentaci\u00f3n de paneles sobre Medio Ambiente, Biodiversidad, Comunicaci\u00f3n, Artes Pl\u00e1sticas y Visuales, en el auditorio del TAMUX en Ciudad Victoria. La directora general del Injuve, Judith Katalyna M\u00e9ndez Cepeda, inform\u00f3 que los paneles fueron presentados con el apoyo del director general del Museo de Historia Natural de Tamaulipas, Carlos Anzures Torres, con&hellip;<\/p>\n","protected":false},"author":1,"featured_media":537,"comment_status":"open","ping_status":"open","sticky":false,"template":"","format":"standard","meta":[],"categories":[1],"tags":[],"gutentor_comment":0,"yoast_head":"<!-- This site is optimized with the Yoast SEO plugin v20.10 - https:\/\/yoast.com\/wordpress\/plugins\/seo\/ -->\n<title>Injuve Tamaulipas presenta paneles de Medio Ambiente y Biodiversidad en el TAMUX de Ciudad Victoria - cabellonews.com<\/title>\n<meta name=\"robots\" content=\"index, follow, max-snippet:-1, max-image-preview:large, max-video-preview:-1\" \/>\n<link rel=\"canonical\" href=\"https:\/\/cabellonews.com\/?p=536\" \/>\n<meta property=\"og:locale\" content=\"en_US\" \/>\n<meta property=\"og:type\" content=\"article\" \/>\n<meta property=\"og:title\" content=\"Injuve Tamaulipas presenta paneles de Medio Ambiente y Biodiversidad en el TAMUX de Ciudad Victoria - cabellonews.com\" \/>\n<meta property=\"og:description\" content=\"-Adem\u00e1s de paneles de Artes Pl\u00e1sticas y Visuales Octubre 12 de 2023 Ciudad Victoria, Tamaulipas.- Con la intenci\u00f3n de mostrar el compromiso a favor de la protecci\u00f3n de nuestro entorno natural, el Injuve Tamaulipas llev\u00f3 a cabo la presentaci\u00f3n de paneles sobre Medio Ambiente, Biodiversidad, Comunicaci\u00f3n, Artes Pl\u00e1sticas y Visuales, en el auditorio del TAMUX en Ciudad Victoria. La directora general del Injuve, Judith Katalyna M\u00e9ndez Cepeda, inform\u00f3 que los paneles fueron presentados con el apoyo del director general del Museo de Historia Natural de Tamaulipas, Carlos Anzures Torres, con&hellip;\" \/>\n<meta property=\"og:url\" content=\"https:\/\/cabellonews.com\/?p=536\" \/>\n<meta property=\"og:site_name\" content=\"cabellonews.com\" \/>\n<meta property=\"article:published_time\" content=\"2023-10-12T14:56:46+00:00\" \/>\n<meta property=\"article:modified_time\" content=\"2023-10-13T16:00:15+00:00\" \/>\n<meta property=\"og:image\" content=\"http:\/\/cabellonews.com\/wp-content\/uploads\/2023\/10\/475cf14d-4650-4f0a-97db-43c1cd543cdb.jpeg\" \/>\n\t<meta property=\"og:image:width\" content=\"1600\" \/>\n\t<meta property=\"og:image:height\" content=\"1066\" \/>\n\t<meta property=\"og:image:type\" content=\"image\/jpeg\" \/>\n<meta name=\"author\" content=\"cabellonews.com\" \/>\n<meta name=\"twitter:card\" content=\"summary_large_image\" \/>\n<meta name=\"twitter:label1\" content=\"Written by\" \/>\n\t<meta name=\"twitter:data1\" content=\"cabellonews.com\" \/>\n\t<meta name=\"twitter:label2\" content=\"Est. reading time\" \/>\n\t<meta name=\"twitter:data2\" content=\"2 minutes\" \/>\n<script type=\"application\/ld+json\" class=\"yoast-schema-graph\">{\"@context\":\"https:\/\/schema.org\",\"@graph\":[{\"@type\":\"WebPage\",\"@id\":\"https:\/\/cabellonews.com\/?p=536\",\"url\":\"https:\/\/cabellonews.com\/?p=536\",\"name\":\"Injuve Tamaulipas presenta paneles de Medio Ambiente y Biodiversidad en el TAMUX de Ciudad Victoria - cabellonews.com\",\"isPartOf\":{\"@id\":\"https:\/\/cabellonews.com\/#website\"},\"datePublished\":\"2023-10-12T14:56:46+00:00\",\"dateModified\":\"2023-10-13T16:00:15+00:00\",\"author\":{\"@id\":\"https:\/\/cabellonews.com\/#\/schema\/person\/7afe73bafa6cc5a24fd4c67dfd4379d8\"},\"breadcrumb\":{\"@id\":\"https:\/\/cabellonews.com\/?p=536#breadcrumb\"},\"inLanguage\":\"en-US\",\"potentialAction\":[{\"@type\":\"ReadAction\",\"target\":[\"https:\/\/cabellonews.com\/?p=536\"]}]},{\"@type\":\"BreadcrumbList\",\"@id\":\"https:\/\/cabellonews.com\/?p=536#breadcrumb\",\"itemListElement\":[{\"@type\":\"ListItem\",\"position\":1,\"name\":\"Inicio\",\"item\":\"https:\/\/cabellonews.com\/\"},{\"@type\":\"ListItem\",\"position\":2,\"name\":\"Injuve Tamaulipas presenta paneles de Medio Ambiente y Biodiversidad en el TAMUX de Ciudad Victoria\"}]},{\"@type\":\"WebSite\",\"@id\":\"https:\/\/cabellonews.com\/#website\",\"url\":\"https:\/\/cabellonews.com\/\",\"name\":\"cabellonews.com\",\"description\":\"Con Cobertura En Tamaulipas Y norte de Veracruz\",\"potentialAction\":[{\"@type\":\"SearchAction\",\"target\":{\"@type\":\"EntryPoint\",\"urlTemplate\":\"https:\/\/cabellonews.com\/?s={search_term_string}\"},\"query-input\":\"required name=search_term_string\"}],\"inLanguage\":\"en-US\"},{\"@type\":\"Person\",\"@id\":\"https:\/\/cabellonews.com\/#\/schema\/person\/7afe73bafa6cc5a24fd4c67dfd4379d8\",\"name\":\"cabellonews.com\",\"image\":{\"@type\":\"ImageObject\",\"inLanguage\":\"en-US\",\"@id\":\"https:\/\/cabellonews.com\/#\/schema\/person\/image\/\",\"url\":\"https:\/\/secure.gravatar.com\/avatar\/8d6324fc2806389aad4cd38639618406?s=96&d=mm&r=g\",\"contentUrl\":\"https:\/\/secure.gravatar.com\/avatar\/8d6324fc2806389aad4cd38639618406?s=96&d=mm&r=g\",\"caption\":\"cabellonews.com\"},\"sameAs\":[\"http:\/\/cabellonews.com\"],\"url\":\"https:\/\/cabellonews.com\/?author=1\"}]}<\/script>\n<!-- \/ Yoast SEO plugin. -->","yoast_head_json":{"title":"Injuve Tamaulipas presenta paneles de Medio Ambiente y Biodiversidad en el TAMUX de Ciudad Victoria - cabellonews.com","robots":{"index":"index","follow":"follow","max-snippet":"max-snippet:-1","max-image-preview":"max-image-preview:large","max-video-preview":"max-video-preview:-1"},"canonical":"https:\/\/cabellonews.com\/?p=536","og_locale":"en_US","og_type":"article","og_title":"Injuve Tamaulipas presenta paneles de Medio Ambiente y Biodiversidad en el TAMUX de Ciudad Victoria - cabellonews.com","og_description":"-Adem\u00e1s de paneles de Artes Pl\u00e1sticas y Visuales Octubre 12 de 2023 Ciudad Victoria, Tamaulipas.- Con la intenci\u00f3n de mostrar el compromiso a favor de la protecci\u00f3n de nuestro entorno natural, el Injuve Tamaulipas llev\u00f3 a cabo la presentaci\u00f3n de paneles sobre Medio Ambiente, Biodiversidad, Comunicaci\u00f3n, Artes Pl\u00e1sticas y Visuales, en el auditorio del TAMUX en Ciudad Victoria. La directora general del Injuve, Judith Katalyna M\u00e9ndez Cepeda, inform\u00f3 que los paneles fueron presentados con el apoyo del director general del Museo de Historia Natural de Tamaulipas, Carlos Anzures Torres, con&hellip;","og_url":"https:\/\/cabellonews.com\/?p=536","og_site_name":"cabellonews.com","article_published_time":"2023-10-12T14:56:46+00:00","article_modified_time":"2023-10-13T16:00:15+00:00","og_image":[{"width":1600,"height":1066,"url":"http:\/\/cabellonews.com\/wp-content\/uploads\/2023\/10\/475cf14d-4650-4f0a-97db-43c1cd543cdb.jpeg","type":"image\/jpeg"}],"author":"cabellonews.com","twitter_card":"summary_large_image","twitter_misc":{"Written by":"cabellonews.com","Est. reading time":"2 minutes"},"schema":{"@context":"https:\/\/schema.org","@graph":[{"@type":"WebPage","@id":"https:\/\/cabellonews.com\/?p=536","url":"https:\/\/cabellonews.com\/?p=536","name":"Injuve Tamaulipas presenta paneles de Medio Ambiente y Biodiversidad en el TAMUX de Ciudad Victoria - cabellonews.com","isPartOf":{"@id":"https:\/\/cabellonews.com\/#website"},"datePublished":"2023-10-12T14:56:46+00:00","dateModified":"2023-10-13T16:00:15+00:00","author":{"@id":"https:\/\/cabellonews.com\/#\/schema\/person\/7afe73bafa6cc5a24fd4c67dfd4379d8"},"breadcrumb":{"@id":"https:\/\/cabellonews.com\/?p=536#breadcrumb"},"inLanguage":"en-US","potentialAction":[{"@type":"ReadAction","target":["https:\/\/cabellonews.com\/?p=536"]}]},{"@type":"BreadcrumbList","@id":"https:\/\/cabellonews.com\/?p=536#breadcrumb","itemListElement":[{"@type":"ListItem","position":1,"name":"Inicio","item":"https:\/\/cabellonews.com\/"},{"@type":"ListItem","position":2,"name":"Injuve Tamaulipas presenta paneles de Medio Ambiente y Biodiversidad en el TAMUX de Ciudad Victoria"}]},{"@type":"WebSite","@id":"https:\/\/cabellonews.com\/#website","url":"https:\/\/cabellonews.com\/","name":"cabellonews.com","description":"Con Cobertura En Tamaulipas Y norte de Veracruz","potentialAction":[{"@type":"SearchAction","target":{"@type":"EntryPoint","urlTemplate":"https:\/\/cabellonews.com\/?s={search_term_string}"},"query-input":"required name=search_term_string"}],"inLanguage":"en-US"},{"@type":"Person","@id":"https:\/\/cabellonews.com\/#\/schema\/person\/7afe73bafa6cc5a24fd4c67dfd4379d8","name":"cabellonews.com","image":{"@type":"ImageObject","inLanguage":"en-US","@id":"https:\/\/cabellonews.com\/#\/schema\/person\/image\/","url":"https:\/\/secure.gravatar.com\/avatar\/8d6324fc2806389aad4cd38639618406?s=96&d=mm&r=g","contentUrl":"https:\/\/secure.gravatar.com\/avatar\/8d6324fc2806389aad4cd38639618406?s=96&d=mm&r=g","caption":"cabellonews.com"},"sameAs":["http:\/\/cabellonews.com"],"url":"https:\/\/cabellonews.com\/?author=1"}]}},"_links":{"self":[{"href":"https:\/\/cabellonews.com\/index.php?rest_route=\/wp\/v2\/posts\/536"}],"collection":[{"href":"https:\/\/cabellonews.com\/index.php?rest_route=\/wp\/v2\/posts"}],"about":[{"href":"https:\/\/cabellonews.com\/index.php?rest_route=\/wp\/v2\/types\/post"}],"author":[{"embeddable":true,"href":"https:\/\/cabellonews.com\/index.php?rest_route=\/wp\/v2\/users\/1"}],"replies":[{"embeddable":true,"href":"https:\/\/cabellonews.com\/index.php?rest_route=%2Fwp%2Fv2%2Fcomments&post=536"}],"version-history":[{"count":1,"href":"https:\/\/cabellonews.com\/index.php?rest_route=\/wp\/v2\/posts\/536\/revisions"}],"predecessor-version":[{"id":538,"href":"https:\/\/cabellonews.com\/index.php?rest_route=\/wp\/v2\/posts\/536\/revisions\/538"}],"wp:featuredmedia":[{"embeddable":true,"href":"https:\/\/cabellonews.com\/index.php?rest_route=\/wp\/v2\/media\/537"}],"wp:attachment":[{"href":"https:\/\/cabellonews.com\/index.php?rest_route=%2Fwp%2Fv2%2Fmedia&parent=536"}],"wp:term":[{"taxonomy":"category","embeddable":true,"href":"https:\/\/cabellonews.com\/index.php?rest_route=%2Fwp%2Fv2%2Fcategories&post=536"},{"taxonomy":"post_tag","embeddable":true,"href":"https:\/\/cabellonews.com\/index.php?rest_route=%2Fwp%2Fv2%2Ftags&post=536"}],"curies":[{"name":"wp","href":"https:\/\/api.w.org\/{rel}","templated":true}]}}