{"id":532,"date":"2023-10-10T14:53:55","date_gmt":"2023-10-10T14:53:55","guid":{"rendered":"https:\/\/cabellonews.com\/?p=532"},"modified":"2023-10-13T16:01:43","modified_gmt":"2023-10-13T16:01:43","slug":"en-inversion-de-salud-no-hay-limites-dice-americo-ante-amlo-y-gobernadores","status":"publish","type":"post","link":"https:\/\/cabellonews.com\/?p=532","title":{"rendered":"En inversi\u00f3n de salud, no hay l\u00edmites, dice Am\u00e9rico ante AMLO y gobernadores"},"content":{"rendered":"\n<ul>\n<li>Federalizaci\u00f3n de los servicios de salud en 23 estados beneficiar\u00e1 a 53.2 millones de personas sin seguridad social<\/li>\n<\/ul>\n\n\n\n<p>Octubre 10 de 2023<\/p>\n\n\n\n<p>Ciudad de M\u00e9xico.- A partir de ahora, como lo establece el art\u00edculo 4o. Constitucional, la salud es un derecho humano que el Estado debe procurar a la poblaci\u00f3n, afirm\u00f3 el gobernador Am\u00e9rico Villarreal Anaya, ante el presidente Andr\u00e9s Manuel L\u00f3pez Obrador, al destacar que la transformaci\u00f3n del sistema de salud inici\u00f3 en el actual gobierno federal.<\/p>\n\n\n\n<p>Durante la conferencia ma\u00f1anera de este martes, en Palacio Nacional, el gobernador Am\u00e9rico Villarreal Anaya, a nombre de los 23 gobernadores y gobernadoras que participaron en la firma del Acuerdo Nacional para la Federalizaci\u00f3n del Sistema de Salud para el Bienestar, agradeci\u00f3 a Andr\u00e9s Manuel L\u00f3pez Obrador todo su apoyo al sector salud y record\u00f3 lo expresado por el presidente en una de sus visitas a los hospitales de Tamaulipas.<\/p>\n\n\n\n<p>\u201cGracias se\u00f1or presidente, como mexicano, como tamaulipeco y m\u00e9dico, por el apoyo que usted ha dado a este sector y como lo mencion\u00f3 desde el Hospital General IMSS -Bienestar (de Tampico), que por cierto ya inici\u00f3 operaciones, cuando se trata de salud y de la salud de los mexicanos, no existe l\u00edmite en este gobierno\u201d, dijo.<\/p>\n\n\n\n<p>\u201cA partir de ahora en el art\u00edculo 4o. Constitucional la salud es un derecho humano y obligaci\u00f3n que el Estado tiene que procurar a su poblaci\u00f3n. Apoyamos plenamente a la federalizaci\u00f3n que se est\u00e1 planteando en este momento\u201d, indic\u00f3.<\/p>\n\n\n\n<p>Al referirse al acuerdo firmado por las y los gobernadores de 23 entidades, asegur\u00f3 que este nuevo modelo enfrenta dos grandes retos: El primero, dijo, es fortalecer el sector salud y contar con la infraestructura, insumos, equipamiento y medicamentos suficientes y accesibles, integrados en diferentes niveles de atenci\u00f3n.<\/p>\n\n\n\n<p>El segundo gran reto, agreg\u00f3, es orientar este sistema de salud a la prevenci\u00f3n y la promoci\u00f3n de la salud, entendiendo la salud como un estado din\u00e1mico en el que todos debemos participar para evitar las enfermedades y complicaciones de los padecimientos que hoy nos aquejan.<\/p>\n\n\n\n<p>Am\u00e9rico Villarreal llam\u00f3 a atender tambi\u00e9n el rezago tan importante en la seguridad laboral y salarial de los miles de trabajadores que ahora ser\u00e1n contratados por el IMSS- Bienestar.<\/p>\n\n\n\n<p>\u201cEl recurso humano que debemos de tener desde su formaci\u00f3n en diferentes profesiones del equipo multidisciplinario que atiende la salud en las unidades hospitalarias y en los sistemas de salud de primer nivel. Tenemos que abatir este rezago\u201d, indic\u00f3.<\/p>\n\n\n\n<p>Durante la conferencia ma\u00f1anera, el secretario de Salud, Jorge Alcocer y el director general del IMSS, Zo\u00e9 Robledo explicaron que el nuevo modelo de salud IMSS-Bienestar permitir\u00e1 atender a 53.2 millones de personas, el 80.2% de la poblaci\u00f3n que no cuenta con seguridad social, contando para ello con 13 mil 966 centros de salud y 707 hospitales, adem\u00e1s de que se tendr\u00e1 un s\u00f3lo sistema de insumos, para lo cual la federaci\u00f3n invertir\u00e1 18 mil 915 millones de pesos.<\/p>\n\n\n\n<p>En la firma del acuerdo de implementaci\u00f3n del Plan de Salud IMSS-Bienestar participaron: Marina del Pilar \u00c1vila Olmeda, Baja California; V\u00edctor Manuel Castro Cos\u00edo, Baja California Sur; Layda Sansores San Rom\u00e1n, Campeche; Rutilio Escand\u00f3n Cadenas, Chiapas; Indira Vizca\u00edno Silva, Colima; Mart\u00ed Batres Guadarrama, Ciudad de M\u00e9xico; Julio Menchaca Salazar, Hidalgo; Delfina G\u00f3mez \u00c1lvarez, Estado de M\u00e9xico; Alfredo Ram\u00edrez Bedolla, Michoac\u00e1n; Miguel \u00c1ngel Navarro Quintero, Nayarit; Salom\u00f3n Jara Cruz, Oaxaca; Sergio Salom\u00f3n C\u00e9spedes Peregrina, Puebla; Mar\u00eda Elena Lezama Espinosa, Quintana Roo; Ricardo Gallardo Cardona, San Luis Potos\u00ed; Rub\u00e9n Rocha Moya, Sinaloa; Alfonso Durazo Monta\u00f1o, Sonora; Carlos Merino Campos, Tabasco; Am\u00e9rico Villarreal Anaya, Tamaulipas; Lorena Cu\u00e9llar Cisneros, Tlaxcala; Cuitl\u00e1huac Garc\u00eda Jim\u00e9nez, Veracruz; David Monreal \u00c1vila, Zacatecas y, tambi\u00e9n firmaron representantes de los gobiernos de Gu<\/p>\n\n\n\n<figure class=\"wp-block-video\"><video controls src=\"https:\/\/cabellonews.com\/wp-content\/uploads\/2023\/10\/987b50dc-7c46-4375-9457-64aeb6cdf3ee.mp4\"><\/video><\/figure>\n\n\n<figure class=\"wp-block-post-featured-image\"><img width=\"240\" height=\"172\" src=\"https:\/\/cabellonews.com\/wp-content\/uploads\/2023\/10\/IMG_2310-240x172.jpeg\" class=\"attachment-post-thumbnail size-post-thumbnail wp-post-image\" alt=\"\" decoding=\"async\" loading=\"lazy\" \/><\/figure>","protected":false},"excerpt":{"rendered":"<p>Octubre 10 de 2023 Ciudad de M\u00e9xico.- A partir de ahora, como lo establece el art\u00edculo 4o. Constitucional, la salud es un derecho humano que el Estado debe procurar a la poblaci\u00f3n, afirm\u00f3 el gobernador Am\u00e9rico Villarreal Anaya, ante el presidente Andr\u00e9s Manuel L\u00f3pez Obrador, al destacar que la transformaci\u00f3n del sistema de salud inici\u00f3 en el actual gobierno federal. Durante la conferencia ma\u00f1anera de este martes, en Palacio Nacional, el gobernador Am\u00e9rico Villarreal Anaya, a nombre de los 23 gobernadores y gobernadoras que participaron en la firma del Acuerdo&hellip;<\/p>\n","protected":false},"author":1,"featured_media":533,"comment_status":"open","ping_status":"open","sticky":false,"template":"","format":"standard","meta":[],"categories":[1],"tags":[],"gutentor_comment":0,"yoast_head":"<!-- This site is optimized with the Yoast SEO plugin v20.10 - https:\/\/yoast.com\/wordpress\/plugins\/seo\/ -->\n<title>En inversi\u00f3n de salud, no hay l\u00edmites, dice Am\u00e9rico ante AMLO y gobernadores - cabellonews.com<\/title>\n<meta name=\"robots\" content=\"index, follow, max-snippet:-1, max-image-preview:large, max-video-preview:-1\" \/>\n<link rel=\"canonical\" href=\"https:\/\/cabellonews.com\/?p=532\" \/>\n<meta property=\"og:locale\" content=\"en_US\" \/>\n<meta property=\"og:type\" content=\"article\" \/>\n<meta property=\"og:title\" content=\"En inversi\u00f3n de salud, no hay l\u00edmites, dice Am\u00e9rico ante AMLO y gobernadores - cabellonews.com\" \/>\n<meta property=\"og:description\" content=\"Octubre 10 de 2023 Ciudad de M\u00e9xico.- A partir de ahora, como lo establece el art\u00edculo 4o. Constitucional, la salud es un derecho humano que el Estado debe procurar a la poblaci\u00f3n, afirm\u00f3 el gobernador Am\u00e9rico Villarreal Anaya, ante el presidente Andr\u00e9s Manuel L\u00f3pez Obrador, al destacar que la transformaci\u00f3n del sistema de salud inici\u00f3 en el actual gobierno federal. Durante la conferencia ma\u00f1anera de este martes, en Palacio Nacional, el gobernador Am\u00e9rico Villarreal Anaya, a nombre de los 23 gobernadores y gobernadoras que participaron en la firma del Acuerdo&hellip;\" \/>\n<meta property=\"og:url\" content=\"https:\/\/cabellonews.com\/?p=532\" \/>\n<meta property=\"og:site_name\" content=\"cabellonews.com\" \/>\n<meta property=\"article:published_time\" content=\"2023-10-10T14:53:55+00:00\" \/>\n<meta property=\"article:modified_time\" content=\"2023-10-13T16:01:43+00:00\" \/>\n<meta property=\"og:image\" content=\"http:\/\/cabellonews.com\/wp-content\/uploads\/2023\/10\/IMG_2310.jpeg\" \/>\n\t<meta property=\"og:image:width\" content=\"828\" \/>\n\t<meta property=\"og:image:height\" content=\"522\" \/>\n\t<meta property=\"og:image:type\" content=\"image\/jpeg\" \/>\n<meta name=\"author\" content=\"cabellonews.com\" \/>\n<meta name=\"twitter:card\" content=\"summary_large_image\" \/>\n<meta name=\"twitter:label1\" content=\"Written by\" \/>\n\t<meta name=\"twitter:data1\" content=\"cabellonews.com\" \/>\n\t<meta name=\"twitter:label2\" content=\"Est. reading time\" \/>\n\t<meta name=\"twitter:data2\" content=\"3 minutes\" \/>\n<script type=\"application\/ld+json\" class=\"yoast-schema-graph\">{\"@context\":\"https:\/\/schema.org\",\"@graph\":[{\"@type\":\"WebPage\",\"@id\":\"https:\/\/cabellonews.com\/?p=532\",\"url\":\"https:\/\/cabellonews.com\/?p=532\",\"name\":\"En inversi\u00f3n de salud, no hay l\u00edmites, dice Am\u00e9rico ante AMLO y gobernadores - cabellonews.com\",\"isPartOf\":{\"@id\":\"https:\/\/cabellonews.com\/#website\"},\"datePublished\":\"2023-10-10T14:53:55+00:00\",\"dateModified\":\"2023-10-13T16:01:43+00:00\",\"author\":{\"@id\":\"https:\/\/cabellonews.com\/#\/schema\/person\/7afe73bafa6cc5a24fd4c67dfd4379d8\"},\"breadcrumb\":{\"@id\":\"https:\/\/cabellonews.com\/?p=532#breadcrumb\"},\"inLanguage\":\"en-US\",\"potentialAction\":[{\"@type\":\"ReadAction\",\"target\":[\"https:\/\/cabellonews.com\/?p=532\"]}]},{\"@type\":\"BreadcrumbList\",\"@id\":\"https:\/\/cabellonews.com\/?p=532#breadcrumb\",\"itemListElement\":[{\"@type\":\"ListItem\",\"position\":1,\"name\":\"Inicio\",\"item\":\"https:\/\/cabellonews.com\/\"},{\"@type\":\"ListItem\",\"position\":2,\"name\":\"En inversi\u00f3n de salud, no hay l\u00edmites, dice Am\u00e9rico ante AMLO y gobernadores\"}]},{\"@type\":\"WebSite\",\"@id\":\"https:\/\/cabellonews.com\/#website\",\"url\":\"https:\/\/cabellonews.com\/\",\"name\":\"cabellonews.com\",\"description\":\"Con Cobertura En Tamaulipas Y norte de Veracruz\",\"potentialAction\":[{\"@type\":\"SearchAction\",\"target\":{\"@type\":\"EntryPoint\",\"urlTemplate\":\"https:\/\/cabellonews.com\/?s={search_term_string}\"},\"query-input\":\"required name=search_term_string\"}],\"inLanguage\":\"en-US\"},{\"@type\":\"Person\",\"@id\":\"https:\/\/cabellonews.com\/#\/schema\/person\/7afe73bafa6cc5a24fd4c67dfd4379d8\",\"name\":\"cabellonews.com\",\"image\":{\"@type\":\"ImageObject\",\"inLanguage\":\"en-US\",\"@id\":\"https:\/\/cabellonews.com\/#\/schema\/person\/image\/\",\"url\":\"https:\/\/secure.gravatar.com\/avatar\/8d6324fc2806389aad4cd38639618406?s=96&d=mm&r=g\",\"contentUrl\":\"https:\/\/secure.gravatar.com\/avatar\/8d6324fc2806389aad4cd38639618406?s=96&d=mm&r=g\",\"caption\":\"cabellonews.com\"},\"sameAs\":[\"http:\/\/cabellonews.com\"],\"url\":\"https:\/\/cabellonews.com\/?author=1\"}]}<\/script>\n<!-- \/ Yoast SEO plugin. -->","yoast_head_json":{"title":"En inversi\u00f3n de salud, no hay l\u00edmites, dice Am\u00e9rico ante AMLO y gobernadores - cabellonews.com","robots":{"index":"index","follow":"follow","max-snippet":"max-snippet:-1","max-image-preview":"max-image-preview:large","max-video-preview":"max-video-preview:-1"},"canonical":"https:\/\/cabellonews.com\/?p=532","og_locale":"en_US","og_type":"article","og_title":"En inversi\u00f3n de salud, no hay l\u00edmites, dice Am\u00e9rico ante AMLO y gobernadores - cabellonews.com","og_description":"Octubre 10 de 2023 Ciudad de M\u00e9xico.- A partir de ahora, como lo establece el art\u00edculo 4o. Constitucional, la salud es un derecho humano que el Estado debe procurar a la poblaci\u00f3n, afirm\u00f3 el gobernador Am\u00e9rico Villarreal Anaya, ante el presidente Andr\u00e9s Manuel L\u00f3pez Obrador, al destacar que la transformaci\u00f3n del sistema de salud inici\u00f3 en el actual gobierno federal. Durante la conferencia ma\u00f1anera de este martes, en Palacio Nacional, el gobernador Am\u00e9rico Villarreal Anaya, a nombre de los 23 gobernadores y gobernadoras que participaron en la firma del Acuerdo&hellip;","og_url":"https:\/\/cabellonews.com\/?p=532","og_site_name":"cabellonews.com","article_published_time":"2023-10-10T14:53:55+00:00","article_modified_time":"2023-10-13T16:01:43+00:00","og_image":[{"width":828,"height":522,"url":"http:\/\/cabellonews.com\/wp-content\/uploads\/2023\/10\/IMG_2310.jpeg","type":"image\/jpeg"}],"author":"cabellonews.com","twitter_card":"summary_large_image","twitter_misc":{"Written by":"cabellonews.com","Est. reading time":"3 minutes"},"schema":{"@context":"https:\/\/schema.org","@graph":[{"@type":"WebPage","@id":"https:\/\/cabellonews.com\/?p=532","url":"https:\/\/cabellonews.com\/?p=532","name":"En inversi\u00f3n de salud, no hay l\u00edmites, dice Am\u00e9rico ante AMLO y gobernadores - cabellonews.com","isPartOf":{"@id":"https:\/\/cabellonews.com\/#website"},"datePublished":"2023-10-10T14:53:55+00:00","dateModified":"2023-10-13T16:01:43+00:00","author":{"@id":"https:\/\/cabellonews.com\/#\/schema\/person\/7afe73bafa6cc5a24fd4c67dfd4379d8"},"breadcrumb":{"@id":"https:\/\/cabellonews.com\/?p=532#breadcrumb"},"inLanguage":"en-US","potentialAction":[{"@type":"ReadAction","target":["https:\/\/cabellonews.com\/?p=532"]}]},{"@type":"BreadcrumbList","@id":"https:\/\/cabellonews.com\/?p=532#breadcrumb","itemListElement":[{"@type":"ListItem","position":1,"name":"Inicio","item":"https:\/\/cabellonews.com\/"},{"@type":"ListItem","position":2,"name":"En inversi\u00f3n de salud, no hay l\u00edmites, dice Am\u00e9rico ante AMLO y gobernadores"}]},{"@type":"WebSite","@id":"https:\/\/cabellonews.com\/#website","url":"https:\/\/cabellonews.com\/","name":"cabellonews.com","description":"Con Cobertura En Tamaulipas Y norte de Veracruz","potentialAction":[{"@type":"SearchAction","target":{"@type":"EntryPoint","urlTemplate":"https:\/\/cabellonews.com\/?s={search_term_string}"},"query-input":"required name=search_term_string"}],"inLanguage":"en-US"},{"@type":"Person","@id":"https:\/\/cabellonews.com\/#\/schema\/person\/7afe73bafa6cc5a24fd4c67dfd4379d8","name":"cabellonews.com","image":{"@type":"ImageObject","inLanguage":"en-US","@id":"https:\/\/cabellonews.com\/#\/schema\/person\/image\/","url":"https:\/\/secure.gravatar.com\/avatar\/8d6324fc2806389aad4cd38639618406?s=96&d=mm&r=g","contentUrl":"https:\/\/secure.gravatar.com\/avatar\/8d6324fc2806389aad4cd38639618406?s=96&d=mm&r=g","caption":"cabellonews.com"},"sameAs":["http:\/\/cabellonews.com"],"url":"https:\/\/cabellonews.com\/?author=1"}]}},"_links":{"self":[{"href":"https:\/\/cabellonews.com\/index.php?rest_route=\/wp\/v2\/posts\/532"}],"collection":[{"href":"https:\/\/cabellonews.com\/index.php?rest_route=\/wp\/v2\/posts"}],"about":[{"href":"https:\/\/cabellonews.com\/index.php?rest_route=\/wp\/v2\/types\/post"}],"author":[{"embeddable":true,"href":"https:\/\/cabellonews.com\/index.php?rest_route=\/wp\/v2\/users\/1"}],"replies":[{"embeddable":true,"href":"https:\/\/cabellonews.com\/index.php?rest_route=%2Fwp%2Fv2%2Fcomments&post=532"}],"version-history":[{"count":1,"href":"https:\/\/cabellonews.com\/index.php?rest_route=\/wp\/v2\/posts\/532\/revisions"}],"predecessor-version":[{"id":535,"href":"https:\/\/cabellonews.com\/index.php?rest_route=\/wp\/v2\/posts\/532\/revisions\/535"}],"wp:featuredmedia":[{"embeddable":true,"href":"https:\/\/cabellonews.com\/index.php?rest_route=\/wp\/v2\/media\/533"}],"wp:attachment":[{"href":"https:\/\/cabellonews.com\/index.php?rest_route=%2Fwp%2Fv2%2Fmedia&parent=532"}],"wp:term":[{"taxonomy":"category","embeddable":true,"href":"https:\/\/cabellonews.com\/index.php?rest_route=%2Fwp%2Fv2%2Fcategories&post=532"},{"taxonomy":"post_tag","embeddable":true,"href":"https:\/\/cabellonews.com\/index.php?rest_route=%2Fwp%2Fv2%2Ftags&post=532"}],"curies":[{"name":"wp","href":"https:\/\/api.w.org\/{rel}","templated":true}]}}