{"id":512,"date":"2023-09-27T02:20:52","date_gmt":"2023-09-27T02:20:52","guid":{"rendered":"https:\/\/cabellonews.com\/?p=512"},"modified":"2023-09-27T02:20:52","modified_gmt":"2023-09-27T02:20:52","slug":"visita-gobernador-exposicion-de-rio-bravo-en-punto-tamaulipas","status":"publish","type":"post","link":"https:\/\/cabellonews.com\/?p=512","title":{"rendered":"Visita gobernador exposici\u00f3n de R\u00edo Bravo en &#8220;Punto Tamaulipas&#8221;"},"content":{"rendered":"\n<p>-Anuncia que en el aeropuerto Felipe \u00c1ngeles habr\u00e1 un sitio para exponer riqueza de cada municipio tamaulipeco<\/p>\n\n\n\n<p>Septiembre 26 de 2023<\/p>\n\n\n\n<p>Ciudad Victoria, Tamaulipas. &#8211; Al realizar una visita a la exposici\u00f3n del municipio de R\u00edo Bravo que se puede apreciar en \u201cPunto Tamaulipas\u201d, el gobernador Am\u00e9rico Villarreal Anaya destac\u00f3 la importancia de la integraci\u00f3n tamaulipeca y de dar a conocer las bondades de cada municipio.<\/p>\n\n\n\n<p>\u201cEstamos viendo y disfrutando de esta integraci\u00f3n de nuestra entidad, de esta integraci\u00f3n tamaulipeca; no somos un estado que debemos estar fragmentados, sino unidos y conocernos en nuestros municipios; muchas veces nos sorprendemos de las capacidades que tienen\u201d, se\u00f1al\u00f3, tras realizar el tradicional corte de list\u00f3n de esta muestra que est\u00e1 abierta al p\u00fablico.<\/p>\n\n\n\n<p>Acompa\u00f1ado del presidente municipal de R\u00edo Bravo, Joel Eduardo Y\u00e1\u00f1ez Villegas y del secretario de Turismo estatal, Benjam\u00edn Hern\u00e1ndez Rodr\u00edguez y el gobernador hizo un recorrido en este espacio situado en el edificio del Centro Cultural Tamaulipas, en el cual apreci\u00f3 la riqueza cultural, artesanal, comercial y empresarial de este municipio.<\/p>\n\n\n\n<p><em>TAMAULIPAS TENDR\u00c1 UN ESPACIO EN EL AEROPUERTO FELIPE \u00c1NGELES<\/em><\/p>\n\n\n\n<p>Durante su intervenci\u00f3n, el mandatario estatal anunci\u00f3 que Tamaulipas tendr\u00e1 un espacio en el Aeropuerto Internacional Felipe \u00c1ngeles, en el cual todos los municipios podr\u00e1n exponer sus atractivos tur\u00edsticos y la amplia gama que ofertan los diferentes productores de servicio y artesanos, pero tambi\u00e9n de las actividades empresariales.<\/p>\n\n\n\n<p>\u201cTodos podr\u00e1n en su momento estar exponiendo ah\u00ed, como un lugar para difundir la presencia y la cultura de este hermoso estado en el que todos vivimos y compartimos, la pujanza que tiene y el valor de su gente\u201d puntualiz\u00f3.<\/p>\n\n\n\n<p>Previo a ello, el alcalde de R\u00edo Bravo, Joel Eduardo Y\u00e1\u00f1ez agradeci\u00f3 al gobernador la iniciativa de abrir \u201cPunto Tamaulipas\u201d a los municipios.<\/p>\n\n\n\n<p>\u201cEs una excelente idea abrir este espacio para que tengamos una puerta para dar a conocer nuestras actividades culturales, art\u00edsticas, gastron\u00f3micas que se viven en nuestro municipio\u201d, expres\u00f3.<\/p>\n\n\n\n<p>Posteriormente el gobernador, acompa\u00f1ado de integrantes de su gabinete, entre ellos el secretario general de Gobierno, H\u00e9ctor Joel Villegas Gonz\u00e1lez, la secretaria de Finanzas, Adriana Lozano Rodr\u00edguez y el secretario de Obras P\u00fablicas Pedro Cepeda Anaya, hizo un recorrido por la muestra gastron\u00f3mica que se instal\u00f3 en la Plaza Ju\u00e1rez y en la cual se comparti\u00f3 con las familias tamaulipecas, una muestra de platillos t\u00edpicos, aunado a que disfrutaron de la presencia del grupo musical Los Norte\u00f1os de R\u00edo Bravo.<\/p>\n\n\n\n<p>En la exposici\u00f3n de &#8220;Punto Tamaulipas&#8221;, se pueden admirar obras de las pintoras Cecilia Uranga, Margarita Garza y Deyanira Rodr\u00edguez, quienes han tenido la oportunidad de exponer su trabajo en Estados Unidos y Europa; las artesan\u00edas de Jos\u00e9 Luis Castillo y Antonia Hern\u00e1ndez; el tequila del empresario \u00c1ngel Urcullo, entre otros productos elaborados por manos riobravenses.<\/p>\n\n\n<figure class=\"wp-block-post-featured-image\"><img width=\"240\" height=\"172\" src=\"https:\/\/cabellonews.com\/wp-content\/uploads\/2023\/09\/50a904a3-3a89-4eae-8643-5eea46b00b61-240x172.jpeg\" class=\"attachment-post-thumbnail size-post-thumbnail wp-post-image\" alt=\"\" decoding=\"async\" loading=\"lazy\" \/><\/figure>\n\n\n<pre class=\"wp-block-code\"><code>      *     *    *<\/code><\/pre>\n","protected":false},"excerpt":{"rendered":"<p>-Anuncia que en el aeropuerto Felipe \u00c1ngeles habr\u00e1 un sitio para exponer riqueza de cada municipio tamaulipeco Septiembre 26 de 2023 Ciudad Victoria, Tamaulipas. &#8211; Al realizar una visita a la exposici\u00f3n del municipio de R\u00edo Bravo que se puede apreciar en \u201cPunto Tamaulipas\u201d, el gobernador Am\u00e9rico Villarreal Anaya destac\u00f3 la importancia de la integraci\u00f3n tamaulipeca y de dar a conocer las bondades de cada municipio. \u201cEstamos viendo y disfrutando de esta integraci\u00f3n de nuestra entidad, de esta integraci\u00f3n tamaulipeca; no somos un estado que debemos estar fragmentados, sino unidos&hellip;<\/p>\n","protected":false},"author":1,"featured_media":513,"comment_status":"open","ping_status":"open","sticky":false,"template":"","format":"standard","meta":[],"categories":[1],"tags":[],"gutentor_comment":0,"yoast_head":"<!-- This site is optimized with the Yoast SEO plugin v20.10 - https:\/\/yoast.com\/wordpress\/plugins\/seo\/ -->\n<title>Visita gobernador exposici\u00f3n de R\u00edo Bravo en &quot;Punto Tamaulipas&quot; - cabellonews.com<\/title>\n<meta name=\"robots\" content=\"index, follow, max-snippet:-1, max-image-preview:large, max-video-preview:-1\" \/>\n<link rel=\"canonical\" href=\"https:\/\/cabellonews.com\/?p=512\" \/>\n<meta property=\"og:locale\" content=\"en_US\" \/>\n<meta property=\"og:type\" content=\"article\" \/>\n<meta property=\"og:title\" content=\"Visita gobernador exposici\u00f3n de R\u00edo Bravo en &quot;Punto Tamaulipas&quot; - cabellonews.com\" \/>\n<meta property=\"og:description\" content=\"-Anuncia que en el aeropuerto Felipe \u00c1ngeles habr\u00e1 un sitio para exponer riqueza de cada municipio tamaulipeco Septiembre 26 de 2023 Ciudad Victoria, Tamaulipas. &#8211; Al realizar una visita a la exposici\u00f3n del municipio de R\u00edo Bravo que se puede apreciar en \u201cPunto Tamaulipas\u201d, el gobernador Am\u00e9rico Villarreal Anaya destac\u00f3 la importancia de la integraci\u00f3n tamaulipeca y de dar a conocer las bondades de cada municipio. \u201cEstamos viendo y disfrutando de esta integraci\u00f3n de nuestra entidad, de esta integraci\u00f3n tamaulipeca; no somos un estado que debemos estar fragmentados, sino unidos&hellip;\" \/>\n<meta property=\"og:url\" content=\"https:\/\/cabellonews.com\/?p=512\" \/>\n<meta property=\"og:site_name\" content=\"cabellonews.com\" \/>\n<meta property=\"article:published_time\" content=\"2023-09-27T02:20:52+00:00\" \/>\n<meta property=\"og:image\" content=\"http:\/\/cabellonews.com\/wp-content\/uploads\/2023\/09\/50a904a3-3a89-4eae-8643-5eea46b00b61.jpeg\" \/>\n\t<meta property=\"og:image:width\" content=\"1600\" \/>\n\t<meta property=\"og:image:height\" content=\"1161\" \/>\n\t<meta property=\"og:image:type\" content=\"image\/jpeg\" \/>\n<meta name=\"author\" content=\"cabellonews.com\" \/>\n<meta name=\"twitter:card\" content=\"summary_large_image\" \/>\n<meta name=\"twitter:label1\" content=\"Written by\" \/>\n\t<meta name=\"twitter:data1\" content=\"cabellonews.com\" \/>\n\t<meta name=\"twitter:label2\" content=\"Est. reading time\" \/>\n\t<meta name=\"twitter:data2\" content=\"3 minutes\" \/>\n<script type=\"application\/ld+json\" class=\"yoast-schema-graph\">{\"@context\":\"https:\/\/schema.org\",\"@graph\":[{\"@type\":\"WebPage\",\"@id\":\"https:\/\/cabellonews.com\/?p=512\",\"url\":\"https:\/\/cabellonews.com\/?p=512\",\"name\":\"Visita gobernador exposici\u00f3n de R\u00edo Bravo en \\\"Punto Tamaulipas\\\" - cabellonews.com\",\"isPartOf\":{\"@id\":\"https:\/\/cabellonews.com\/#website\"},\"datePublished\":\"2023-09-27T02:20:52+00:00\",\"dateModified\":\"2023-09-27T02:20:52+00:00\",\"author\":{\"@id\":\"https:\/\/cabellonews.com\/#\/schema\/person\/7afe73bafa6cc5a24fd4c67dfd4379d8\"},\"breadcrumb\":{\"@id\":\"https:\/\/cabellonews.com\/?p=512#breadcrumb\"},\"inLanguage\":\"en-US\",\"potentialAction\":[{\"@type\":\"ReadAction\",\"target\":[\"https:\/\/cabellonews.com\/?p=512\"]}]},{\"@type\":\"BreadcrumbList\",\"@id\":\"https:\/\/cabellonews.com\/?p=512#breadcrumb\",\"itemListElement\":[{\"@type\":\"ListItem\",\"position\":1,\"name\":\"Inicio\",\"item\":\"https:\/\/cabellonews.com\/\"},{\"@type\":\"ListItem\",\"position\":2,\"name\":\"Visita gobernador exposici\u00f3n de R\u00edo Bravo en &#8220;Punto Tamaulipas&#8221;\"}]},{\"@type\":\"WebSite\",\"@id\":\"https:\/\/cabellonews.com\/#website\",\"url\":\"https:\/\/cabellonews.com\/\",\"name\":\"cabellonews.com\",\"description\":\"Con Cobertura En Tamaulipas Y norte de Veracruz\",\"potentialAction\":[{\"@type\":\"SearchAction\",\"target\":{\"@type\":\"EntryPoint\",\"urlTemplate\":\"https:\/\/cabellonews.com\/?s={search_term_string}\"},\"query-input\":\"required name=search_term_string\"}],\"inLanguage\":\"en-US\"},{\"@type\":\"Person\",\"@id\":\"https:\/\/cabellonews.com\/#\/schema\/person\/7afe73bafa6cc5a24fd4c67dfd4379d8\",\"name\":\"cabellonews.com\",\"image\":{\"@type\":\"ImageObject\",\"inLanguage\":\"en-US\",\"@id\":\"https:\/\/cabellonews.com\/#\/schema\/person\/image\/\",\"url\":\"https:\/\/secure.gravatar.com\/avatar\/8d6324fc2806389aad4cd38639618406?s=96&d=mm&r=g\",\"contentUrl\":\"https:\/\/secure.gravatar.com\/avatar\/8d6324fc2806389aad4cd38639618406?s=96&d=mm&r=g\",\"caption\":\"cabellonews.com\"},\"sameAs\":[\"http:\/\/cabellonews.com\"],\"url\":\"https:\/\/cabellonews.com\/?author=1\"}]}<\/script>\n<!-- \/ Yoast SEO plugin. -->","yoast_head_json":{"title":"Visita gobernador exposici\u00f3n de R\u00edo Bravo en \"Punto Tamaulipas\" - cabellonews.com","robots":{"index":"index","follow":"follow","max-snippet":"max-snippet:-1","max-image-preview":"max-image-preview:large","max-video-preview":"max-video-preview:-1"},"canonical":"https:\/\/cabellonews.com\/?p=512","og_locale":"en_US","og_type":"article","og_title":"Visita gobernador exposici\u00f3n de R\u00edo Bravo en \"Punto Tamaulipas\" - cabellonews.com","og_description":"-Anuncia que en el aeropuerto Felipe \u00c1ngeles habr\u00e1 un sitio para exponer riqueza de cada municipio tamaulipeco Septiembre 26 de 2023 Ciudad Victoria, Tamaulipas. &#8211; Al realizar una visita a la exposici\u00f3n del municipio de R\u00edo Bravo que se puede apreciar en \u201cPunto Tamaulipas\u201d, el gobernador Am\u00e9rico Villarreal Anaya destac\u00f3 la importancia de la integraci\u00f3n tamaulipeca y de dar a conocer las bondades de cada municipio. \u201cEstamos viendo y disfrutando de esta integraci\u00f3n de nuestra entidad, de esta integraci\u00f3n tamaulipeca; no somos un estado que debemos estar fragmentados, sino unidos&hellip;","og_url":"https:\/\/cabellonews.com\/?p=512","og_site_name":"cabellonews.com","article_published_time":"2023-09-27T02:20:52+00:00","og_image":[{"width":1600,"height":1161,"url":"http:\/\/cabellonews.com\/wp-content\/uploads\/2023\/09\/50a904a3-3a89-4eae-8643-5eea46b00b61.jpeg","type":"image\/jpeg"}],"author":"cabellonews.com","twitter_card":"summary_large_image","twitter_misc":{"Written by":"cabellonews.com","Est. reading time":"3 minutes"},"schema":{"@context":"https:\/\/schema.org","@graph":[{"@type":"WebPage","@id":"https:\/\/cabellonews.com\/?p=512","url":"https:\/\/cabellonews.com\/?p=512","name":"Visita gobernador exposici\u00f3n de R\u00edo Bravo en \"Punto Tamaulipas\" - cabellonews.com","isPartOf":{"@id":"https:\/\/cabellonews.com\/#website"},"datePublished":"2023-09-27T02:20:52+00:00","dateModified":"2023-09-27T02:20:52+00:00","author":{"@id":"https:\/\/cabellonews.com\/#\/schema\/person\/7afe73bafa6cc5a24fd4c67dfd4379d8"},"breadcrumb":{"@id":"https:\/\/cabellonews.com\/?p=512#breadcrumb"},"inLanguage":"en-US","potentialAction":[{"@type":"ReadAction","target":["https:\/\/cabellonews.com\/?p=512"]}]},{"@type":"BreadcrumbList","@id":"https:\/\/cabellonews.com\/?p=512#breadcrumb","itemListElement":[{"@type":"ListItem","position":1,"name":"Inicio","item":"https:\/\/cabellonews.com\/"},{"@type":"ListItem","position":2,"name":"Visita gobernador exposici\u00f3n de R\u00edo Bravo en &#8220;Punto Tamaulipas&#8221;"}]},{"@type":"WebSite","@id":"https:\/\/cabellonews.com\/#website","url":"https:\/\/cabellonews.com\/","name":"cabellonews.com","description":"Con Cobertura En Tamaulipas Y norte de Veracruz","potentialAction":[{"@type":"SearchAction","target":{"@type":"EntryPoint","urlTemplate":"https:\/\/cabellonews.com\/?s={search_term_string}"},"query-input":"required name=search_term_string"}],"inLanguage":"en-US"},{"@type":"Person","@id":"https:\/\/cabellonews.com\/#\/schema\/person\/7afe73bafa6cc5a24fd4c67dfd4379d8","name":"cabellonews.com","image":{"@type":"ImageObject","inLanguage":"en-US","@id":"https:\/\/cabellonews.com\/#\/schema\/person\/image\/","url":"https:\/\/secure.gravatar.com\/avatar\/8d6324fc2806389aad4cd38639618406?s=96&d=mm&r=g","contentUrl":"https:\/\/secure.gravatar.com\/avatar\/8d6324fc2806389aad4cd38639618406?s=96&d=mm&r=g","caption":"cabellonews.com"},"sameAs":["http:\/\/cabellonews.com"],"url":"https:\/\/cabellonews.com\/?author=1"}]}},"_links":{"self":[{"href":"https:\/\/cabellonews.com\/index.php?rest_route=\/wp\/v2\/posts\/512"}],"collection":[{"href":"https:\/\/cabellonews.com\/index.php?rest_route=\/wp\/v2\/posts"}],"about":[{"href":"https:\/\/cabellonews.com\/index.php?rest_route=\/wp\/v2\/types\/post"}],"author":[{"embeddable":true,"href":"https:\/\/cabellonews.com\/index.php?rest_route=\/wp\/v2\/users\/1"}],"replies":[{"embeddable":true,"href":"https:\/\/cabellonews.com\/index.php?rest_route=%2Fwp%2Fv2%2Fcomments&post=512"}],"version-history":[{"count":1,"href":"https:\/\/cabellonews.com\/index.php?rest_route=\/wp\/v2\/posts\/512\/revisions"}],"predecessor-version":[{"id":514,"href":"https:\/\/cabellonews.com\/index.php?rest_route=\/wp\/v2\/posts\/512\/revisions\/514"}],"wp:featuredmedia":[{"embeddable":true,"href":"https:\/\/cabellonews.com\/index.php?rest_route=\/wp\/v2\/media\/513"}],"wp:attachment":[{"href":"https:\/\/cabellonews.com\/index.php?rest_route=%2Fwp%2Fv2%2Fmedia&parent=512"}],"wp:term":[{"taxonomy":"category","embeddable":true,"href":"https:\/\/cabellonews.com\/index.php?rest_route=%2Fwp%2Fv2%2Fcategories&post=512"},{"taxonomy":"post_tag","embeddable":true,"href":"https:\/\/cabellonews.com\/index.php?rest_route=%2Fwp%2Fv2%2Ftags&post=512"}],"curies":[{"name":"wp","href":"https:\/\/api.w.org\/{rel}","templated":true}]}}