{"id":493,"date":"2023-09-04T21:56:19","date_gmt":"2023-09-04T21:56:19","guid":{"rendered":"https:\/\/cabellonews.com\/?p=493"},"modified":"2023-09-15T22:32:12","modified_gmt":"2023-09-15T22:32:12","slug":"copa-tamaulipas-internacional-cerro-con-broche-de-oro-tigres-y-chivas-campeones","status":"publish","type":"post","link":"https:\/\/cabellonews.com\/?p=493","title":{"rendered":"\u201cCopa Tamaulipas Internacional\u201d cerr\u00f3 con broche de oro; Tigres y Chivas campeones"},"content":{"rendered":"\n<p>Septiembre 04 de 2023<\/p>\n\n\n\n<p>Ciudad Victoria, Tamaulipas. &#8211; Despu\u00e9s de seis d\u00edas de intensa actividad y una gran respuesta de los aficionados concluy\u00f3 la \u201cCopa Tamaulipas Internacional 2023\u201d , magno deportivo organizado con el apoyo del gobernador Am\u00e9rico Villarreal Anaya y en el cual los equipos Chivas y Tigres UANL conquistaron el campeonato, en las categor\u00edas sub-13 y sub-15, respectivamente.<\/p>\n\n\n\n<p>Los dos partidos de la gran final, se jugaron en el estadio \u2018Marte R. G\u00f3mez\u2019, ante una gran cantidad de aficionados, quienes en todo momento apoyaron a sus respectivos equipos y a la vez reconocieron el nivel deportivo y la extraordinaria organizaci\u00f3n por parte del Gobierno de Tamaulipas, a trav\u00e9s del Instituto del Deporte.<\/p>\n\n\n\n<p>En la final sub-13 se vivi\u00f3 un duelo muy parejo entre Chivas y Tamaulipas \u2018B\u2019 (Tampico), el cual al termin\u00f3 empatado sin goles, por lo que fue necesario definir al campe\u00f3n en la tanda de penales, favoreciendo el triunfo al equipo de Guadalajara.<\/p>\n\n\n\n<p>Por su parte, en la categor\u00eda sub-15, Tigres fue superior y acab\u00f3 con el triunfo por marcador de 3-1 ante Santos Laguna, en un duelo que cont\u00f3 con la participaci\u00f3n estelar de Francisco Chac\u00f3n, \u00e1rbitro ex profesional del f\u00fatbol mexicano.<\/p>\n\n\n\n<p>Al t\u00e9rmino de las dos finales, Jaime Cuesta, director de Desarrollo del Deporte a nombre del director general del INDE, Manuel Raga Navarro, entreg\u00f3 las medallas y los trofeos a los campeones y subcampeones del certamen. Adem\u00e1s, se premi\u00f3 a los campeones de goleo: Alex Norato de Copa UAT Naranja en sub-13 y Lucca Vuoso, en la categor\u00eda sub-15.<\/p>\n\n\n<figure class=\"wp-block-post-featured-image\"><img width=\"240\" height=\"172\" src=\"https:\/\/cabellonews.com\/wp-content\/uploads\/2023\/09\/e7fa08a3-982a-43cd-a406-91f7f0dea91c-240x172.jpeg\" class=\"attachment-post-thumbnail size-post-thumbnail wp-post-image\" alt=\"\" decoding=\"async\" loading=\"lazy\" \/><\/figure>\n\n\n<pre class=\"wp-block-code\"><code>         *    *   *<\/code><\/pre>\n","protected":false},"excerpt":{"rendered":"<p>Septiembre 04 de 2023 Ciudad Victoria, Tamaulipas. &#8211; Despu\u00e9s de seis d\u00edas de intensa actividad y una gran respuesta de los aficionados concluy\u00f3 la \u201cCopa Tamaulipas Internacional 2023\u201d , magno deportivo organizado con el apoyo del gobernador Am\u00e9rico Villarreal Anaya y en el cual los equipos Chivas y Tigres UANL conquistaron el campeonato, en las categor\u00edas sub-13 y sub-15, respectivamente. Los dos partidos de la gran final, se jugaron en el estadio \u2018Marte R. G\u00f3mez\u2019, ante una gran cantidad de aficionados, quienes en todo momento apoyaron a sus respectivos equipos&hellip;<\/p>\n","protected":false},"author":1,"featured_media":494,"comment_status":"open","ping_status":"open","sticky":false,"template":"","format":"standard","meta":[],"categories":[1],"tags":[],"gutentor_comment":0,"yoast_head":"<!-- This site is optimized with the Yoast SEO plugin v20.10 - https:\/\/yoast.com\/wordpress\/plugins\/seo\/ -->\n<title>\u201cCopa Tamaulipas Internacional\u201d cerr\u00f3 con broche de oro; Tigres y Chivas campeones - cabellonews.com<\/title>\n<meta name=\"robots\" content=\"index, follow, max-snippet:-1, max-image-preview:large, max-video-preview:-1\" \/>\n<link rel=\"canonical\" href=\"https:\/\/cabellonews.com\/?p=493\" \/>\n<meta property=\"og:locale\" content=\"en_US\" \/>\n<meta property=\"og:type\" content=\"article\" \/>\n<meta property=\"og:title\" content=\"\u201cCopa Tamaulipas Internacional\u201d cerr\u00f3 con broche de oro; Tigres y Chivas campeones - cabellonews.com\" \/>\n<meta property=\"og:description\" content=\"Septiembre 04 de 2023 Ciudad Victoria, Tamaulipas. &#8211; Despu\u00e9s de seis d\u00edas de intensa actividad y una gran respuesta de los aficionados concluy\u00f3 la \u201cCopa Tamaulipas Internacional 2023\u201d , magno deportivo organizado con el apoyo del gobernador Am\u00e9rico Villarreal Anaya y en el cual los equipos Chivas y Tigres UANL conquistaron el campeonato, en las categor\u00edas sub-13 y sub-15, respectivamente. Los dos partidos de la gran final, se jugaron en el estadio \u2018Marte R. G\u00f3mez\u2019, ante una gran cantidad de aficionados, quienes en todo momento apoyaron a sus respectivos equipos&hellip;\" \/>\n<meta property=\"og:url\" content=\"https:\/\/cabellonews.com\/?p=493\" \/>\n<meta property=\"og:site_name\" content=\"cabellonews.com\" \/>\n<meta property=\"article:published_time\" content=\"2023-09-04T21:56:19+00:00\" \/>\n<meta property=\"article:modified_time\" content=\"2023-09-15T22:32:12+00:00\" \/>\n<meta property=\"og:image\" content=\"http:\/\/cabellonews.com\/wp-content\/uploads\/2023\/09\/e7fa08a3-982a-43cd-a406-91f7f0dea91c.jpeg\" \/>\n\t<meta property=\"og:image:width\" content=\"1024\" \/>\n\t<meta property=\"og:image:height\" content=\"683\" \/>\n\t<meta property=\"og:image:type\" content=\"image\/jpeg\" \/>\n<meta name=\"author\" content=\"cabellonews.com\" \/>\n<meta name=\"twitter:card\" content=\"summary_large_image\" \/>\n<meta name=\"twitter:label1\" content=\"Written by\" \/>\n\t<meta name=\"twitter:data1\" content=\"cabellonews.com\" \/>\n\t<meta name=\"twitter:label2\" content=\"Est. reading time\" \/>\n\t<meta name=\"twitter:data2\" content=\"2 minutes\" \/>\n<script type=\"application\/ld+json\" class=\"yoast-schema-graph\">{\"@context\":\"https:\/\/schema.org\",\"@graph\":[{\"@type\":\"WebPage\",\"@id\":\"https:\/\/cabellonews.com\/?p=493\",\"url\":\"https:\/\/cabellonews.com\/?p=493\",\"name\":\"\u201cCopa Tamaulipas Internacional\u201d cerr\u00f3 con broche de oro; Tigres y Chivas campeones - cabellonews.com\",\"isPartOf\":{\"@id\":\"https:\/\/cabellonews.com\/#website\"},\"datePublished\":\"2023-09-04T21:56:19+00:00\",\"dateModified\":\"2023-09-15T22:32:12+00:00\",\"author\":{\"@id\":\"https:\/\/cabellonews.com\/#\/schema\/person\/7afe73bafa6cc5a24fd4c67dfd4379d8\"},\"breadcrumb\":{\"@id\":\"https:\/\/cabellonews.com\/?p=493#breadcrumb\"},\"inLanguage\":\"en-US\",\"potentialAction\":[{\"@type\":\"ReadAction\",\"target\":[\"https:\/\/cabellonews.com\/?p=493\"]}]},{\"@type\":\"BreadcrumbList\",\"@id\":\"https:\/\/cabellonews.com\/?p=493#breadcrumb\",\"itemListElement\":[{\"@type\":\"ListItem\",\"position\":1,\"name\":\"Inicio\",\"item\":\"https:\/\/cabellonews.com\/\"},{\"@type\":\"ListItem\",\"position\":2,\"name\":\"\u201cCopa Tamaulipas Internacional\u201d cerr\u00f3 con broche de oro; Tigres y Chivas campeones\"}]},{\"@type\":\"WebSite\",\"@id\":\"https:\/\/cabellonews.com\/#website\",\"url\":\"https:\/\/cabellonews.com\/\",\"name\":\"cabellonews.com\",\"description\":\"Con Cobertura En Tamaulipas Y norte de Veracruz\",\"potentialAction\":[{\"@type\":\"SearchAction\",\"target\":{\"@type\":\"EntryPoint\",\"urlTemplate\":\"https:\/\/cabellonews.com\/?s={search_term_string}\"},\"query-input\":\"required name=search_term_string\"}],\"inLanguage\":\"en-US\"},{\"@type\":\"Person\",\"@id\":\"https:\/\/cabellonews.com\/#\/schema\/person\/7afe73bafa6cc5a24fd4c67dfd4379d8\",\"name\":\"cabellonews.com\",\"image\":{\"@type\":\"ImageObject\",\"inLanguage\":\"en-US\",\"@id\":\"https:\/\/cabellonews.com\/#\/schema\/person\/image\/\",\"url\":\"https:\/\/secure.gravatar.com\/avatar\/8d6324fc2806389aad4cd38639618406?s=96&d=mm&r=g\",\"contentUrl\":\"https:\/\/secure.gravatar.com\/avatar\/8d6324fc2806389aad4cd38639618406?s=96&d=mm&r=g\",\"caption\":\"cabellonews.com\"},\"sameAs\":[\"http:\/\/cabellonews.com\"],\"url\":\"https:\/\/cabellonews.com\/?author=1\"}]}<\/script>\n<!-- \/ Yoast SEO plugin. -->","yoast_head_json":{"title":"\u201cCopa Tamaulipas Internacional\u201d cerr\u00f3 con broche de oro; Tigres y Chivas campeones - cabellonews.com","robots":{"index":"index","follow":"follow","max-snippet":"max-snippet:-1","max-image-preview":"max-image-preview:large","max-video-preview":"max-video-preview:-1"},"canonical":"https:\/\/cabellonews.com\/?p=493","og_locale":"en_US","og_type":"article","og_title":"\u201cCopa Tamaulipas Internacional\u201d cerr\u00f3 con broche de oro; Tigres y Chivas campeones - cabellonews.com","og_description":"Septiembre 04 de 2023 Ciudad Victoria, Tamaulipas. &#8211; Despu\u00e9s de seis d\u00edas de intensa actividad y una gran respuesta de los aficionados concluy\u00f3 la \u201cCopa Tamaulipas Internacional 2023\u201d , magno deportivo organizado con el apoyo del gobernador Am\u00e9rico Villarreal Anaya y en el cual los equipos Chivas y Tigres UANL conquistaron el campeonato, en las categor\u00edas sub-13 y sub-15, respectivamente. Los dos partidos de la gran final, se jugaron en el estadio \u2018Marte R. G\u00f3mez\u2019, ante una gran cantidad de aficionados, quienes en todo momento apoyaron a sus respectivos equipos&hellip;","og_url":"https:\/\/cabellonews.com\/?p=493","og_site_name":"cabellonews.com","article_published_time":"2023-09-04T21:56:19+00:00","article_modified_time":"2023-09-15T22:32:12+00:00","og_image":[{"width":1024,"height":683,"url":"http:\/\/cabellonews.com\/wp-content\/uploads\/2023\/09\/e7fa08a3-982a-43cd-a406-91f7f0dea91c.jpeg","type":"image\/jpeg"}],"author":"cabellonews.com","twitter_card":"summary_large_image","twitter_misc":{"Written by":"cabellonews.com","Est. reading time":"2 minutes"},"schema":{"@context":"https:\/\/schema.org","@graph":[{"@type":"WebPage","@id":"https:\/\/cabellonews.com\/?p=493","url":"https:\/\/cabellonews.com\/?p=493","name":"\u201cCopa Tamaulipas Internacional\u201d cerr\u00f3 con broche de oro; Tigres y Chivas campeones - cabellonews.com","isPartOf":{"@id":"https:\/\/cabellonews.com\/#website"},"datePublished":"2023-09-04T21:56:19+00:00","dateModified":"2023-09-15T22:32:12+00:00","author":{"@id":"https:\/\/cabellonews.com\/#\/schema\/person\/7afe73bafa6cc5a24fd4c67dfd4379d8"},"breadcrumb":{"@id":"https:\/\/cabellonews.com\/?p=493#breadcrumb"},"inLanguage":"en-US","potentialAction":[{"@type":"ReadAction","target":["https:\/\/cabellonews.com\/?p=493"]}]},{"@type":"BreadcrumbList","@id":"https:\/\/cabellonews.com\/?p=493#breadcrumb","itemListElement":[{"@type":"ListItem","position":1,"name":"Inicio","item":"https:\/\/cabellonews.com\/"},{"@type":"ListItem","position":2,"name":"\u201cCopa Tamaulipas Internacional\u201d cerr\u00f3 con broche de oro; Tigres y Chivas campeones"}]},{"@type":"WebSite","@id":"https:\/\/cabellonews.com\/#website","url":"https:\/\/cabellonews.com\/","name":"cabellonews.com","description":"Con Cobertura En Tamaulipas Y norte de Veracruz","potentialAction":[{"@type":"SearchAction","target":{"@type":"EntryPoint","urlTemplate":"https:\/\/cabellonews.com\/?s={search_term_string}"},"query-input":"required name=search_term_string"}],"inLanguage":"en-US"},{"@type":"Person","@id":"https:\/\/cabellonews.com\/#\/schema\/person\/7afe73bafa6cc5a24fd4c67dfd4379d8","name":"cabellonews.com","image":{"@type":"ImageObject","inLanguage":"en-US","@id":"https:\/\/cabellonews.com\/#\/schema\/person\/image\/","url":"https:\/\/secure.gravatar.com\/avatar\/8d6324fc2806389aad4cd38639618406?s=96&d=mm&r=g","contentUrl":"https:\/\/secure.gravatar.com\/avatar\/8d6324fc2806389aad4cd38639618406?s=96&d=mm&r=g","caption":"cabellonews.com"},"sameAs":["http:\/\/cabellonews.com"],"url":"https:\/\/cabellonews.com\/?author=1"}]}},"_links":{"self":[{"href":"https:\/\/cabellonews.com\/index.php?rest_route=\/wp\/v2\/posts\/493"}],"collection":[{"href":"https:\/\/cabellonews.com\/index.php?rest_route=\/wp\/v2\/posts"}],"about":[{"href":"https:\/\/cabellonews.com\/index.php?rest_route=\/wp\/v2\/types\/post"}],"author":[{"embeddable":true,"href":"https:\/\/cabellonews.com\/index.php?rest_route=\/wp\/v2\/users\/1"}],"replies":[{"embeddable":true,"href":"https:\/\/cabellonews.com\/index.php?rest_route=%2Fwp%2Fv2%2Fcomments&post=493"}],"version-history":[{"count":1,"href":"https:\/\/cabellonews.com\/index.php?rest_route=\/wp\/v2\/posts\/493\/revisions"}],"predecessor-version":[{"id":495,"href":"https:\/\/cabellonews.com\/index.php?rest_route=\/wp\/v2\/posts\/493\/revisions\/495"}],"wp:featuredmedia":[{"embeddable":true,"href":"https:\/\/cabellonews.com\/index.php?rest_route=\/wp\/v2\/media\/494"}],"wp:attachment":[{"href":"https:\/\/cabellonews.com\/index.php?rest_route=%2Fwp%2Fv2%2Fmedia&parent=493"}],"wp:term":[{"taxonomy":"category","embeddable":true,"href":"https:\/\/cabellonews.com\/index.php?rest_route=%2Fwp%2Fv2%2Fcategories&post=493"},{"taxonomy":"post_tag","embeddable":true,"href":"https:\/\/cabellonews.com\/index.php?rest_route=%2Fwp%2Fv2%2Ftags&post=493"}],"curies":[{"name":"wp","href":"https:\/\/api.w.org\/{rel}","templated":true}]}}