{"id":490,"date":"2023-09-05T21:54:02","date_gmt":"2023-09-05T21:54:02","guid":{"rendered":"https:\/\/cabellonews.com\/?p=490"},"modified":"2023-09-15T22:34:34","modified_gmt":"2023-09-15T22:34:34","slug":"realizan-jornada-de-asistencia-juridica-en-cedes-matamoros","status":"publish","type":"post","link":"https:\/\/cabellonews.com\/?p=490","title":{"rendered":"Realizan Jornada de Asistencia Jur\u00eddica en CEDES Matamoros"},"content":{"rendered":"\n<p>Septiembre 05 de 2023<\/p>\n\n\n\n<p>Matamoros, Tamaulipas. &#8211; Personal del Instituto de Defensor\u00eda P\u00fablica del Estado de Tamaulipas, realiz\u00f3 una Jornada de Asistencia Jur\u00eddica en el Centro de Ejecuci\u00f3n de Sanciones (CEDES) del municipio de Matamoros.<\/p>\n\n\n\n<p>En esta jornada, se atendieron de manera individualizada a poco m\u00e1s de 200 personas privadas de la libertad (PPLs), que se encuentran en este centro tanto en el m\u00f3dulo femenil, como en el varonil.<\/p>\n\n\n\n<p>Esta actividad forma parte de las acciones permanentes que el Instituto de Defensor\u00eda P\u00fablica del Estado de Tamaulipas, lleva a cabo en todos los CEDES de la entidad.<\/p>\n\n\n\n<p>Mediante la colaboraci\u00f3n interinstitucional, la Secretar\u00eda de Seguridad P\u00fablica de Tamaulipas (SSPT), salvaguarda los derechos de las PPLs y garantiza el acceso a la justicia e informaci\u00f3n.<\/p>\n\n\n<figure class=\"wp-block-post-featured-image\"><img width=\"240\" height=\"172\" src=\"https:\/\/cabellonews.com\/wp-content\/uploads\/2023\/09\/159bb7a7-322b-45f2-989c-d57fda94b72b-240x172.jpeg\" class=\"attachment-post-thumbnail size-post-thumbnail wp-post-image\" alt=\"\" decoding=\"async\" loading=\"lazy\" \/><\/figure>\n\n\n<pre class=\"wp-block-code\"><code>       *     *   *<\/code><\/pre>\n","protected":false},"excerpt":{"rendered":"<p>Septiembre 05 de 2023 Matamoros, Tamaulipas. &#8211; Personal del Instituto de Defensor\u00eda P\u00fablica del Estado de Tamaulipas, realiz\u00f3 una Jornada de Asistencia Jur\u00eddica en el Centro de Ejecuci\u00f3n de Sanciones (CEDES) del municipio de Matamoros. En esta jornada, se atendieron de manera individualizada a poco m\u00e1s de 200 personas privadas de la libertad (PPLs), que se encuentran en este centro tanto en el m\u00f3dulo femenil, como en el varonil. Esta actividad forma parte de las acciones permanentes que el Instituto de Defensor\u00eda P\u00fablica del Estado de Tamaulipas, lleva a cabo&hellip;<\/p>\n","protected":false},"author":1,"featured_media":491,"comment_status":"open","ping_status":"open","sticky":false,"template":"","format":"standard","meta":[],"categories":[1],"tags":[],"gutentor_comment":0,"yoast_head":"<!-- This site is optimized with the Yoast SEO plugin v20.10 - https:\/\/yoast.com\/wordpress\/plugins\/seo\/ -->\n<title>Realizan Jornada de Asistencia Jur\u00eddica en CEDES Matamoros - cabellonews.com<\/title>\n<meta name=\"robots\" content=\"index, follow, max-snippet:-1, max-image-preview:large, max-video-preview:-1\" \/>\n<link rel=\"canonical\" href=\"https:\/\/cabellonews.com\/?p=490\" \/>\n<meta property=\"og:locale\" content=\"en_US\" \/>\n<meta property=\"og:type\" content=\"article\" \/>\n<meta property=\"og:title\" content=\"Realizan Jornada de Asistencia Jur\u00eddica en CEDES Matamoros - cabellonews.com\" \/>\n<meta property=\"og:description\" content=\"Septiembre 05 de 2023 Matamoros, Tamaulipas. &#8211; Personal del Instituto de Defensor\u00eda P\u00fablica del Estado de Tamaulipas, realiz\u00f3 una Jornada de Asistencia Jur\u00eddica en el Centro de Ejecuci\u00f3n de Sanciones (CEDES) del municipio de Matamoros. En esta jornada, se atendieron de manera individualizada a poco m\u00e1s de 200 personas privadas de la libertad (PPLs), que se encuentran en este centro tanto en el m\u00f3dulo femenil, como en el varonil. Esta actividad forma parte de las acciones permanentes que el Instituto de Defensor\u00eda P\u00fablica del Estado de Tamaulipas, lleva a cabo&hellip;\" \/>\n<meta property=\"og:url\" content=\"https:\/\/cabellonews.com\/?p=490\" \/>\n<meta property=\"og:site_name\" content=\"cabellonews.com\" \/>\n<meta property=\"article:published_time\" content=\"2023-09-05T21:54:02+00:00\" \/>\n<meta property=\"article:modified_time\" content=\"2023-09-15T22:34:34+00:00\" \/>\n<meta property=\"og:image\" content=\"http:\/\/cabellonews.com\/wp-content\/uploads\/2023\/09\/159bb7a7-322b-45f2-989c-d57fda94b72b.jpeg\" \/>\n\t<meta property=\"og:image:width\" content=\"1280\" \/>\n\t<meta property=\"og:image:height\" content=\"852\" \/>\n\t<meta property=\"og:image:type\" content=\"image\/jpeg\" \/>\n<meta name=\"author\" content=\"cabellonews.com\" \/>\n<meta name=\"twitter:card\" content=\"summary_large_image\" \/>\n<meta name=\"twitter:label1\" content=\"Written by\" \/>\n\t<meta name=\"twitter:data1\" content=\"cabellonews.com\" \/>\n<script type=\"application\/ld+json\" class=\"yoast-schema-graph\">{\"@context\":\"https:\/\/schema.org\",\"@graph\":[{\"@type\":\"WebPage\",\"@id\":\"https:\/\/cabellonews.com\/?p=490\",\"url\":\"https:\/\/cabellonews.com\/?p=490\",\"name\":\"Realizan Jornada de Asistencia Jur\u00eddica en CEDES Matamoros - cabellonews.com\",\"isPartOf\":{\"@id\":\"https:\/\/cabellonews.com\/#website\"},\"datePublished\":\"2023-09-05T21:54:02+00:00\",\"dateModified\":\"2023-09-15T22:34:34+00:00\",\"author\":{\"@id\":\"https:\/\/cabellonews.com\/#\/schema\/person\/7afe73bafa6cc5a24fd4c67dfd4379d8\"},\"breadcrumb\":{\"@id\":\"https:\/\/cabellonews.com\/?p=490#breadcrumb\"},\"inLanguage\":\"en-US\",\"potentialAction\":[{\"@type\":\"ReadAction\",\"target\":[\"https:\/\/cabellonews.com\/?p=490\"]}]},{\"@type\":\"BreadcrumbList\",\"@id\":\"https:\/\/cabellonews.com\/?p=490#breadcrumb\",\"itemListElement\":[{\"@type\":\"ListItem\",\"position\":1,\"name\":\"Inicio\",\"item\":\"https:\/\/cabellonews.com\/\"},{\"@type\":\"ListItem\",\"position\":2,\"name\":\"Realizan Jornada de Asistencia Jur\u00eddica en CEDES Matamoros\"}]},{\"@type\":\"WebSite\",\"@id\":\"https:\/\/cabellonews.com\/#website\",\"url\":\"https:\/\/cabellonews.com\/\",\"name\":\"cabellonews.com\",\"description\":\"Con Cobertura En Tamaulipas Y norte de Veracruz\",\"potentialAction\":[{\"@type\":\"SearchAction\",\"target\":{\"@type\":\"EntryPoint\",\"urlTemplate\":\"https:\/\/cabellonews.com\/?s={search_term_string}\"},\"query-input\":\"required name=search_term_string\"}],\"inLanguage\":\"en-US\"},{\"@type\":\"Person\",\"@id\":\"https:\/\/cabellonews.com\/#\/schema\/person\/7afe73bafa6cc5a24fd4c67dfd4379d8\",\"name\":\"cabellonews.com\",\"image\":{\"@type\":\"ImageObject\",\"inLanguage\":\"en-US\",\"@id\":\"https:\/\/cabellonews.com\/#\/schema\/person\/image\/\",\"url\":\"https:\/\/secure.gravatar.com\/avatar\/8d6324fc2806389aad4cd38639618406?s=96&d=mm&r=g\",\"contentUrl\":\"https:\/\/secure.gravatar.com\/avatar\/8d6324fc2806389aad4cd38639618406?s=96&d=mm&r=g\",\"caption\":\"cabellonews.com\"},\"sameAs\":[\"http:\/\/cabellonews.com\"],\"url\":\"https:\/\/cabellonews.com\/?author=1\"}]}<\/script>\n<!-- \/ Yoast SEO plugin. -->","yoast_head_json":{"title":"Realizan Jornada de Asistencia Jur\u00eddica en CEDES Matamoros - cabellonews.com","robots":{"index":"index","follow":"follow","max-snippet":"max-snippet:-1","max-image-preview":"max-image-preview:large","max-video-preview":"max-video-preview:-1"},"canonical":"https:\/\/cabellonews.com\/?p=490","og_locale":"en_US","og_type":"article","og_title":"Realizan Jornada de Asistencia Jur\u00eddica en CEDES Matamoros - cabellonews.com","og_description":"Septiembre 05 de 2023 Matamoros, Tamaulipas. &#8211; Personal del Instituto de Defensor\u00eda P\u00fablica del Estado de Tamaulipas, realiz\u00f3 una Jornada de Asistencia Jur\u00eddica en el Centro de Ejecuci\u00f3n de Sanciones (CEDES) del municipio de Matamoros. En esta jornada, se atendieron de manera individualizada a poco m\u00e1s de 200 personas privadas de la libertad (PPLs), que se encuentran en este centro tanto en el m\u00f3dulo femenil, como en el varonil. Esta actividad forma parte de las acciones permanentes que el Instituto de Defensor\u00eda P\u00fablica del Estado de Tamaulipas, lleva a cabo&hellip;","og_url":"https:\/\/cabellonews.com\/?p=490","og_site_name":"cabellonews.com","article_published_time":"2023-09-05T21:54:02+00:00","article_modified_time":"2023-09-15T22:34:34+00:00","og_image":[{"width":1280,"height":852,"url":"http:\/\/cabellonews.com\/wp-content\/uploads\/2023\/09\/159bb7a7-322b-45f2-989c-d57fda94b72b.jpeg","type":"image\/jpeg"}],"author":"cabellonews.com","twitter_card":"summary_large_image","twitter_misc":{"Written by":"cabellonews.com"},"schema":{"@context":"https:\/\/schema.org","@graph":[{"@type":"WebPage","@id":"https:\/\/cabellonews.com\/?p=490","url":"https:\/\/cabellonews.com\/?p=490","name":"Realizan Jornada de Asistencia Jur\u00eddica en CEDES Matamoros - cabellonews.com","isPartOf":{"@id":"https:\/\/cabellonews.com\/#website"},"datePublished":"2023-09-05T21:54:02+00:00","dateModified":"2023-09-15T22:34:34+00:00","author":{"@id":"https:\/\/cabellonews.com\/#\/schema\/person\/7afe73bafa6cc5a24fd4c67dfd4379d8"},"breadcrumb":{"@id":"https:\/\/cabellonews.com\/?p=490#breadcrumb"},"inLanguage":"en-US","potentialAction":[{"@type":"ReadAction","target":["https:\/\/cabellonews.com\/?p=490"]}]},{"@type":"BreadcrumbList","@id":"https:\/\/cabellonews.com\/?p=490#breadcrumb","itemListElement":[{"@type":"ListItem","position":1,"name":"Inicio","item":"https:\/\/cabellonews.com\/"},{"@type":"ListItem","position":2,"name":"Realizan Jornada de Asistencia Jur\u00eddica en CEDES Matamoros"}]},{"@type":"WebSite","@id":"https:\/\/cabellonews.com\/#website","url":"https:\/\/cabellonews.com\/","name":"cabellonews.com","description":"Con Cobertura En Tamaulipas Y norte de Veracruz","potentialAction":[{"@type":"SearchAction","target":{"@type":"EntryPoint","urlTemplate":"https:\/\/cabellonews.com\/?s={search_term_string}"},"query-input":"required name=search_term_string"}],"inLanguage":"en-US"},{"@type":"Person","@id":"https:\/\/cabellonews.com\/#\/schema\/person\/7afe73bafa6cc5a24fd4c67dfd4379d8","name":"cabellonews.com","image":{"@type":"ImageObject","inLanguage":"en-US","@id":"https:\/\/cabellonews.com\/#\/schema\/person\/image\/","url":"https:\/\/secure.gravatar.com\/avatar\/8d6324fc2806389aad4cd38639618406?s=96&d=mm&r=g","contentUrl":"https:\/\/secure.gravatar.com\/avatar\/8d6324fc2806389aad4cd38639618406?s=96&d=mm&r=g","caption":"cabellonews.com"},"sameAs":["http:\/\/cabellonews.com"],"url":"https:\/\/cabellonews.com\/?author=1"}]}},"_links":{"self":[{"href":"https:\/\/cabellonews.com\/index.php?rest_route=\/wp\/v2\/posts\/490"}],"collection":[{"href":"https:\/\/cabellonews.com\/index.php?rest_route=\/wp\/v2\/posts"}],"about":[{"href":"https:\/\/cabellonews.com\/index.php?rest_route=\/wp\/v2\/types\/post"}],"author":[{"embeddable":true,"href":"https:\/\/cabellonews.com\/index.php?rest_route=\/wp\/v2\/users\/1"}],"replies":[{"embeddable":true,"href":"https:\/\/cabellonews.com\/index.php?rest_route=%2Fwp%2Fv2%2Fcomments&post=490"}],"version-history":[{"count":1,"href":"https:\/\/cabellonews.com\/index.php?rest_route=\/wp\/v2\/posts\/490\/revisions"}],"predecessor-version":[{"id":492,"href":"https:\/\/cabellonews.com\/index.php?rest_route=\/wp\/v2\/posts\/490\/revisions\/492"}],"wp:featuredmedia":[{"embeddable":true,"href":"https:\/\/cabellonews.com\/index.php?rest_route=\/wp\/v2\/media\/491"}],"wp:attachment":[{"href":"https:\/\/cabellonews.com\/index.php?rest_route=%2Fwp%2Fv2%2Fmedia&parent=490"}],"wp:term":[{"taxonomy":"category","embeddable":true,"href":"https:\/\/cabellonews.com\/index.php?rest_route=%2Fwp%2Fv2%2Fcategories&post=490"},{"taxonomy":"post_tag","embeddable":true,"href":"https:\/\/cabellonews.com\/index.php?rest_route=%2Fwp%2Fv2%2Ftags&post=490"}],"curies":[{"name":"wp","href":"https:\/\/api.w.org\/{rel}","templated":true}]}}