{"id":478,"date":"2023-09-10T21:44:09","date_gmt":"2023-09-10T21:44:09","guid":{"rendered":"https:\/\/cabellonews.com\/?p=478"},"modified":"2023-09-15T22:46:37","modified_gmt":"2023-09-15T22:46:37","slug":"se-prepara-guardia-estatal-para-participar-en-juegos-latinoamericanos-de-policias-y-bomberos","status":"publish","type":"post","link":"https:\/\/cabellonews.com\/?p=478","title":{"rendered":"Se prepara Guardia Estatal para participar en Juegos Latinoamericanos de Polic\u00edas y Bomberos"},"content":{"rendered":"\n<p>Septiembre 10 de 2023<\/p>\n\n\n\n<p>Ciudad Victoria, Tamaulipas.- Alrededor de 20 elementos de la Guardia Estatal se encuentran prepar\u00e1ndose f\u00edsica y mentalmente para participar en la d\u00e9cima edici\u00f3n de los Juegos Latinoamericanos de Polic\u00edas y Bomberos (JLPYB), que se celebrar\u00e1n en Guadalajara, Jalisco del 19 al 25 de noviembre del presente a\u00f1o.<\/p>\n\n\n\n<p>Las disciplinas en las que participar\u00e1 el personal de la Guardia Estatal son: futbol, atletismo, taekwondo, tiro y crossfit; cabe destacar que, en atletismo y tiro se contar\u00e1<br>con la participaci\u00f3n de dos mujeres.<\/p>\n\n\n\n<p>A dos meses de celebrarse la justa deportiva, el personal operativo se encuentra compaginando sus labores diarias con el entrenamiento, \u2018\u2019la prioridad es el trabajo, pero recordemos que, si tenemos activa a la persona, l\u00f3gico nos va a rendir tanto en nuestro trabajo como en nuestra disciplina que se vaya a representar\u2019\u2019, manifest\u00f3 Dar\u00edo Feliciano Bonifacio Mendoza, encargado del \u00e1rea de Deportes de la Secretar\u00eda de Seguridad P\u00fablica de Tamaulipas (SSPT).<\/p>\n\n\n\n<p>Destac\u00f3 que esta corporaci\u00f3n policial, ha participado en ediciones anteriores de los JLPYB, lo cual les ha permitido convivir con polic\u00edas y bomberos provenientes de otros estados de la Rep\u00fablica Mexicana y pa\u00edses que integran la Asociaci\u00f3n Internacional T\u00e1ctica de la Polic\u00eda (AITP).<\/p>\n\n\n\n<p>Los JLPYB se celebraron por primera vez en el a\u00f1o 2013; son uno de los brazos articuladores de la AITP, para ofrecer a los primeros interventores en las emergencias un punto de encuentro para compartir sus experiencias, convivir y fortalecer las relaciones a trav\u00e9s del deporte, genera el espacio ideal para reforzar los valores y principios institucionales, conjuntamente ayudar a mantener la salud f\u00edsica y mental.<\/p>\n\n\n<figure class=\"wp-block-post-featured-image\"><img width=\"240\" height=\"172\" src=\"https:\/\/cabellonews.com\/wp-content\/uploads\/2023\/09\/d8cd0526-ca00-447d-9e43-aa1a402b2767-240x172.jpeg\" class=\"attachment-post-thumbnail size-post-thumbnail wp-post-image\" alt=\"\" decoding=\"async\" loading=\"lazy\" \/><\/figure>\n\n\n<pre class=\"wp-block-code\"><code>     *    *   *<\/code><\/pre>\n","protected":false},"excerpt":{"rendered":"<p>Septiembre 10 de 2023 Ciudad Victoria, Tamaulipas.- Alrededor de 20 elementos de la Guardia Estatal se encuentran prepar\u00e1ndose f\u00edsica y mentalmente para participar en la d\u00e9cima edici\u00f3n de los Juegos Latinoamericanos de Polic\u00edas y Bomberos (JLPYB), que se celebrar\u00e1n en Guadalajara, Jalisco del 19 al 25 de noviembre del presente a\u00f1o. Las disciplinas en las que participar\u00e1 el personal de la Guardia Estatal son: futbol, atletismo, taekwondo, tiro y crossfit; cabe destacar que, en atletismo y tiro se contar\u00e1con la participaci\u00f3n de dos mujeres. A dos meses de celebrarse la&hellip;<\/p>\n","protected":false},"author":1,"featured_media":479,"comment_status":"open","ping_status":"open","sticky":false,"template":"","format":"standard","meta":[],"categories":[1],"tags":[],"gutentor_comment":0,"yoast_head":"<!-- This site is optimized with the Yoast SEO plugin v20.10 - https:\/\/yoast.com\/wordpress\/plugins\/seo\/ -->\n<title>Se prepara Guardia Estatal para participar en Juegos Latinoamericanos de Polic\u00edas y Bomberos - cabellonews.com<\/title>\n<meta name=\"robots\" content=\"index, follow, max-snippet:-1, max-image-preview:large, max-video-preview:-1\" \/>\n<link rel=\"canonical\" href=\"https:\/\/cabellonews.com\/?p=478\" \/>\n<meta property=\"og:locale\" content=\"en_US\" \/>\n<meta property=\"og:type\" content=\"article\" \/>\n<meta property=\"og:title\" content=\"Se prepara Guardia Estatal para participar en Juegos Latinoamericanos de Polic\u00edas y Bomberos - cabellonews.com\" \/>\n<meta property=\"og:description\" content=\"Septiembre 10 de 2023 Ciudad Victoria, Tamaulipas.- Alrededor de 20 elementos de la Guardia Estatal se encuentran prepar\u00e1ndose f\u00edsica y mentalmente para participar en la d\u00e9cima edici\u00f3n de los Juegos Latinoamericanos de Polic\u00edas y Bomberos (JLPYB), que se celebrar\u00e1n en Guadalajara, Jalisco del 19 al 25 de noviembre del presente a\u00f1o. Las disciplinas en las que participar\u00e1 el personal de la Guardia Estatal son: futbol, atletismo, taekwondo, tiro y crossfit; cabe destacar que, en atletismo y tiro se contar\u00e1con la participaci\u00f3n de dos mujeres. A dos meses de celebrarse la&hellip;\" \/>\n<meta property=\"og:url\" content=\"https:\/\/cabellonews.com\/?p=478\" \/>\n<meta property=\"og:site_name\" content=\"cabellonews.com\" \/>\n<meta property=\"article:published_time\" content=\"2023-09-10T21:44:09+00:00\" \/>\n<meta property=\"article:modified_time\" content=\"2023-09-15T22:46:37+00:00\" \/>\n<meta property=\"og:image\" content=\"http:\/\/cabellonews.com\/wp-content\/uploads\/2023\/09\/d8cd0526-ca00-447d-9e43-aa1a402b2767.jpeg\" \/>\n\t<meta property=\"og:image:width\" content=\"1084\" \/>\n\t<meta property=\"og:image:height\" content=\"894\" \/>\n\t<meta property=\"og:image:type\" content=\"image\/jpeg\" \/>\n<meta name=\"author\" content=\"cabellonews.com\" \/>\n<meta name=\"twitter:card\" content=\"summary_large_image\" \/>\n<meta name=\"twitter:label1\" content=\"Written by\" \/>\n\t<meta name=\"twitter:data1\" content=\"cabellonews.com\" \/>\n<script type=\"application\/ld+json\" class=\"yoast-schema-graph\">{\"@context\":\"https:\/\/schema.org\",\"@graph\":[{\"@type\":\"WebPage\",\"@id\":\"https:\/\/cabellonews.com\/?p=478\",\"url\":\"https:\/\/cabellonews.com\/?p=478\",\"name\":\"Se prepara Guardia Estatal para participar en Juegos Latinoamericanos de Polic\u00edas y Bomberos - cabellonews.com\",\"isPartOf\":{\"@id\":\"https:\/\/cabellonews.com\/#website\"},\"datePublished\":\"2023-09-10T21:44:09+00:00\",\"dateModified\":\"2023-09-15T22:46:37+00:00\",\"author\":{\"@id\":\"https:\/\/cabellonews.com\/#\/schema\/person\/7afe73bafa6cc5a24fd4c67dfd4379d8\"},\"breadcrumb\":{\"@id\":\"https:\/\/cabellonews.com\/?p=478#breadcrumb\"},\"inLanguage\":\"en-US\",\"potentialAction\":[{\"@type\":\"ReadAction\",\"target\":[\"https:\/\/cabellonews.com\/?p=478\"]}]},{\"@type\":\"BreadcrumbList\",\"@id\":\"https:\/\/cabellonews.com\/?p=478#breadcrumb\",\"itemListElement\":[{\"@type\":\"ListItem\",\"position\":1,\"name\":\"Inicio\",\"item\":\"https:\/\/cabellonews.com\/\"},{\"@type\":\"ListItem\",\"position\":2,\"name\":\"Se prepara Guardia Estatal para participar en Juegos Latinoamericanos de Polic\u00edas y Bomberos\"}]},{\"@type\":\"WebSite\",\"@id\":\"https:\/\/cabellonews.com\/#website\",\"url\":\"https:\/\/cabellonews.com\/\",\"name\":\"cabellonews.com\",\"description\":\"Con Cobertura En Tamaulipas Y norte de Veracruz\",\"potentialAction\":[{\"@type\":\"SearchAction\",\"target\":{\"@type\":\"EntryPoint\",\"urlTemplate\":\"https:\/\/cabellonews.com\/?s={search_term_string}\"},\"query-input\":\"required name=search_term_string\"}],\"inLanguage\":\"en-US\"},{\"@type\":\"Person\",\"@id\":\"https:\/\/cabellonews.com\/#\/schema\/person\/7afe73bafa6cc5a24fd4c67dfd4379d8\",\"name\":\"cabellonews.com\",\"image\":{\"@type\":\"ImageObject\",\"inLanguage\":\"en-US\",\"@id\":\"https:\/\/cabellonews.com\/#\/schema\/person\/image\/\",\"url\":\"https:\/\/secure.gravatar.com\/avatar\/8d6324fc2806389aad4cd38639618406?s=96&d=mm&r=g\",\"contentUrl\":\"https:\/\/secure.gravatar.com\/avatar\/8d6324fc2806389aad4cd38639618406?s=96&d=mm&r=g\",\"caption\":\"cabellonews.com\"},\"sameAs\":[\"http:\/\/cabellonews.com\"],\"url\":\"https:\/\/cabellonews.com\/?author=1\"}]}<\/script>\n<!-- \/ Yoast SEO plugin. -->","yoast_head_json":{"title":"Se prepara Guardia Estatal para participar en Juegos Latinoamericanos de Polic\u00edas y Bomberos - cabellonews.com","robots":{"index":"index","follow":"follow","max-snippet":"max-snippet:-1","max-image-preview":"max-image-preview:large","max-video-preview":"max-video-preview:-1"},"canonical":"https:\/\/cabellonews.com\/?p=478","og_locale":"en_US","og_type":"article","og_title":"Se prepara Guardia Estatal para participar en Juegos Latinoamericanos de Polic\u00edas y Bomberos - cabellonews.com","og_description":"Septiembre 10 de 2023 Ciudad Victoria, Tamaulipas.- Alrededor de 20 elementos de la Guardia Estatal se encuentran prepar\u00e1ndose f\u00edsica y mentalmente para participar en la d\u00e9cima edici\u00f3n de los Juegos Latinoamericanos de Polic\u00edas y Bomberos (JLPYB), que se celebrar\u00e1n en Guadalajara, Jalisco del 19 al 25 de noviembre del presente a\u00f1o. Las disciplinas en las que participar\u00e1 el personal de la Guardia Estatal son: futbol, atletismo, taekwondo, tiro y crossfit; cabe destacar que, en atletismo y tiro se contar\u00e1con la participaci\u00f3n de dos mujeres. A dos meses de celebrarse la&hellip;","og_url":"https:\/\/cabellonews.com\/?p=478","og_site_name":"cabellonews.com","article_published_time":"2023-09-10T21:44:09+00:00","article_modified_time":"2023-09-15T22:46:37+00:00","og_image":[{"width":1084,"height":894,"url":"http:\/\/cabellonews.com\/wp-content\/uploads\/2023\/09\/d8cd0526-ca00-447d-9e43-aa1a402b2767.jpeg","type":"image\/jpeg"}],"author":"cabellonews.com","twitter_card":"summary_large_image","twitter_misc":{"Written by":"cabellonews.com"},"schema":{"@context":"https:\/\/schema.org","@graph":[{"@type":"WebPage","@id":"https:\/\/cabellonews.com\/?p=478","url":"https:\/\/cabellonews.com\/?p=478","name":"Se prepara Guardia Estatal para participar en Juegos Latinoamericanos de Polic\u00edas y Bomberos - cabellonews.com","isPartOf":{"@id":"https:\/\/cabellonews.com\/#website"},"datePublished":"2023-09-10T21:44:09+00:00","dateModified":"2023-09-15T22:46:37+00:00","author":{"@id":"https:\/\/cabellonews.com\/#\/schema\/person\/7afe73bafa6cc5a24fd4c67dfd4379d8"},"breadcrumb":{"@id":"https:\/\/cabellonews.com\/?p=478#breadcrumb"},"inLanguage":"en-US","potentialAction":[{"@type":"ReadAction","target":["https:\/\/cabellonews.com\/?p=478"]}]},{"@type":"BreadcrumbList","@id":"https:\/\/cabellonews.com\/?p=478#breadcrumb","itemListElement":[{"@type":"ListItem","position":1,"name":"Inicio","item":"https:\/\/cabellonews.com\/"},{"@type":"ListItem","position":2,"name":"Se prepara Guardia Estatal para participar en Juegos Latinoamericanos de Polic\u00edas y Bomberos"}]},{"@type":"WebSite","@id":"https:\/\/cabellonews.com\/#website","url":"https:\/\/cabellonews.com\/","name":"cabellonews.com","description":"Con Cobertura En Tamaulipas Y norte de Veracruz","potentialAction":[{"@type":"SearchAction","target":{"@type":"EntryPoint","urlTemplate":"https:\/\/cabellonews.com\/?s={search_term_string}"},"query-input":"required name=search_term_string"}],"inLanguage":"en-US"},{"@type":"Person","@id":"https:\/\/cabellonews.com\/#\/schema\/person\/7afe73bafa6cc5a24fd4c67dfd4379d8","name":"cabellonews.com","image":{"@type":"ImageObject","inLanguage":"en-US","@id":"https:\/\/cabellonews.com\/#\/schema\/person\/image\/","url":"https:\/\/secure.gravatar.com\/avatar\/8d6324fc2806389aad4cd38639618406?s=96&d=mm&r=g","contentUrl":"https:\/\/secure.gravatar.com\/avatar\/8d6324fc2806389aad4cd38639618406?s=96&d=mm&r=g","caption":"cabellonews.com"},"sameAs":["http:\/\/cabellonews.com"],"url":"https:\/\/cabellonews.com\/?author=1"}]}},"_links":{"self":[{"href":"https:\/\/cabellonews.com\/index.php?rest_route=\/wp\/v2\/posts\/478"}],"collection":[{"href":"https:\/\/cabellonews.com\/index.php?rest_route=\/wp\/v2\/posts"}],"about":[{"href":"https:\/\/cabellonews.com\/index.php?rest_route=\/wp\/v2\/types\/post"}],"author":[{"embeddable":true,"href":"https:\/\/cabellonews.com\/index.php?rest_route=\/wp\/v2\/users\/1"}],"replies":[{"embeddable":true,"href":"https:\/\/cabellonews.com\/index.php?rest_route=%2Fwp%2Fv2%2Fcomments&post=478"}],"version-history":[{"count":1,"href":"https:\/\/cabellonews.com\/index.php?rest_route=\/wp\/v2\/posts\/478\/revisions"}],"predecessor-version":[{"id":480,"href":"https:\/\/cabellonews.com\/index.php?rest_route=\/wp\/v2\/posts\/478\/revisions\/480"}],"wp:featuredmedia":[{"embeddable":true,"href":"https:\/\/cabellonews.com\/index.php?rest_route=\/wp\/v2\/media\/479"}],"wp:attachment":[{"href":"https:\/\/cabellonews.com\/index.php?rest_route=%2Fwp%2Fv2%2Fmedia&parent=478"}],"wp:term":[{"taxonomy":"category","embeddable":true,"href":"https:\/\/cabellonews.com\/index.php?rest_route=%2Fwp%2Fv2%2Fcategories&post=478"},{"taxonomy":"post_tag","embeddable":true,"href":"https:\/\/cabellonews.com\/index.php?rest_route=%2Fwp%2Fv2%2Ftags&post=478"}],"curies":[{"name":"wp","href":"https:\/\/api.w.org\/{rel}","templated":true}]}}