{"id":469,"date":"2023-09-02T21:39:17","date_gmt":"2023-09-02T21:39:17","guid":{"rendered":"https:\/\/cabellonews.com\/?p=469"},"modified":"2023-09-15T22:09:09","modified_gmt":"2023-09-15T22:09:09","slug":"juegan-hoy-doble-cartelera-en-la-final-de-la-copa-tamaulipas-internacional","status":"publish","type":"post","link":"https:\/\/cabellonews.com\/?p=469","title":{"rendered":"Juegan hoy doble cartelera en la final de la \u201cCopa Tamaulipas Internacional\u201d"},"content":{"rendered":"\n<p>Septiembre 02 de 2023<\/p>\n\n\n\n<p>Ciudad Victoria Tamaulipas.- Despu\u00e9s de dos encuentros de gran nivel futbol\u00edstico en la cancha del Estadio Universitario, en Ciudad Victoria, qued\u00f3 definida la final de la \u201cCopa Tamaulipas Internacional 2023&#8243;, en la categor\u00eda sub-15, en la cual se enfrentar\u00e1n, Santos Laguna y Tigres UANL.<\/p>\n\n\n\n<p>El cuadro de Santos Laguna logr\u00f3 vencer a Deportivo Cali por marcador de 2-1, mientras que Tigres elimin\u00f3 a Necaxa tras vencerlos por 3-1.<\/p>\n\n\n\n<p>De esta forma qued\u00f3 definida la doble cartelera para este s\u00e1bado 2 de septiembre en la que se jugar\u00e1n dos finales de poder a poder, estando abierta la invitaci\u00f3n a todos los aficionados para que asistan a disfrutar del cerrojazo de este gran evento deportivo organizado por el gobierno de Tamaulipas a trav\u00e9s del INDE.<\/p>\n\n\n\n<p>El Instituto del Deporte inform\u00f3 que a las 18:00 se realizar\u00e1 la final categor\u00eda sub-13 entre Tamaulipas B (Tampico) y Chivas, mientras que a las 20:00 horas en la categor\u00eda sub 15 ser\u00e1 el duelo por el t\u00edtulo entre Santos y Tigres, ambos encuentros programados en el estadio \u201cMarte R. G\u00f3mez\u201d.<\/p>\n\n\n<figure class=\"wp-block-post-featured-image\"><img width=\"240\" height=\"172\" src=\"https:\/\/cabellonews.com\/wp-content\/uploads\/2023\/09\/c759e8f9-ae2a-4171-a37d-42cedcd8e929-240x172.jpeg\" class=\"attachment-post-thumbnail size-post-thumbnail wp-post-image\" alt=\"\" decoding=\"async\" loading=\"lazy\" \/><\/figure>\n\n\n<pre class=\"wp-block-code\"><code>      *     *   *<\/code><\/pre>\n","protected":false},"excerpt":{"rendered":"<p>Septiembre 02 de 2023 Ciudad Victoria Tamaulipas.- Despu\u00e9s de dos encuentros de gran nivel futbol\u00edstico en la cancha del Estadio Universitario, en Ciudad Victoria, qued\u00f3 definida la final de la \u201cCopa Tamaulipas Internacional 2023&#8243;, en la categor\u00eda sub-15, en la cual se enfrentar\u00e1n, Santos Laguna y Tigres UANL. El cuadro de Santos Laguna logr\u00f3 vencer a Deportivo Cali por marcador de 2-1, mientras que Tigres elimin\u00f3 a Necaxa tras vencerlos por 3-1. De esta forma qued\u00f3 definida la doble cartelera para este s\u00e1bado 2 de septiembre en la que se&hellip;<\/p>\n","protected":false},"author":1,"featured_media":470,"comment_status":"open","ping_status":"open","sticky":false,"template":"","format":"standard","meta":[],"categories":[1],"tags":[],"gutentor_comment":0,"yoast_head":"<!-- This site is optimized with the Yoast SEO plugin v20.10 - https:\/\/yoast.com\/wordpress\/plugins\/seo\/ -->\n<title>Juegan hoy doble cartelera en la final de la \u201cCopa Tamaulipas Internacional\u201d - cabellonews.com<\/title>\n<meta name=\"robots\" content=\"index, follow, max-snippet:-1, max-image-preview:large, max-video-preview:-1\" \/>\n<link rel=\"canonical\" href=\"https:\/\/cabellonews.com\/?p=469\" \/>\n<meta property=\"og:locale\" content=\"en_US\" \/>\n<meta property=\"og:type\" content=\"article\" \/>\n<meta property=\"og:title\" content=\"Juegan hoy doble cartelera en la final de la \u201cCopa Tamaulipas Internacional\u201d - cabellonews.com\" \/>\n<meta property=\"og:description\" content=\"Septiembre 02 de 2023 Ciudad Victoria Tamaulipas.- Despu\u00e9s de dos encuentros de gran nivel futbol\u00edstico en la cancha del Estadio Universitario, en Ciudad Victoria, qued\u00f3 definida la final de la \u201cCopa Tamaulipas Internacional 2023&#8243;, en la categor\u00eda sub-15, en la cual se enfrentar\u00e1n, Santos Laguna y Tigres UANL. El cuadro de Santos Laguna logr\u00f3 vencer a Deportivo Cali por marcador de 2-1, mientras que Tigres elimin\u00f3 a Necaxa tras vencerlos por 3-1. De esta forma qued\u00f3 definida la doble cartelera para este s\u00e1bado 2 de septiembre en la que se&hellip;\" \/>\n<meta property=\"og:url\" content=\"https:\/\/cabellonews.com\/?p=469\" \/>\n<meta property=\"og:site_name\" content=\"cabellonews.com\" \/>\n<meta property=\"article:published_time\" content=\"2023-09-02T21:39:17+00:00\" \/>\n<meta property=\"article:modified_time\" content=\"2023-09-15T22:09:09+00:00\" \/>\n<meta property=\"og:image\" content=\"http:\/\/cabellonews.com\/wp-content\/uploads\/2023\/09\/c759e8f9-ae2a-4171-a37d-42cedcd8e929.jpeg\" \/>\n\t<meta property=\"og:image:width\" content=\"1600\" \/>\n\t<meta property=\"og:image:height\" content=\"1066\" \/>\n\t<meta property=\"og:image:type\" content=\"image\/jpeg\" \/>\n<meta name=\"author\" content=\"cabellonews.com\" \/>\n<meta name=\"twitter:card\" content=\"summary_large_image\" \/>\n<meta name=\"twitter:label1\" content=\"Written by\" \/>\n\t<meta name=\"twitter:data1\" content=\"cabellonews.com\" \/>\n\t<meta name=\"twitter:label2\" content=\"Est. reading time\" \/>\n\t<meta name=\"twitter:data2\" content=\"1 minute\" \/>\n<script type=\"application\/ld+json\" class=\"yoast-schema-graph\">{\"@context\":\"https:\/\/schema.org\",\"@graph\":[{\"@type\":\"WebPage\",\"@id\":\"https:\/\/cabellonews.com\/?p=469\",\"url\":\"https:\/\/cabellonews.com\/?p=469\",\"name\":\"Juegan hoy doble cartelera en la final de la \u201cCopa Tamaulipas Internacional\u201d - cabellonews.com\",\"isPartOf\":{\"@id\":\"https:\/\/cabellonews.com\/#website\"},\"datePublished\":\"2023-09-02T21:39:17+00:00\",\"dateModified\":\"2023-09-15T22:09:09+00:00\",\"author\":{\"@id\":\"https:\/\/cabellonews.com\/#\/schema\/person\/7afe73bafa6cc5a24fd4c67dfd4379d8\"},\"breadcrumb\":{\"@id\":\"https:\/\/cabellonews.com\/?p=469#breadcrumb\"},\"inLanguage\":\"en-US\",\"potentialAction\":[{\"@type\":\"ReadAction\",\"target\":[\"https:\/\/cabellonews.com\/?p=469\"]}]},{\"@type\":\"BreadcrumbList\",\"@id\":\"https:\/\/cabellonews.com\/?p=469#breadcrumb\",\"itemListElement\":[{\"@type\":\"ListItem\",\"position\":1,\"name\":\"Inicio\",\"item\":\"https:\/\/cabellonews.com\/\"},{\"@type\":\"ListItem\",\"position\":2,\"name\":\"Juegan hoy doble cartelera en la final de la \u201cCopa Tamaulipas Internacional\u201d\"}]},{\"@type\":\"WebSite\",\"@id\":\"https:\/\/cabellonews.com\/#website\",\"url\":\"https:\/\/cabellonews.com\/\",\"name\":\"cabellonews.com\",\"description\":\"Con Cobertura En Tamaulipas Y norte de Veracruz\",\"potentialAction\":[{\"@type\":\"SearchAction\",\"target\":{\"@type\":\"EntryPoint\",\"urlTemplate\":\"https:\/\/cabellonews.com\/?s={search_term_string}\"},\"query-input\":\"required name=search_term_string\"}],\"inLanguage\":\"en-US\"},{\"@type\":\"Person\",\"@id\":\"https:\/\/cabellonews.com\/#\/schema\/person\/7afe73bafa6cc5a24fd4c67dfd4379d8\",\"name\":\"cabellonews.com\",\"image\":{\"@type\":\"ImageObject\",\"inLanguage\":\"en-US\",\"@id\":\"https:\/\/cabellonews.com\/#\/schema\/person\/image\/\",\"url\":\"https:\/\/secure.gravatar.com\/avatar\/8d6324fc2806389aad4cd38639618406?s=96&d=mm&r=g\",\"contentUrl\":\"https:\/\/secure.gravatar.com\/avatar\/8d6324fc2806389aad4cd38639618406?s=96&d=mm&r=g\",\"caption\":\"cabellonews.com\"},\"sameAs\":[\"http:\/\/cabellonews.com\"],\"url\":\"https:\/\/cabellonews.com\/?author=1\"}]}<\/script>\n<!-- \/ Yoast SEO plugin. -->","yoast_head_json":{"title":"Juegan hoy doble cartelera en la final de la \u201cCopa Tamaulipas Internacional\u201d - cabellonews.com","robots":{"index":"index","follow":"follow","max-snippet":"max-snippet:-1","max-image-preview":"max-image-preview:large","max-video-preview":"max-video-preview:-1"},"canonical":"https:\/\/cabellonews.com\/?p=469","og_locale":"en_US","og_type":"article","og_title":"Juegan hoy doble cartelera en la final de la \u201cCopa Tamaulipas Internacional\u201d - cabellonews.com","og_description":"Septiembre 02 de 2023 Ciudad Victoria Tamaulipas.- Despu\u00e9s de dos encuentros de gran nivel futbol\u00edstico en la cancha del Estadio Universitario, en Ciudad Victoria, qued\u00f3 definida la final de la \u201cCopa Tamaulipas Internacional 2023&#8243;, en la categor\u00eda sub-15, en la cual se enfrentar\u00e1n, Santos Laguna y Tigres UANL. El cuadro de Santos Laguna logr\u00f3 vencer a Deportivo Cali por marcador de 2-1, mientras que Tigres elimin\u00f3 a Necaxa tras vencerlos por 3-1. De esta forma qued\u00f3 definida la doble cartelera para este s\u00e1bado 2 de septiembre en la que se&hellip;","og_url":"https:\/\/cabellonews.com\/?p=469","og_site_name":"cabellonews.com","article_published_time":"2023-09-02T21:39:17+00:00","article_modified_time":"2023-09-15T22:09:09+00:00","og_image":[{"width":1600,"height":1066,"url":"http:\/\/cabellonews.com\/wp-content\/uploads\/2023\/09\/c759e8f9-ae2a-4171-a37d-42cedcd8e929.jpeg","type":"image\/jpeg"}],"author":"cabellonews.com","twitter_card":"summary_large_image","twitter_misc":{"Written by":"cabellonews.com","Est. reading time":"1 minute"},"schema":{"@context":"https:\/\/schema.org","@graph":[{"@type":"WebPage","@id":"https:\/\/cabellonews.com\/?p=469","url":"https:\/\/cabellonews.com\/?p=469","name":"Juegan hoy doble cartelera en la final de la \u201cCopa Tamaulipas Internacional\u201d - cabellonews.com","isPartOf":{"@id":"https:\/\/cabellonews.com\/#website"},"datePublished":"2023-09-02T21:39:17+00:00","dateModified":"2023-09-15T22:09:09+00:00","author":{"@id":"https:\/\/cabellonews.com\/#\/schema\/person\/7afe73bafa6cc5a24fd4c67dfd4379d8"},"breadcrumb":{"@id":"https:\/\/cabellonews.com\/?p=469#breadcrumb"},"inLanguage":"en-US","potentialAction":[{"@type":"ReadAction","target":["https:\/\/cabellonews.com\/?p=469"]}]},{"@type":"BreadcrumbList","@id":"https:\/\/cabellonews.com\/?p=469#breadcrumb","itemListElement":[{"@type":"ListItem","position":1,"name":"Inicio","item":"https:\/\/cabellonews.com\/"},{"@type":"ListItem","position":2,"name":"Juegan hoy doble cartelera en la final de la \u201cCopa Tamaulipas Internacional\u201d"}]},{"@type":"WebSite","@id":"https:\/\/cabellonews.com\/#website","url":"https:\/\/cabellonews.com\/","name":"cabellonews.com","description":"Con Cobertura En Tamaulipas Y norte de Veracruz","potentialAction":[{"@type":"SearchAction","target":{"@type":"EntryPoint","urlTemplate":"https:\/\/cabellonews.com\/?s={search_term_string}"},"query-input":"required name=search_term_string"}],"inLanguage":"en-US"},{"@type":"Person","@id":"https:\/\/cabellonews.com\/#\/schema\/person\/7afe73bafa6cc5a24fd4c67dfd4379d8","name":"cabellonews.com","image":{"@type":"ImageObject","inLanguage":"en-US","@id":"https:\/\/cabellonews.com\/#\/schema\/person\/image\/","url":"https:\/\/secure.gravatar.com\/avatar\/8d6324fc2806389aad4cd38639618406?s=96&d=mm&r=g","contentUrl":"https:\/\/secure.gravatar.com\/avatar\/8d6324fc2806389aad4cd38639618406?s=96&d=mm&r=g","caption":"cabellonews.com"},"sameAs":["http:\/\/cabellonews.com"],"url":"https:\/\/cabellonews.com\/?author=1"}]}},"_links":{"self":[{"href":"https:\/\/cabellonews.com\/index.php?rest_route=\/wp\/v2\/posts\/469"}],"collection":[{"href":"https:\/\/cabellonews.com\/index.php?rest_route=\/wp\/v2\/posts"}],"about":[{"href":"https:\/\/cabellonews.com\/index.php?rest_route=\/wp\/v2\/types\/post"}],"author":[{"embeddable":true,"href":"https:\/\/cabellonews.com\/index.php?rest_route=\/wp\/v2\/users\/1"}],"replies":[{"embeddable":true,"href":"https:\/\/cabellonews.com\/index.php?rest_route=%2Fwp%2Fv2%2Fcomments&post=469"}],"version-history":[{"count":1,"href":"https:\/\/cabellonews.com\/index.php?rest_route=\/wp\/v2\/posts\/469\/revisions"}],"predecessor-version":[{"id":471,"href":"https:\/\/cabellonews.com\/index.php?rest_route=\/wp\/v2\/posts\/469\/revisions\/471"}],"wp:featuredmedia":[{"embeddable":true,"href":"https:\/\/cabellonews.com\/index.php?rest_route=\/wp\/v2\/media\/470"}],"wp:attachment":[{"href":"https:\/\/cabellonews.com\/index.php?rest_route=%2Fwp%2Fv2%2Fmedia&parent=469"}],"wp:term":[{"taxonomy":"category","embeddable":true,"href":"https:\/\/cabellonews.com\/index.php?rest_route=%2Fwp%2Fv2%2Fcategories&post=469"},{"taxonomy":"post_tag","embeddable":true,"href":"https:\/\/cabellonews.com\/index.php?rest_route=%2Fwp%2Fv2%2Ftags&post=469"}],"curies":[{"name":"wp","href":"https:\/\/api.w.org\/{rel}","templated":true}]}}