{"id":462,"date":"2023-09-14T22:12:19","date_gmt":"2023-09-14T22:12:19","guid":{"rendered":"https:\/\/cabellonews.com\/?p=462"},"modified":"2023-09-15T22:52:50","modified_gmt":"2023-09-15T22:52:50","slug":"comision-de-parques-y-biodiversidad-de-tamaulipas-fortalece-programa-de-conservacion-de-especies","status":"publish","type":"post","link":"https:\/\/cabellonews.com\/?p=462","title":{"rendered":"Comisi\u00f3n de Parques y Biodiversidad de Tamaulipas fortalece programa de conservaci\u00f3n de especies"},"content":{"rendered":"\n<p>Septiembre 14 de 2023<\/p>\n\n\n\n<p>Ciudad Victoria, Tamaulipas.- Para reactivar el programa de conservaci\u00f3n del jaguar, se dispondr\u00e1 del recurso generado por sanciones a leyes ambientales, inform\u00f3 el vocal ejecutivo de la Comisi\u00f3n de Parques y Biodiversidad de Tamaulipas (CPBT), Eduardo Rocha Orozco.<\/p>\n\n\n\n<p>El funcionario estatal, expuso que tras la firma de un convenio con la Procuradur\u00eda Ambiental, se podr\u00e1n inyectar recursos, derivados de la multas que se imponen a quienes infringen las leyes y reglamentaci\u00f3n ambiental, refiri\u00f3 adem\u00e1s que parte del programa que realizan consiste en el manejo, monitoreo y conservaci\u00f3n del jaguar (Panthera onca) en G\u00f3mez Far\u00edas, Villa de Casas, Llera, Jaumave, Ocampo, entre otros puntos m\u00e1s de Tamaulipas.<\/p>\n\n\n\n<p>&#8220;Con estas acciones comenzamos con el jaguar, pero se refuerza el trabajo de los diversos programas que mantiene la Comisi\u00f3n de Parques y Biodiversidad a su cargo, incluyendo el de las tortugas marinas como la tortuga lora entre otras especies del reino animal, encaminadas a fortalecer la protecci\u00f3n, conservaci\u00f3n de las especies y su h\u00e1bitat, reiterando el gobernador Am\u00e9rico Villarreal Anaya, unir esfuerzos solicitando el apoyo de una sociedad colaborativa y participativa para mejorar nuestro entorno&#8221;, explic\u00f3.<\/p>\n\n\n\n<p>Se\u00f1al\u00f3 que est\u00e1n fortaleciendo el trabajo y haciendo sinergia con otras dependencias y organismos para reforzar las acciones de Tamaulipas en pro de la flora y fauna.<\/p>\n\n\n<figure class=\"wp-block-post-featured-image\"><img width=\"240\" height=\"172\" src=\"https:\/\/cabellonews.com\/wp-content\/uploads\/2023\/09\/a8868141-39ae-4be3-8df2-1b3fafd1c727-240x172.jpeg\" class=\"attachment-post-thumbnail size-post-thumbnail wp-post-image\" alt=\"\" decoding=\"async\" loading=\"lazy\" \/><\/figure>\n\n\n<pre class=\"wp-block-code\"><code>      *    *    *<\/code><\/pre>\n","protected":false},"excerpt":{"rendered":"<p>Septiembre 14 de 2023 Ciudad Victoria, Tamaulipas.- Para reactivar el programa de conservaci\u00f3n del jaguar, se dispondr\u00e1 del recurso generado por sanciones a leyes ambientales, inform\u00f3 el vocal ejecutivo de la Comisi\u00f3n de Parques y Biodiversidad de Tamaulipas (CPBT), Eduardo Rocha Orozco. El funcionario estatal, expuso que tras la firma de un convenio con la Procuradur\u00eda Ambiental, se podr\u00e1n inyectar recursos, derivados de la multas que se imponen a quienes infringen las leyes y reglamentaci\u00f3n ambiental, refiri\u00f3 adem\u00e1s que parte del programa que realizan consiste en el manejo, monitoreo y&hellip;<\/p>\n","protected":false},"author":1,"featured_media":463,"comment_status":"open","ping_status":"open","sticky":false,"template":"","format":"standard","meta":[],"categories":[1],"tags":[],"gutentor_comment":0,"yoast_head":"<!-- This site is optimized with the Yoast SEO plugin v20.10 - https:\/\/yoast.com\/wordpress\/plugins\/seo\/ -->\n<title>Comisi\u00f3n de Parques y Biodiversidad de Tamaulipas fortalece programa de conservaci\u00f3n de especies - cabellonews.com<\/title>\n<meta name=\"robots\" content=\"index, follow, max-snippet:-1, max-image-preview:large, max-video-preview:-1\" \/>\n<link rel=\"canonical\" href=\"https:\/\/cabellonews.com\/?p=462\" \/>\n<meta property=\"og:locale\" content=\"en_US\" \/>\n<meta property=\"og:type\" content=\"article\" \/>\n<meta property=\"og:title\" content=\"Comisi\u00f3n de Parques y Biodiversidad de Tamaulipas fortalece programa de conservaci\u00f3n de especies - cabellonews.com\" \/>\n<meta property=\"og:description\" content=\"Septiembre 14 de 2023 Ciudad Victoria, Tamaulipas.- Para reactivar el programa de conservaci\u00f3n del jaguar, se dispondr\u00e1 del recurso generado por sanciones a leyes ambientales, inform\u00f3 el vocal ejecutivo de la Comisi\u00f3n de Parques y Biodiversidad de Tamaulipas (CPBT), Eduardo Rocha Orozco. El funcionario estatal, expuso que tras la firma de un convenio con la Procuradur\u00eda Ambiental, se podr\u00e1n inyectar recursos, derivados de la multas que se imponen a quienes infringen las leyes y reglamentaci\u00f3n ambiental, refiri\u00f3 adem\u00e1s que parte del programa que realizan consiste en el manejo, monitoreo y&hellip;\" \/>\n<meta property=\"og:url\" content=\"https:\/\/cabellonews.com\/?p=462\" \/>\n<meta property=\"og:site_name\" content=\"cabellonews.com\" \/>\n<meta property=\"article:published_time\" content=\"2023-09-14T22:12:19+00:00\" \/>\n<meta property=\"article:modified_time\" content=\"2023-09-15T22:52:50+00:00\" \/>\n<meta property=\"og:image\" content=\"http:\/\/cabellonews.com\/wp-content\/uploads\/2023\/09\/a8868141-39ae-4be3-8df2-1b3fafd1c727.jpeg\" \/>\n\t<meta property=\"og:image:width\" content=\"1500\" \/>\n\t<meta property=\"og:image:height\" content=\"1000\" \/>\n\t<meta property=\"og:image:type\" content=\"image\/jpeg\" \/>\n<meta name=\"author\" content=\"cabellonews.com\" \/>\n<meta name=\"twitter:card\" content=\"summary_large_image\" \/>\n<meta name=\"twitter:label1\" content=\"Written by\" \/>\n\t<meta name=\"twitter:data1\" content=\"cabellonews.com\" \/>\n<script type=\"application\/ld+json\" class=\"yoast-schema-graph\">{\"@context\":\"https:\/\/schema.org\",\"@graph\":[{\"@type\":\"WebPage\",\"@id\":\"https:\/\/cabellonews.com\/?p=462\",\"url\":\"https:\/\/cabellonews.com\/?p=462\",\"name\":\"Comisi\u00f3n de Parques y Biodiversidad de Tamaulipas fortalece programa de conservaci\u00f3n de especies - cabellonews.com\",\"isPartOf\":{\"@id\":\"https:\/\/cabellonews.com\/#website\"},\"datePublished\":\"2023-09-14T22:12:19+00:00\",\"dateModified\":\"2023-09-15T22:52:50+00:00\",\"author\":{\"@id\":\"https:\/\/cabellonews.com\/#\/schema\/person\/7afe73bafa6cc5a24fd4c67dfd4379d8\"},\"breadcrumb\":{\"@id\":\"https:\/\/cabellonews.com\/?p=462#breadcrumb\"},\"inLanguage\":\"en-US\",\"potentialAction\":[{\"@type\":\"ReadAction\",\"target\":[\"https:\/\/cabellonews.com\/?p=462\"]}]},{\"@type\":\"BreadcrumbList\",\"@id\":\"https:\/\/cabellonews.com\/?p=462#breadcrumb\",\"itemListElement\":[{\"@type\":\"ListItem\",\"position\":1,\"name\":\"Inicio\",\"item\":\"https:\/\/cabellonews.com\/\"},{\"@type\":\"ListItem\",\"position\":2,\"name\":\"Comisi\u00f3n de Parques y Biodiversidad de Tamaulipas fortalece programa de conservaci\u00f3n de especies\"}]},{\"@type\":\"WebSite\",\"@id\":\"https:\/\/cabellonews.com\/#website\",\"url\":\"https:\/\/cabellonews.com\/\",\"name\":\"cabellonews.com\",\"description\":\"Con Cobertura En Tamaulipas Y norte de Veracruz\",\"potentialAction\":[{\"@type\":\"SearchAction\",\"target\":{\"@type\":\"EntryPoint\",\"urlTemplate\":\"https:\/\/cabellonews.com\/?s={search_term_string}\"},\"query-input\":\"required name=search_term_string\"}],\"inLanguage\":\"en-US\"},{\"@type\":\"Person\",\"@id\":\"https:\/\/cabellonews.com\/#\/schema\/person\/7afe73bafa6cc5a24fd4c67dfd4379d8\",\"name\":\"cabellonews.com\",\"image\":{\"@type\":\"ImageObject\",\"inLanguage\":\"en-US\",\"@id\":\"https:\/\/cabellonews.com\/#\/schema\/person\/image\/\",\"url\":\"https:\/\/secure.gravatar.com\/avatar\/8d6324fc2806389aad4cd38639618406?s=96&d=mm&r=g\",\"contentUrl\":\"https:\/\/secure.gravatar.com\/avatar\/8d6324fc2806389aad4cd38639618406?s=96&d=mm&r=g\",\"caption\":\"cabellonews.com\"},\"sameAs\":[\"http:\/\/cabellonews.com\"],\"url\":\"https:\/\/cabellonews.com\/?author=1\"}]}<\/script>\n<!-- \/ Yoast SEO plugin. -->","yoast_head_json":{"title":"Comisi\u00f3n de Parques y Biodiversidad de Tamaulipas fortalece programa de conservaci\u00f3n de especies - cabellonews.com","robots":{"index":"index","follow":"follow","max-snippet":"max-snippet:-1","max-image-preview":"max-image-preview:large","max-video-preview":"max-video-preview:-1"},"canonical":"https:\/\/cabellonews.com\/?p=462","og_locale":"en_US","og_type":"article","og_title":"Comisi\u00f3n de Parques y Biodiversidad de Tamaulipas fortalece programa de conservaci\u00f3n de especies - cabellonews.com","og_description":"Septiembre 14 de 2023 Ciudad Victoria, Tamaulipas.- Para reactivar el programa de conservaci\u00f3n del jaguar, se dispondr\u00e1 del recurso generado por sanciones a leyes ambientales, inform\u00f3 el vocal ejecutivo de la Comisi\u00f3n de Parques y Biodiversidad de Tamaulipas (CPBT), Eduardo Rocha Orozco. El funcionario estatal, expuso que tras la firma de un convenio con la Procuradur\u00eda Ambiental, se podr\u00e1n inyectar recursos, derivados de la multas que se imponen a quienes infringen las leyes y reglamentaci\u00f3n ambiental, refiri\u00f3 adem\u00e1s que parte del programa que realizan consiste en el manejo, monitoreo y&hellip;","og_url":"https:\/\/cabellonews.com\/?p=462","og_site_name":"cabellonews.com","article_published_time":"2023-09-14T22:12:19+00:00","article_modified_time":"2023-09-15T22:52:50+00:00","og_image":[{"width":1500,"height":1000,"url":"http:\/\/cabellonews.com\/wp-content\/uploads\/2023\/09\/a8868141-39ae-4be3-8df2-1b3fafd1c727.jpeg","type":"image\/jpeg"}],"author":"cabellonews.com","twitter_card":"summary_large_image","twitter_misc":{"Written by":"cabellonews.com"},"schema":{"@context":"https:\/\/schema.org","@graph":[{"@type":"WebPage","@id":"https:\/\/cabellonews.com\/?p=462","url":"https:\/\/cabellonews.com\/?p=462","name":"Comisi\u00f3n de Parques y Biodiversidad de Tamaulipas fortalece programa de conservaci\u00f3n de especies - cabellonews.com","isPartOf":{"@id":"https:\/\/cabellonews.com\/#website"},"datePublished":"2023-09-14T22:12:19+00:00","dateModified":"2023-09-15T22:52:50+00:00","author":{"@id":"https:\/\/cabellonews.com\/#\/schema\/person\/7afe73bafa6cc5a24fd4c67dfd4379d8"},"breadcrumb":{"@id":"https:\/\/cabellonews.com\/?p=462#breadcrumb"},"inLanguage":"en-US","potentialAction":[{"@type":"ReadAction","target":["https:\/\/cabellonews.com\/?p=462"]}]},{"@type":"BreadcrumbList","@id":"https:\/\/cabellonews.com\/?p=462#breadcrumb","itemListElement":[{"@type":"ListItem","position":1,"name":"Inicio","item":"https:\/\/cabellonews.com\/"},{"@type":"ListItem","position":2,"name":"Comisi\u00f3n de Parques y Biodiversidad de Tamaulipas fortalece programa de conservaci\u00f3n de especies"}]},{"@type":"WebSite","@id":"https:\/\/cabellonews.com\/#website","url":"https:\/\/cabellonews.com\/","name":"cabellonews.com","description":"Con Cobertura En Tamaulipas Y norte de Veracruz","potentialAction":[{"@type":"SearchAction","target":{"@type":"EntryPoint","urlTemplate":"https:\/\/cabellonews.com\/?s={search_term_string}"},"query-input":"required name=search_term_string"}],"inLanguage":"en-US"},{"@type":"Person","@id":"https:\/\/cabellonews.com\/#\/schema\/person\/7afe73bafa6cc5a24fd4c67dfd4379d8","name":"cabellonews.com","image":{"@type":"ImageObject","inLanguage":"en-US","@id":"https:\/\/cabellonews.com\/#\/schema\/person\/image\/","url":"https:\/\/secure.gravatar.com\/avatar\/8d6324fc2806389aad4cd38639618406?s=96&d=mm&r=g","contentUrl":"https:\/\/secure.gravatar.com\/avatar\/8d6324fc2806389aad4cd38639618406?s=96&d=mm&r=g","caption":"cabellonews.com"},"sameAs":["http:\/\/cabellonews.com"],"url":"https:\/\/cabellonews.com\/?author=1"}]}},"_links":{"self":[{"href":"https:\/\/cabellonews.com\/index.php?rest_route=\/wp\/v2\/posts\/462"}],"collection":[{"href":"https:\/\/cabellonews.com\/index.php?rest_route=\/wp\/v2\/posts"}],"about":[{"href":"https:\/\/cabellonews.com\/index.php?rest_route=\/wp\/v2\/types\/post"}],"author":[{"embeddable":true,"href":"https:\/\/cabellonews.com\/index.php?rest_route=\/wp\/v2\/users\/1"}],"replies":[{"embeddable":true,"href":"https:\/\/cabellonews.com\/index.php?rest_route=%2Fwp%2Fv2%2Fcomments&post=462"}],"version-history":[{"count":1,"href":"https:\/\/cabellonews.com\/index.php?rest_route=\/wp\/v2\/posts\/462\/revisions"}],"predecessor-version":[{"id":464,"href":"https:\/\/cabellonews.com\/index.php?rest_route=\/wp\/v2\/posts\/462\/revisions\/464"}],"wp:featuredmedia":[{"embeddable":true,"href":"https:\/\/cabellonews.com\/index.php?rest_route=\/wp\/v2\/media\/463"}],"wp:attachment":[{"href":"https:\/\/cabellonews.com\/index.php?rest_route=%2Fwp%2Fv2%2Fmedia&parent=462"}],"wp:term":[{"taxonomy":"category","embeddable":true,"href":"https:\/\/cabellonews.com\/index.php?rest_route=%2Fwp%2Fv2%2Fcategories&post=462"},{"taxonomy":"post_tag","embeddable":true,"href":"https:\/\/cabellonews.com\/index.php?rest_route=%2Fwp%2Fv2%2Ftags&post=462"}],"curies":[{"name":"wp","href":"https:\/\/api.w.org\/{rel}","templated":true}]}}