{"id":444,"date":"2023-08-25T01:07:57","date_gmt":"2023-08-25T01:07:57","guid":{"rendered":"https:\/\/cabellonews.com\/?p=444"},"modified":"2023-08-25T01:07:57","modified_gmt":"2023-08-25T01:07:57","slug":"inaugura-americo-villarreal-proyecto-en-planta-valeo-de-rio-bravo","status":"publish","type":"post","link":"https:\/\/cabellonews.com\/?p=444","title":{"rendered":"Inaugura Am\u00e9rico Villarreal proyecto en planta Valeo de R\u00edo Bravo"},"content":{"rendered":"\n<ul>\n<li>Esta empresa del sector automotriz generar\u00e1 160 nuevos empleos para esa regi\u00f3n fronteriza de Tamaulipas<\/li>\n<\/ul>\n\n\n\n<p>Agosto 24 de 2023<\/p>\n\n\n\n<p>R\u00edo Bravo, Tamaulipas. &#8211; El gobernador de Tamaulipas, Am\u00e9rico Villarreal Anaya, inaugur\u00f3 el proyecto de c\u00e1maras de nueva generaci\u00f3n, en la planta maquiladora Valeo Sistemas Electr\u00f3nicos, ubicada en este municipio, refrendando el respaldo absoluto de su gobierno a la industria de la transformaci\u00f3n, que impulsa la creaci\u00f3n de nuevos empleos y confirma la estabilidad laboral gracias a la confianza de los inversionistas en la entidad.<\/p>\n\n\n\n<p>La secretaria del Trabajo, Olga Patricia Sosa Ru\u00edz, quien acompa\u00f1\u00f3 al mandatario estatal durante un recorrido, dio a conocer que la apertura consiste en una l\u00ednea de ensamble que generar\u00e1 100 nuevas plazas de trabajo, sumada a la l\u00ednea 12, que para su operaci\u00f3n requerir\u00e1 de 60 puestos laborales, lo que permitir\u00e1 en total la generaci\u00f3n de 160 nuevos empleos para esta regi\u00f3n del Estado.<\/p>\n\n\n\n<p>La empresa Valeo, de capital extranjero, actualmente da ocupaci\u00f3n a m\u00e1s de 2 mil trabajadores que laboran bajo condiciones de seguridad, higiene y salud, produciendo 40 mil piezas por semana en el sector automotriz.<\/p>\n\n\n\n<p>Valeo es una planta establecida en R\u00edo Bravo que desde 1998 exporta a Estados Unidos, Canad\u00e1, M\u00e9xico, China, Europa, Argentina y Brasil.<\/p>\n\n\n\n<p>Durante el recorrido por esta planta, el gobernador Am\u00e9rico Villarreal estuvo acompa\u00f1ado por directivos de la empresa y por integrantes del gabinete estatal como el secretario general de Gobierno, H\u00e9ctor Joel Villegas Gonz\u00e1lez; la secretaria de Finanzas, Adriana Lozano Rodr\u00edguez; el jefe de la Oficina del Gobernador, Ricardo Guerrero Morales; el titular de los Centros de Conciliaci\u00f3n Laboral, Ives Sober\u00f3n y el presidente de Index Reynosa, Ra\u00fal Seti\u00e9n. Asimismo, el presidente municipal de R\u00edo Bravo, Joel Eduardo Y\u00e1\u00f1ez Villegas.<\/p>\n\n\n<figure class=\"wp-block-post-featured-image\"><img width=\"240\" height=\"172\" src=\"https:\/\/cabellonews.com\/wp-content\/uploads\/2023\/08\/5cc0dd59-117e-40ea-b74d-779543ab5baf-240x172.jpeg\" class=\"attachment-post-thumbnail size-post-thumbnail wp-post-image\" alt=\"\" decoding=\"async\" loading=\"lazy\" \/><\/figure>\n\n\n<pre class=\"wp-block-code\"><code>     *    *   *<\/code><\/pre>\n","protected":false},"excerpt":{"rendered":"<p>Agosto 24 de 2023 R\u00edo Bravo, Tamaulipas. &#8211; El gobernador de Tamaulipas, Am\u00e9rico Villarreal Anaya, inaugur\u00f3 el proyecto de c\u00e1maras de nueva generaci\u00f3n, en la planta maquiladora Valeo Sistemas Electr\u00f3nicos, ubicada en este municipio, refrendando el respaldo absoluto de su gobierno a la industria de la transformaci\u00f3n, que impulsa la creaci\u00f3n de nuevos empleos y confirma la estabilidad laboral gracias a la confianza de los inversionistas en la entidad. La secretaria del Trabajo, Olga Patricia Sosa Ru\u00edz, quien acompa\u00f1\u00f3 al mandatario estatal durante un recorrido, dio a conocer que la&hellip;<\/p>\n","protected":false},"author":1,"featured_media":445,"comment_status":"open","ping_status":"open","sticky":false,"template":"","format":"standard","meta":[],"categories":[1],"tags":[],"gutentor_comment":0,"yoast_head":"<!-- This site is optimized with the Yoast SEO plugin v20.10 - https:\/\/yoast.com\/wordpress\/plugins\/seo\/ -->\n<title>Inaugura Am\u00e9rico Villarreal proyecto en planta Valeo de R\u00edo Bravo - cabellonews.com<\/title>\n<meta name=\"robots\" content=\"index, follow, max-snippet:-1, max-image-preview:large, max-video-preview:-1\" \/>\n<link rel=\"canonical\" href=\"https:\/\/cabellonews.com\/?p=444\" \/>\n<meta property=\"og:locale\" content=\"en_US\" \/>\n<meta property=\"og:type\" content=\"article\" \/>\n<meta property=\"og:title\" content=\"Inaugura Am\u00e9rico Villarreal proyecto en planta Valeo de R\u00edo Bravo - cabellonews.com\" \/>\n<meta property=\"og:description\" content=\"Agosto 24 de 2023 R\u00edo Bravo, Tamaulipas. &#8211; El gobernador de Tamaulipas, Am\u00e9rico Villarreal Anaya, inaugur\u00f3 el proyecto de c\u00e1maras de nueva generaci\u00f3n, en la planta maquiladora Valeo Sistemas Electr\u00f3nicos, ubicada en este municipio, refrendando el respaldo absoluto de su gobierno a la industria de la transformaci\u00f3n, que impulsa la creaci\u00f3n de nuevos empleos y confirma la estabilidad laboral gracias a la confianza de los inversionistas en la entidad. La secretaria del Trabajo, Olga Patricia Sosa Ru\u00edz, quien acompa\u00f1\u00f3 al mandatario estatal durante un recorrido, dio a conocer que la&hellip;\" \/>\n<meta property=\"og:url\" content=\"https:\/\/cabellonews.com\/?p=444\" \/>\n<meta property=\"og:site_name\" content=\"cabellonews.com\" \/>\n<meta property=\"article:published_time\" content=\"2023-08-25T01:07:57+00:00\" \/>\n<meta property=\"og:image\" content=\"http:\/\/cabellonews.com\/wp-content\/uploads\/2023\/08\/5cc0dd59-117e-40ea-b74d-779543ab5baf.jpeg\" \/>\n\t<meta property=\"og:image:width\" content=\"1600\" \/>\n\t<meta property=\"og:image:height\" content=\"1066\" \/>\n\t<meta property=\"og:image:type\" content=\"image\/jpeg\" \/>\n<meta name=\"author\" content=\"cabellonews.com\" \/>\n<meta name=\"twitter:card\" content=\"summary_large_image\" \/>\n<meta name=\"twitter:label1\" content=\"Written by\" \/>\n\t<meta name=\"twitter:data1\" content=\"cabellonews.com\" \/>\n\t<meta name=\"twitter:label2\" content=\"Est. reading time\" \/>\n\t<meta name=\"twitter:data2\" content=\"2 minutes\" \/>\n<script type=\"application\/ld+json\" class=\"yoast-schema-graph\">{\"@context\":\"https:\/\/schema.org\",\"@graph\":[{\"@type\":\"WebPage\",\"@id\":\"https:\/\/cabellonews.com\/?p=444\",\"url\":\"https:\/\/cabellonews.com\/?p=444\",\"name\":\"Inaugura Am\u00e9rico Villarreal proyecto en planta Valeo de R\u00edo Bravo - cabellonews.com\",\"isPartOf\":{\"@id\":\"https:\/\/cabellonews.com\/#website\"},\"datePublished\":\"2023-08-25T01:07:57+00:00\",\"dateModified\":\"2023-08-25T01:07:57+00:00\",\"author\":{\"@id\":\"https:\/\/cabellonews.com\/#\/schema\/person\/7afe73bafa6cc5a24fd4c67dfd4379d8\"},\"breadcrumb\":{\"@id\":\"https:\/\/cabellonews.com\/?p=444#breadcrumb\"},\"inLanguage\":\"en-US\",\"potentialAction\":[{\"@type\":\"ReadAction\",\"target\":[\"https:\/\/cabellonews.com\/?p=444\"]}]},{\"@type\":\"BreadcrumbList\",\"@id\":\"https:\/\/cabellonews.com\/?p=444#breadcrumb\",\"itemListElement\":[{\"@type\":\"ListItem\",\"position\":1,\"name\":\"Inicio\",\"item\":\"https:\/\/cabellonews.com\/\"},{\"@type\":\"ListItem\",\"position\":2,\"name\":\"Inaugura Am\u00e9rico Villarreal proyecto en planta Valeo de R\u00edo Bravo\"}]},{\"@type\":\"WebSite\",\"@id\":\"https:\/\/cabellonews.com\/#website\",\"url\":\"https:\/\/cabellonews.com\/\",\"name\":\"cabellonews.com\",\"description\":\"Con Cobertura En Tamaulipas Y norte de Veracruz\",\"potentialAction\":[{\"@type\":\"SearchAction\",\"target\":{\"@type\":\"EntryPoint\",\"urlTemplate\":\"https:\/\/cabellonews.com\/?s={search_term_string}\"},\"query-input\":\"required name=search_term_string\"}],\"inLanguage\":\"en-US\"},{\"@type\":\"Person\",\"@id\":\"https:\/\/cabellonews.com\/#\/schema\/person\/7afe73bafa6cc5a24fd4c67dfd4379d8\",\"name\":\"cabellonews.com\",\"image\":{\"@type\":\"ImageObject\",\"inLanguage\":\"en-US\",\"@id\":\"https:\/\/cabellonews.com\/#\/schema\/person\/image\/\",\"url\":\"https:\/\/secure.gravatar.com\/avatar\/8d6324fc2806389aad4cd38639618406?s=96&d=mm&r=g\",\"contentUrl\":\"https:\/\/secure.gravatar.com\/avatar\/8d6324fc2806389aad4cd38639618406?s=96&d=mm&r=g\",\"caption\":\"cabellonews.com\"},\"sameAs\":[\"http:\/\/cabellonews.com\"],\"url\":\"https:\/\/cabellonews.com\/?author=1\"}]}<\/script>\n<!-- \/ Yoast SEO plugin. -->","yoast_head_json":{"title":"Inaugura Am\u00e9rico Villarreal proyecto en planta Valeo de R\u00edo Bravo - cabellonews.com","robots":{"index":"index","follow":"follow","max-snippet":"max-snippet:-1","max-image-preview":"max-image-preview:large","max-video-preview":"max-video-preview:-1"},"canonical":"https:\/\/cabellonews.com\/?p=444","og_locale":"en_US","og_type":"article","og_title":"Inaugura Am\u00e9rico Villarreal proyecto en planta Valeo de R\u00edo Bravo - cabellonews.com","og_description":"Agosto 24 de 2023 R\u00edo Bravo, Tamaulipas. &#8211; El gobernador de Tamaulipas, Am\u00e9rico Villarreal Anaya, inaugur\u00f3 el proyecto de c\u00e1maras de nueva generaci\u00f3n, en la planta maquiladora Valeo Sistemas Electr\u00f3nicos, ubicada en este municipio, refrendando el respaldo absoluto de su gobierno a la industria de la transformaci\u00f3n, que impulsa la creaci\u00f3n de nuevos empleos y confirma la estabilidad laboral gracias a la confianza de los inversionistas en la entidad. La secretaria del Trabajo, Olga Patricia Sosa Ru\u00edz, quien acompa\u00f1\u00f3 al mandatario estatal durante un recorrido, dio a conocer que la&hellip;","og_url":"https:\/\/cabellonews.com\/?p=444","og_site_name":"cabellonews.com","article_published_time":"2023-08-25T01:07:57+00:00","og_image":[{"width":1600,"height":1066,"url":"http:\/\/cabellonews.com\/wp-content\/uploads\/2023\/08\/5cc0dd59-117e-40ea-b74d-779543ab5baf.jpeg","type":"image\/jpeg"}],"author":"cabellonews.com","twitter_card":"summary_large_image","twitter_misc":{"Written by":"cabellonews.com","Est. reading time":"2 minutes"},"schema":{"@context":"https:\/\/schema.org","@graph":[{"@type":"WebPage","@id":"https:\/\/cabellonews.com\/?p=444","url":"https:\/\/cabellonews.com\/?p=444","name":"Inaugura Am\u00e9rico Villarreal proyecto en planta Valeo de R\u00edo Bravo - cabellonews.com","isPartOf":{"@id":"https:\/\/cabellonews.com\/#website"},"datePublished":"2023-08-25T01:07:57+00:00","dateModified":"2023-08-25T01:07:57+00:00","author":{"@id":"https:\/\/cabellonews.com\/#\/schema\/person\/7afe73bafa6cc5a24fd4c67dfd4379d8"},"breadcrumb":{"@id":"https:\/\/cabellonews.com\/?p=444#breadcrumb"},"inLanguage":"en-US","potentialAction":[{"@type":"ReadAction","target":["https:\/\/cabellonews.com\/?p=444"]}]},{"@type":"BreadcrumbList","@id":"https:\/\/cabellonews.com\/?p=444#breadcrumb","itemListElement":[{"@type":"ListItem","position":1,"name":"Inicio","item":"https:\/\/cabellonews.com\/"},{"@type":"ListItem","position":2,"name":"Inaugura Am\u00e9rico Villarreal proyecto en planta Valeo de R\u00edo Bravo"}]},{"@type":"WebSite","@id":"https:\/\/cabellonews.com\/#website","url":"https:\/\/cabellonews.com\/","name":"cabellonews.com","description":"Con Cobertura En Tamaulipas Y norte de Veracruz","potentialAction":[{"@type":"SearchAction","target":{"@type":"EntryPoint","urlTemplate":"https:\/\/cabellonews.com\/?s={search_term_string}"},"query-input":"required name=search_term_string"}],"inLanguage":"en-US"},{"@type":"Person","@id":"https:\/\/cabellonews.com\/#\/schema\/person\/7afe73bafa6cc5a24fd4c67dfd4379d8","name":"cabellonews.com","image":{"@type":"ImageObject","inLanguage":"en-US","@id":"https:\/\/cabellonews.com\/#\/schema\/person\/image\/","url":"https:\/\/secure.gravatar.com\/avatar\/8d6324fc2806389aad4cd38639618406?s=96&d=mm&r=g","contentUrl":"https:\/\/secure.gravatar.com\/avatar\/8d6324fc2806389aad4cd38639618406?s=96&d=mm&r=g","caption":"cabellonews.com"},"sameAs":["http:\/\/cabellonews.com"],"url":"https:\/\/cabellonews.com\/?author=1"}]}},"_links":{"self":[{"href":"https:\/\/cabellonews.com\/index.php?rest_route=\/wp\/v2\/posts\/444"}],"collection":[{"href":"https:\/\/cabellonews.com\/index.php?rest_route=\/wp\/v2\/posts"}],"about":[{"href":"https:\/\/cabellonews.com\/index.php?rest_route=\/wp\/v2\/types\/post"}],"author":[{"embeddable":true,"href":"https:\/\/cabellonews.com\/index.php?rest_route=\/wp\/v2\/users\/1"}],"replies":[{"embeddable":true,"href":"https:\/\/cabellonews.com\/index.php?rest_route=%2Fwp%2Fv2%2Fcomments&post=444"}],"version-history":[{"count":1,"href":"https:\/\/cabellonews.com\/index.php?rest_route=\/wp\/v2\/posts\/444\/revisions"}],"predecessor-version":[{"id":446,"href":"https:\/\/cabellonews.com\/index.php?rest_route=\/wp\/v2\/posts\/444\/revisions\/446"}],"wp:featuredmedia":[{"embeddable":true,"href":"https:\/\/cabellonews.com\/index.php?rest_route=\/wp\/v2\/media\/445"}],"wp:attachment":[{"href":"https:\/\/cabellonews.com\/index.php?rest_route=%2Fwp%2Fv2%2Fmedia&parent=444"}],"wp:term":[{"taxonomy":"category","embeddable":true,"href":"https:\/\/cabellonews.com\/index.php?rest_route=%2Fwp%2Fv2%2Fcategories&post=444"},{"taxonomy":"post_tag","embeddable":true,"href":"https:\/\/cabellonews.com\/index.php?rest_route=%2Fwp%2Fv2%2Ftags&post=444"}],"curies":[{"name":"wp","href":"https:\/\/api.w.org\/{rel}","templated":true}]}}