{"id":433,"date":"2023-08-15T17:51:29","date_gmt":"2023-08-15T17:51:29","guid":{"rendered":"https:\/\/cabellonews.com\/?p=433"},"modified":"2023-08-15T17:51:29","modified_gmt":"2023-08-15T17:51:29","slug":"presentan-sst-y-sepomex-emision-especial-de-estampilla-postal","status":"publish","type":"post","link":"https:\/\/cabellonews.com\/?p=433","title":{"rendered":"Presentan SST y SEPOMEX emisi\u00f3n especial de estampilla postal"},"content":{"rendered":"\n<p>Agosto 14 de 2023<\/p>\n\n\n\n<p>Ciudad Victoria, Tamaulipas.- El programa de emisiones de estampillas postales conmemorativas y especiales 2023, present\u00f3 la r\u00e9plica denominada: \u201c75 a\u00f1os de la Organizaci\u00f3n Mundial de la Salud\u201d, como una manera de reconocer los logros y desaf\u00edos que en las \u00faltimas d\u00e9cadas ha enfrentado la humanidad, en materia de salud.<\/p>\n\n\n\n<p>Acompa\u00f1ado por el gerente estatal del Servicio Postal Mexicano \u201cSEPOMEX\u201d en Tamaulipas, Juan Agust\u00edn B\u00e1ez L\u00f3pez, el secretario de Salud, Vicente Joel Hern\u00e1ndez Navarro, present\u00f3 la r\u00e9plica de cancelaci\u00f3n del primer d\u00eda de emisi\u00f3n de la estampilla postal, misma que se lleva a cabo en el marco de esta celebraci\u00f3n y que este a\u00f1o tiene como lema \u201cSalud para Todos\u201d.<\/p>\n\n\n\n<p>Dijo que el dise\u00f1o de esta estampilla postal, invita a reflexionar sobre la importancia de gozar de salud con libertad y justicia; de preservar la seguridad del mundo y servir a los m\u00e1s vulnerables para que todas las personas, en todas partes, puedan alcanzar el m\u00e1s alto grado de salud y bienestar.<\/p>\n\n\n\n<p>\u201cSon 75 a\u00f1os que la OMS ha avanzado en la protecci\u00f3n de la salud y en Tamaulipas, con el apoyo del gobernador Am\u00e9rico Villarreal Anaya, entendimos que la forma m\u00e1s eficaz de acercar los servicios de salud y bienestar de las personas, es a trav\u00e9s de la atenci\u00f3n primaria para lograr un sistema m\u00e1s s\u00f3lido, ofrecer mayor cobertura y capacidad resolutiva\u201d, destac\u00f3 Hern\u00e1ndez Navarro.<\/p>\n\n\n\n<p>Por su parte el gerente estatal de SEPOMEX, se\u00f1al\u00f3 que con esta estampilla, se busca destacar los \u00e9xitos de la salud p\u00fablica que han mejorado la calidad de vida de la humanidad y es una oportunidad de motivar la acci\u00f3n para hacer frente a los retos sanitarios que se enfrentan.<\/p>\n\n\n\n<p>\u201cCon este esfuerzo se logr\u00f3 la erradicaci\u00f3n de la viruela, la reducci\u00f3n de la incidencia de la poliomielitis en un 99 %; una mayor cobertura de la vacunaci\u00f3n infantil; el descenso de la mortalidad materna y la mejora de la salud y el bienestar de otros millones de personas\u201d, dijo durante su participaci\u00f3n B\u00e1ez L\u00f3pez.<\/p>\n\n\n\n<p>Por \u00faltimo, el titular de la dependencia estatal, agradeci\u00f3 la oportunidad de disfrutar la r\u00e9plica de emisi\u00f3n de esta estampilla que desde el pasado 3 de julio se encuentra disponible y fue presentada a nivel nacional y que en esta ocasi\u00f3n lanza un tiro de 100 mil estampillas; adem\u00e1s es una posibilidad de disfrutar del color y dise\u00f1o de Sergio Barranca R\u00e1bago que invita a reflexionar sobre la importancia de gozar de una buena salud.<\/p>\n\n\n\n<p>En el evento que se llev\u00f3 a cabo en las instalaciones de la Secretar\u00eda de Salud, se cont\u00f3 con la presencia del cartero especializado del SEPOMEX en Tamaulipas, Jes\u00fas Fuentes V\u00e1zquez; la encargada de la Unidad Comercial, Reyna Karina Scott Conti; el jefe de la Administraci\u00f3n Postal en Victoria, Edgar Omar Escobedo Mart\u00ednez, as\u00ed como los subsecretarios y personal administrativo de Oficina Central.<\/p>\n\n\n<figure class=\"wp-block-post-featured-image\"><img width=\"240\" height=\"172\" src=\"https:\/\/cabellonews.com\/wp-content\/uploads\/2023\/08\/6ad7c692-936c-4ecb-8d7f-9b204d70f5f3-240x172.jpeg\" class=\"attachment-post-thumbnail size-post-thumbnail wp-post-image\" alt=\"\" decoding=\"async\" loading=\"lazy\" \/><\/figure>\n\n\n<pre class=\"wp-block-code\"><code>        *   *   *<\/code><\/pre>\n","protected":false},"excerpt":{"rendered":"<p>Agosto 14 de 2023 Ciudad Victoria, Tamaulipas.- El programa de emisiones de estampillas postales conmemorativas y especiales 2023, present\u00f3 la r\u00e9plica denominada: \u201c75 a\u00f1os de la Organizaci\u00f3n Mundial de la Salud\u201d, como una manera de reconocer los logros y desaf\u00edos que en las \u00faltimas d\u00e9cadas ha enfrentado la humanidad, en materia de salud. Acompa\u00f1ado por el gerente estatal del Servicio Postal Mexicano \u201cSEPOMEX\u201d en Tamaulipas, Juan Agust\u00edn B\u00e1ez L\u00f3pez, el secretario de Salud, Vicente Joel Hern\u00e1ndez Navarro, present\u00f3 la r\u00e9plica de cancelaci\u00f3n del primer d\u00eda de emisi\u00f3n de la estampilla&hellip;<\/p>\n","protected":false},"author":1,"featured_media":434,"comment_status":"open","ping_status":"open","sticky":false,"template":"","format":"standard","meta":[],"categories":[1],"tags":[],"gutentor_comment":0,"yoast_head":"<!-- This site is optimized with the Yoast SEO plugin v20.10 - https:\/\/yoast.com\/wordpress\/plugins\/seo\/ -->\n<title>Presentan SST y SEPOMEX emisi\u00f3n especial de estampilla postal - cabellonews.com<\/title>\n<meta name=\"robots\" content=\"index, follow, max-snippet:-1, max-image-preview:large, max-video-preview:-1\" \/>\n<link rel=\"canonical\" href=\"https:\/\/cabellonews.com\/?p=433\" \/>\n<meta property=\"og:locale\" content=\"en_US\" \/>\n<meta property=\"og:type\" content=\"article\" \/>\n<meta property=\"og:title\" content=\"Presentan SST y SEPOMEX emisi\u00f3n especial de estampilla postal - cabellonews.com\" \/>\n<meta property=\"og:description\" content=\"Agosto 14 de 2023 Ciudad Victoria, Tamaulipas.- El programa de emisiones de estampillas postales conmemorativas y especiales 2023, present\u00f3 la r\u00e9plica denominada: \u201c75 a\u00f1os de la Organizaci\u00f3n Mundial de la Salud\u201d, como una manera de reconocer los logros y desaf\u00edos que en las \u00faltimas d\u00e9cadas ha enfrentado la humanidad, en materia de salud. Acompa\u00f1ado por el gerente estatal del Servicio Postal Mexicano \u201cSEPOMEX\u201d en Tamaulipas, Juan Agust\u00edn B\u00e1ez L\u00f3pez, el secretario de Salud, Vicente Joel Hern\u00e1ndez Navarro, present\u00f3 la r\u00e9plica de cancelaci\u00f3n del primer d\u00eda de emisi\u00f3n de la estampilla&hellip;\" \/>\n<meta property=\"og:url\" content=\"https:\/\/cabellonews.com\/?p=433\" \/>\n<meta property=\"og:site_name\" content=\"cabellonews.com\" \/>\n<meta property=\"article:published_time\" content=\"2023-08-15T17:51:29+00:00\" \/>\n<meta property=\"og:image\" content=\"http:\/\/cabellonews.com\/wp-content\/uploads\/2023\/08\/6ad7c692-936c-4ecb-8d7f-9b204d70f5f3.jpeg\" \/>\n\t<meta property=\"og:image:width\" content=\"1560\" \/>\n\t<meta property=\"og:image:height\" content=\"1040\" \/>\n\t<meta property=\"og:image:type\" content=\"image\/jpeg\" \/>\n<meta name=\"author\" content=\"cabellonews.com\" \/>\n<meta name=\"twitter:card\" content=\"summary_large_image\" \/>\n<meta name=\"twitter:label1\" content=\"Written by\" \/>\n\t<meta name=\"twitter:data1\" content=\"cabellonews.com\" \/>\n\t<meta name=\"twitter:label2\" content=\"Est. reading time\" \/>\n\t<meta name=\"twitter:data2\" content=\"3 minutes\" \/>\n<script type=\"application\/ld+json\" class=\"yoast-schema-graph\">{\"@context\":\"https:\/\/schema.org\",\"@graph\":[{\"@type\":\"WebPage\",\"@id\":\"https:\/\/cabellonews.com\/?p=433\",\"url\":\"https:\/\/cabellonews.com\/?p=433\",\"name\":\"Presentan SST y SEPOMEX emisi\u00f3n especial de estampilla postal - cabellonews.com\",\"isPartOf\":{\"@id\":\"https:\/\/cabellonews.com\/#website\"},\"datePublished\":\"2023-08-15T17:51:29+00:00\",\"dateModified\":\"2023-08-15T17:51:29+00:00\",\"author\":{\"@id\":\"https:\/\/cabellonews.com\/#\/schema\/person\/7afe73bafa6cc5a24fd4c67dfd4379d8\"},\"breadcrumb\":{\"@id\":\"https:\/\/cabellonews.com\/?p=433#breadcrumb\"},\"inLanguage\":\"en-US\",\"potentialAction\":[{\"@type\":\"ReadAction\",\"target\":[\"https:\/\/cabellonews.com\/?p=433\"]}]},{\"@type\":\"BreadcrumbList\",\"@id\":\"https:\/\/cabellonews.com\/?p=433#breadcrumb\",\"itemListElement\":[{\"@type\":\"ListItem\",\"position\":1,\"name\":\"Inicio\",\"item\":\"https:\/\/cabellonews.com\/\"},{\"@type\":\"ListItem\",\"position\":2,\"name\":\"Presentan SST y SEPOMEX emisi\u00f3n especial de estampilla postal\"}]},{\"@type\":\"WebSite\",\"@id\":\"https:\/\/cabellonews.com\/#website\",\"url\":\"https:\/\/cabellonews.com\/\",\"name\":\"cabellonews.com\",\"description\":\"Con Cobertura En Tamaulipas Y norte de Veracruz\",\"potentialAction\":[{\"@type\":\"SearchAction\",\"target\":{\"@type\":\"EntryPoint\",\"urlTemplate\":\"https:\/\/cabellonews.com\/?s={search_term_string}\"},\"query-input\":\"required name=search_term_string\"}],\"inLanguage\":\"en-US\"},{\"@type\":\"Person\",\"@id\":\"https:\/\/cabellonews.com\/#\/schema\/person\/7afe73bafa6cc5a24fd4c67dfd4379d8\",\"name\":\"cabellonews.com\",\"image\":{\"@type\":\"ImageObject\",\"inLanguage\":\"en-US\",\"@id\":\"https:\/\/cabellonews.com\/#\/schema\/person\/image\/\",\"url\":\"https:\/\/secure.gravatar.com\/avatar\/8d6324fc2806389aad4cd38639618406?s=96&d=mm&r=g\",\"contentUrl\":\"https:\/\/secure.gravatar.com\/avatar\/8d6324fc2806389aad4cd38639618406?s=96&d=mm&r=g\",\"caption\":\"cabellonews.com\"},\"sameAs\":[\"http:\/\/cabellonews.com\"],\"url\":\"https:\/\/cabellonews.com\/?author=1\"}]}<\/script>\n<!-- \/ Yoast SEO plugin. -->","yoast_head_json":{"title":"Presentan SST y SEPOMEX emisi\u00f3n especial de estampilla postal - cabellonews.com","robots":{"index":"index","follow":"follow","max-snippet":"max-snippet:-1","max-image-preview":"max-image-preview:large","max-video-preview":"max-video-preview:-1"},"canonical":"https:\/\/cabellonews.com\/?p=433","og_locale":"en_US","og_type":"article","og_title":"Presentan SST y SEPOMEX emisi\u00f3n especial de estampilla postal - cabellonews.com","og_description":"Agosto 14 de 2023 Ciudad Victoria, Tamaulipas.- El programa de emisiones de estampillas postales conmemorativas y especiales 2023, present\u00f3 la r\u00e9plica denominada: \u201c75 a\u00f1os de la Organizaci\u00f3n Mundial de la Salud\u201d, como una manera de reconocer los logros y desaf\u00edos que en las \u00faltimas d\u00e9cadas ha enfrentado la humanidad, en materia de salud. Acompa\u00f1ado por el gerente estatal del Servicio Postal Mexicano \u201cSEPOMEX\u201d en Tamaulipas, Juan Agust\u00edn B\u00e1ez L\u00f3pez, el secretario de Salud, Vicente Joel Hern\u00e1ndez Navarro, present\u00f3 la r\u00e9plica de cancelaci\u00f3n del primer d\u00eda de emisi\u00f3n de la estampilla&hellip;","og_url":"https:\/\/cabellonews.com\/?p=433","og_site_name":"cabellonews.com","article_published_time":"2023-08-15T17:51:29+00:00","og_image":[{"width":1560,"height":1040,"url":"http:\/\/cabellonews.com\/wp-content\/uploads\/2023\/08\/6ad7c692-936c-4ecb-8d7f-9b204d70f5f3.jpeg","type":"image\/jpeg"}],"author":"cabellonews.com","twitter_card":"summary_large_image","twitter_misc":{"Written by":"cabellonews.com","Est. reading time":"3 minutes"},"schema":{"@context":"https:\/\/schema.org","@graph":[{"@type":"WebPage","@id":"https:\/\/cabellonews.com\/?p=433","url":"https:\/\/cabellonews.com\/?p=433","name":"Presentan SST y SEPOMEX emisi\u00f3n especial de estampilla postal - cabellonews.com","isPartOf":{"@id":"https:\/\/cabellonews.com\/#website"},"datePublished":"2023-08-15T17:51:29+00:00","dateModified":"2023-08-15T17:51:29+00:00","author":{"@id":"https:\/\/cabellonews.com\/#\/schema\/person\/7afe73bafa6cc5a24fd4c67dfd4379d8"},"breadcrumb":{"@id":"https:\/\/cabellonews.com\/?p=433#breadcrumb"},"inLanguage":"en-US","potentialAction":[{"@type":"ReadAction","target":["https:\/\/cabellonews.com\/?p=433"]}]},{"@type":"BreadcrumbList","@id":"https:\/\/cabellonews.com\/?p=433#breadcrumb","itemListElement":[{"@type":"ListItem","position":1,"name":"Inicio","item":"https:\/\/cabellonews.com\/"},{"@type":"ListItem","position":2,"name":"Presentan SST y SEPOMEX emisi\u00f3n especial de estampilla postal"}]},{"@type":"WebSite","@id":"https:\/\/cabellonews.com\/#website","url":"https:\/\/cabellonews.com\/","name":"cabellonews.com","description":"Con Cobertura En Tamaulipas Y norte de Veracruz","potentialAction":[{"@type":"SearchAction","target":{"@type":"EntryPoint","urlTemplate":"https:\/\/cabellonews.com\/?s={search_term_string}"},"query-input":"required name=search_term_string"}],"inLanguage":"en-US"},{"@type":"Person","@id":"https:\/\/cabellonews.com\/#\/schema\/person\/7afe73bafa6cc5a24fd4c67dfd4379d8","name":"cabellonews.com","image":{"@type":"ImageObject","inLanguage":"en-US","@id":"https:\/\/cabellonews.com\/#\/schema\/person\/image\/","url":"https:\/\/secure.gravatar.com\/avatar\/8d6324fc2806389aad4cd38639618406?s=96&d=mm&r=g","contentUrl":"https:\/\/secure.gravatar.com\/avatar\/8d6324fc2806389aad4cd38639618406?s=96&d=mm&r=g","caption":"cabellonews.com"},"sameAs":["http:\/\/cabellonews.com"],"url":"https:\/\/cabellonews.com\/?author=1"}]}},"_links":{"self":[{"href":"https:\/\/cabellonews.com\/index.php?rest_route=\/wp\/v2\/posts\/433"}],"collection":[{"href":"https:\/\/cabellonews.com\/index.php?rest_route=\/wp\/v2\/posts"}],"about":[{"href":"https:\/\/cabellonews.com\/index.php?rest_route=\/wp\/v2\/types\/post"}],"author":[{"embeddable":true,"href":"https:\/\/cabellonews.com\/index.php?rest_route=\/wp\/v2\/users\/1"}],"replies":[{"embeddable":true,"href":"https:\/\/cabellonews.com\/index.php?rest_route=%2Fwp%2Fv2%2Fcomments&post=433"}],"version-history":[{"count":1,"href":"https:\/\/cabellonews.com\/index.php?rest_route=\/wp\/v2\/posts\/433\/revisions"}],"predecessor-version":[{"id":435,"href":"https:\/\/cabellonews.com\/index.php?rest_route=\/wp\/v2\/posts\/433\/revisions\/435"}],"wp:featuredmedia":[{"embeddable":true,"href":"https:\/\/cabellonews.com\/index.php?rest_route=\/wp\/v2\/media\/434"}],"wp:attachment":[{"href":"https:\/\/cabellonews.com\/index.php?rest_route=%2Fwp%2Fv2%2Fmedia&parent=433"}],"wp:term":[{"taxonomy":"category","embeddable":true,"href":"https:\/\/cabellonews.com\/index.php?rest_route=%2Fwp%2Fv2%2Fcategories&post=433"},{"taxonomy":"post_tag","embeddable":true,"href":"https:\/\/cabellonews.com\/index.php?rest_route=%2Fwp%2Fv2%2Ftags&post=433"}],"curies":[{"name":"wp","href":"https:\/\/api.w.org\/{rel}","templated":true}]}}