{"id":427,"date":"2023-08-13T17:47:29","date_gmt":"2023-08-13T17:47:29","guid":{"rendered":"https:\/\/cabellonews.com\/?p=427"},"modified":"2023-08-15T17:48:11","modified_gmt":"2023-08-15T17:48:11","slug":"para-el-gobierno-de-americo-villarreal-anaya-la-juventud-es-parte-esencial-de-la-vida-publica-de-tamaulipas-stps","status":"publish","type":"post","link":"https:\/\/cabellonews.com\/?p=427","title":{"rendered":"Para el gobierno de Am\u00e9rico Villarreal Anaya, la juventud es parte esencial de la vida p\u00fablica de Tamaulipas: STPS"},"content":{"rendered":"\n<p>-En Reynosa, con Joven Fest conmemoramos el D\u00eda Internacional de la Juventud: Olga Sosa Ru\u00edz<\/p>\n\n\n\n<p>Agosto 13 de 2023<\/p>\n\n\n\n<p>Reynosa.- La Secretar\u00eda del Trabajo del gobierno de Am\u00e9rico Villarreal Anaya, a trav\u00e9s del INJUVE que dirige Katalyna M\u00e9ndez, conmemor\u00f3 en Reynosa el D\u00eda Internacional de la Juventud reconociendo a m\u00e1s de un mill\u00f3n de tamaulipecas y tamaulipecos menores de 29 a\u00f1os, que buscan con alegr\u00eda vivir el presente, estudiar y trabajar, para lograr un mejor futuro.<\/p>\n\n\n\n<p>Olga Sosa Ru\u00edz titular de la dependencia estatal, destac\u00f3 en el Joven Fest, que atr\u00e1s qued\u00f3 la visi\u00f3n de desorientaci\u00f3n, indiferencia y maltrato, y hoy, con el humanismo mexicano del presidente de la Rep\u00fablica, Andr\u00e9s Manuel L\u00f3pez Obrador y del gobierno de Am\u00e9rico Villarreal Anaya, la juventud es parte esencial en la vida p\u00fablica de Tamaulipas.<\/p>\n\n\n\n<p>Sosa Ru\u00edz mencion\u00f3 que adem\u00e1s del cambio de visi\u00f3n y de vinculaci\u00f3n laboral, se considera importante \u201cla atenci\u00f3n de la salud, el disfrute de la cultura, el impulso a la protecci\u00f3n al medio ambiente, la recreaci\u00f3n del arte y la pr\u00e1ctica del deporte.\u201d<\/p>\n\n\n\n<p>Pidi\u00f3 a los m\u00e1s de 217 mil j\u00f3venes de Reynosa, representados por el alcalde Carlos Pe\u00f1a Ortiz que se acerquen como en todo el estado, a los programas que ofrece el INJUVE como son &#8220;Mercado j\u00f3ven&#8221;, &#8220;Misi\u00f3n Tamaulipas&#8221; y &#8220;Vayamos juntos para mejorar las condiciones de desarrollo y bienestar para todas y todos&#8221;, ratificando as\u00ed, la visi\u00f3n de cumplir con la Agenda 2030 en cuanto a perspectiva de la juventud.<\/p>\n\n\n\n<p>El INJUVE y su directora, Katalyna Mendez, anunciaron que continuar\u00e1n con m\u00e1s actividades durante todo el mes de agosto, denominado Mes de la Juventud.<\/p>\n\n\n<figure class=\"wp-block-post-featured-image\"><img width=\"240\" height=\"172\" src=\"https:\/\/cabellonews.com\/wp-content\/uploads\/2023\/08\/ef356988-91ec-422d-bf9f-87082ff64499-240x172.jpeg\" class=\"attachment-post-thumbnail size-post-thumbnail wp-post-image\" alt=\"\" decoding=\"async\" loading=\"lazy\" \/><\/figure>\n\n\n<pre class=\"wp-block-code\"><code>     *   *   *<\/code><\/pre>\n","protected":false},"excerpt":{"rendered":"<p>-En Reynosa, con Joven Fest conmemoramos el D\u00eda Internacional de la Juventud: Olga Sosa Ru\u00edz Agosto 13 de 2023 Reynosa.- La Secretar\u00eda del Trabajo del gobierno de Am\u00e9rico Villarreal Anaya, a trav\u00e9s del INJUVE que dirige Katalyna M\u00e9ndez, conmemor\u00f3 en Reynosa el D\u00eda Internacional de la Juventud reconociendo a m\u00e1s de un mill\u00f3n de tamaulipecas y tamaulipecos menores de 29 a\u00f1os, que buscan con alegr\u00eda vivir el presente, estudiar y trabajar, para lograr un mejor futuro. Olga Sosa Ru\u00edz titular de la dependencia estatal, destac\u00f3 en el Joven Fest, que&hellip;<\/p>\n","protected":false},"author":1,"featured_media":428,"comment_status":"open","ping_status":"open","sticky":false,"template":"","format":"standard","meta":[],"categories":[1],"tags":[],"gutentor_comment":0,"yoast_head":"<!-- This site is optimized with the Yoast SEO plugin v20.10 - https:\/\/yoast.com\/wordpress\/plugins\/seo\/ -->\n<title>Para el gobierno de Am\u00e9rico Villarreal Anaya, la juventud es parte esencial de la vida p\u00fablica de Tamaulipas: STPS - cabellonews.com<\/title>\n<meta name=\"robots\" content=\"index, follow, max-snippet:-1, max-image-preview:large, max-video-preview:-1\" \/>\n<link rel=\"canonical\" href=\"https:\/\/cabellonews.com\/?p=427\" \/>\n<meta property=\"og:locale\" content=\"en_US\" \/>\n<meta property=\"og:type\" content=\"article\" \/>\n<meta property=\"og:title\" content=\"Para el gobierno de Am\u00e9rico Villarreal Anaya, la juventud es parte esencial de la vida p\u00fablica de Tamaulipas: STPS - cabellonews.com\" \/>\n<meta property=\"og:description\" content=\"-En Reynosa, con Joven Fest conmemoramos el D\u00eda Internacional de la Juventud: Olga Sosa Ru\u00edz Agosto 13 de 2023 Reynosa.- La Secretar\u00eda del Trabajo del gobierno de Am\u00e9rico Villarreal Anaya, a trav\u00e9s del INJUVE que dirige Katalyna M\u00e9ndez, conmemor\u00f3 en Reynosa el D\u00eda Internacional de la Juventud reconociendo a m\u00e1s de un mill\u00f3n de tamaulipecas y tamaulipecos menores de 29 a\u00f1os, que buscan con alegr\u00eda vivir el presente, estudiar y trabajar, para lograr un mejor futuro. Olga Sosa Ru\u00edz titular de la dependencia estatal, destac\u00f3 en el Joven Fest, que&hellip;\" \/>\n<meta property=\"og:url\" content=\"https:\/\/cabellonews.com\/?p=427\" \/>\n<meta property=\"og:site_name\" content=\"cabellonews.com\" \/>\n<meta property=\"article:published_time\" content=\"2023-08-13T17:47:29+00:00\" \/>\n<meta property=\"article:modified_time\" content=\"2023-08-15T17:48:11+00:00\" \/>\n<meta property=\"og:image\" content=\"http:\/\/cabellonews.com\/wp-content\/uploads\/2023\/08\/ef356988-91ec-422d-bf9f-87082ff64499.jpeg\" \/>\n\t<meta property=\"og:image:width\" content=\"1599\" \/>\n\t<meta property=\"og:image:height\" content=\"1065\" \/>\n\t<meta property=\"og:image:type\" content=\"image\/jpeg\" \/>\n<meta name=\"author\" content=\"cabellonews.com\" \/>\n<meta name=\"twitter:card\" content=\"summary_large_image\" \/>\n<meta name=\"twitter:label1\" content=\"Written by\" \/>\n\t<meta name=\"twitter:data1\" content=\"cabellonews.com\" \/>\n\t<meta name=\"twitter:label2\" content=\"Est. reading time\" \/>\n\t<meta name=\"twitter:data2\" content=\"2 minutes\" \/>\n<script type=\"application\/ld+json\" class=\"yoast-schema-graph\">{\"@context\":\"https:\/\/schema.org\",\"@graph\":[{\"@type\":\"WebPage\",\"@id\":\"https:\/\/cabellonews.com\/?p=427\",\"url\":\"https:\/\/cabellonews.com\/?p=427\",\"name\":\"Para el gobierno de Am\u00e9rico Villarreal Anaya, la juventud es parte esencial de la vida p\u00fablica de Tamaulipas: STPS - cabellonews.com\",\"isPartOf\":{\"@id\":\"https:\/\/cabellonews.com\/#website\"},\"datePublished\":\"2023-08-13T17:47:29+00:00\",\"dateModified\":\"2023-08-15T17:48:11+00:00\",\"author\":{\"@id\":\"https:\/\/cabellonews.com\/#\/schema\/person\/7afe73bafa6cc5a24fd4c67dfd4379d8\"},\"breadcrumb\":{\"@id\":\"https:\/\/cabellonews.com\/?p=427#breadcrumb\"},\"inLanguage\":\"en-US\",\"potentialAction\":[{\"@type\":\"ReadAction\",\"target\":[\"https:\/\/cabellonews.com\/?p=427\"]}]},{\"@type\":\"BreadcrumbList\",\"@id\":\"https:\/\/cabellonews.com\/?p=427#breadcrumb\",\"itemListElement\":[{\"@type\":\"ListItem\",\"position\":1,\"name\":\"Inicio\",\"item\":\"https:\/\/cabellonews.com\/\"},{\"@type\":\"ListItem\",\"position\":2,\"name\":\"Para el gobierno de Am\u00e9rico Villarreal Anaya, la juventud es parte esencial de la vida p\u00fablica de Tamaulipas: STPS\"}]},{\"@type\":\"WebSite\",\"@id\":\"https:\/\/cabellonews.com\/#website\",\"url\":\"https:\/\/cabellonews.com\/\",\"name\":\"cabellonews.com\",\"description\":\"Con Cobertura En Tamaulipas Y norte de Veracruz\",\"potentialAction\":[{\"@type\":\"SearchAction\",\"target\":{\"@type\":\"EntryPoint\",\"urlTemplate\":\"https:\/\/cabellonews.com\/?s={search_term_string}\"},\"query-input\":\"required name=search_term_string\"}],\"inLanguage\":\"en-US\"},{\"@type\":\"Person\",\"@id\":\"https:\/\/cabellonews.com\/#\/schema\/person\/7afe73bafa6cc5a24fd4c67dfd4379d8\",\"name\":\"cabellonews.com\",\"image\":{\"@type\":\"ImageObject\",\"inLanguage\":\"en-US\",\"@id\":\"https:\/\/cabellonews.com\/#\/schema\/person\/image\/\",\"url\":\"https:\/\/secure.gravatar.com\/avatar\/8d6324fc2806389aad4cd38639618406?s=96&d=mm&r=g\",\"contentUrl\":\"https:\/\/secure.gravatar.com\/avatar\/8d6324fc2806389aad4cd38639618406?s=96&d=mm&r=g\",\"caption\":\"cabellonews.com\"},\"sameAs\":[\"http:\/\/cabellonews.com\"],\"url\":\"https:\/\/cabellonews.com\/?author=1\"}]}<\/script>\n<!-- \/ Yoast SEO plugin. -->","yoast_head_json":{"title":"Para el gobierno de Am\u00e9rico Villarreal Anaya, la juventud es parte esencial de la vida p\u00fablica de Tamaulipas: STPS - cabellonews.com","robots":{"index":"index","follow":"follow","max-snippet":"max-snippet:-1","max-image-preview":"max-image-preview:large","max-video-preview":"max-video-preview:-1"},"canonical":"https:\/\/cabellonews.com\/?p=427","og_locale":"en_US","og_type":"article","og_title":"Para el gobierno de Am\u00e9rico Villarreal Anaya, la juventud es parte esencial de la vida p\u00fablica de Tamaulipas: STPS - cabellonews.com","og_description":"-En Reynosa, con Joven Fest conmemoramos el D\u00eda Internacional de la Juventud: Olga Sosa Ru\u00edz Agosto 13 de 2023 Reynosa.- La Secretar\u00eda del Trabajo del gobierno de Am\u00e9rico Villarreal Anaya, a trav\u00e9s del INJUVE que dirige Katalyna M\u00e9ndez, conmemor\u00f3 en Reynosa el D\u00eda Internacional de la Juventud reconociendo a m\u00e1s de un mill\u00f3n de tamaulipecas y tamaulipecos menores de 29 a\u00f1os, que buscan con alegr\u00eda vivir el presente, estudiar y trabajar, para lograr un mejor futuro. Olga Sosa Ru\u00edz titular de la dependencia estatal, destac\u00f3 en el Joven Fest, que&hellip;","og_url":"https:\/\/cabellonews.com\/?p=427","og_site_name":"cabellonews.com","article_published_time":"2023-08-13T17:47:29+00:00","article_modified_time":"2023-08-15T17:48:11+00:00","og_image":[{"width":1599,"height":1065,"url":"http:\/\/cabellonews.com\/wp-content\/uploads\/2023\/08\/ef356988-91ec-422d-bf9f-87082ff64499.jpeg","type":"image\/jpeg"}],"author":"cabellonews.com","twitter_card":"summary_large_image","twitter_misc":{"Written by":"cabellonews.com","Est. reading time":"2 minutes"},"schema":{"@context":"https:\/\/schema.org","@graph":[{"@type":"WebPage","@id":"https:\/\/cabellonews.com\/?p=427","url":"https:\/\/cabellonews.com\/?p=427","name":"Para el gobierno de Am\u00e9rico Villarreal Anaya, la juventud es parte esencial de la vida p\u00fablica de Tamaulipas: STPS - cabellonews.com","isPartOf":{"@id":"https:\/\/cabellonews.com\/#website"},"datePublished":"2023-08-13T17:47:29+00:00","dateModified":"2023-08-15T17:48:11+00:00","author":{"@id":"https:\/\/cabellonews.com\/#\/schema\/person\/7afe73bafa6cc5a24fd4c67dfd4379d8"},"breadcrumb":{"@id":"https:\/\/cabellonews.com\/?p=427#breadcrumb"},"inLanguage":"en-US","potentialAction":[{"@type":"ReadAction","target":["https:\/\/cabellonews.com\/?p=427"]}]},{"@type":"BreadcrumbList","@id":"https:\/\/cabellonews.com\/?p=427#breadcrumb","itemListElement":[{"@type":"ListItem","position":1,"name":"Inicio","item":"https:\/\/cabellonews.com\/"},{"@type":"ListItem","position":2,"name":"Para el gobierno de Am\u00e9rico Villarreal Anaya, la juventud es parte esencial de la vida p\u00fablica de Tamaulipas: STPS"}]},{"@type":"WebSite","@id":"https:\/\/cabellonews.com\/#website","url":"https:\/\/cabellonews.com\/","name":"cabellonews.com","description":"Con Cobertura En Tamaulipas Y norte de Veracruz","potentialAction":[{"@type":"SearchAction","target":{"@type":"EntryPoint","urlTemplate":"https:\/\/cabellonews.com\/?s={search_term_string}"},"query-input":"required name=search_term_string"}],"inLanguage":"en-US"},{"@type":"Person","@id":"https:\/\/cabellonews.com\/#\/schema\/person\/7afe73bafa6cc5a24fd4c67dfd4379d8","name":"cabellonews.com","image":{"@type":"ImageObject","inLanguage":"en-US","@id":"https:\/\/cabellonews.com\/#\/schema\/person\/image\/","url":"https:\/\/secure.gravatar.com\/avatar\/8d6324fc2806389aad4cd38639618406?s=96&d=mm&r=g","contentUrl":"https:\/\/secure.gravatar.com\/avatar\/8d6324fc2806389aad4cd38639618406?s=96&d=mm&r=g","caption":"cabellonews.com"},"sameAs":["http:\/\/cabellonews.com"],"url":"https:\/\/cabellonews.com\/?author=1"}]}},"_links":{"self":[{"href":"https:\/\/cabellonews.com\/index.php?rest_route=\/wp\/v2\/posts\/427"}],"collection":[{"href":"https:\/\/cabellonews.com\/index.php?rest_route=\/wp\/v2\/posts"}],"about":[{"href":"https:\/\/cabellonews.com\/index.php?rest_route=\/wp\/v2\/types\/post"}],"author":[{"embeddable":true,"href":"https:\/\/cabellonews.com\/index.php?rest_route=\/wp\/v2\/users\/1"}],"replies":[{"embeddable":true,"href":"https:\/\/cabellonews.com\/index.php?rest_route=%2Fwp%2Fv2%2Fcomments&post=427"}],"version-history":[{"count":1,"href":"https:\/\/cabellonews.com\/index.php?rest_route=\/wp\/v2\/posts\/427\/revisions"}],"predecessor-version":[{"id":429,"href":"https:\/\/cabellonews.com\/index.php?rest_route=\/wp\/v2\/posts\/427\/revisions\/429"}],"wp:featuredmedia":[{"embeddable":true,"href":"https:\/\/cabellonews.com\/index.php?rest_route=\/wp\/v2\/media\/428"}],"wp:attachment":[{"href":"https:\/\/cabellonews.com\/index.php?rest_route=%2Fwp%2Fv2%2Fmedia&parent=427"}],"wp:term":[{"taxonomy":"category","embeddable":true,"href":"https:\/\/cabellonews.com\/index.php?rest_route=%2Fwp%2Fv2%2Fcategories&post=427"},{"taxonomy":"post_tag","embeddable":true,"href":"https:\/\/cabellonews.com\/index.php?rest_route=%2Fwp%2Fv2%2Ftags&post=427"}],"curies":[{"name":"wp","href":"https:\/\/api.w.org\/{rel}","templated":true}]}}