{"id":423,"date":"2023-08-12T17:46:36","date_gmt":"2023-08-12T17:46:36","guid":{"rendered":"https:\/\/cabellonews.com\/?p=423"},"modified":"2023-08-15T17:46:52","modified_gmt":"2023-08-15T17:46:52","slug":"gobierno-de-tamaulipas-continua-la-entrega-de-tinacos","status":"publish","type":"post","link":"https:\/\/cabellonews.com\/?p=423","title":{"rendered":"Gobierno de Tamaulipas contin\u00faa la entrega de tinacos"},"content":{"rendered":"\n<p>-Atenci\u00f3n Ciudadana cumple compromisos del Ejecutivo<\/p>\n\n\n\n<p>Agosto 12 de 2023<\/p>\n\n\n\n<p>Ciudad Victoria, Tamaulipas.- Para apoyar a las familias con recipientes seguros que les permitan almacenar agua, el Gobierno de Tamaulipas ha entregado esta semana 320 tinacos, en diferentes colonias de la capital.<\/p>\n\n\n\n<p>Hugo de Jes\u00fas Mendoza Mart\u00ednez, director general de Relaciones P\u00fablicas, Compromisos y Atenci\u00f3n Ciudadana del Gobierno de Tamaulipas, personalmente hace entrega de este beneficio social que apoya a la econom\u00eda de la poblaci\u00f3n.<\/p>\n\n\n\n<p>Atendiendo los compromisos que se reciben en actos p\u00fablicos y en las propias oficinas de esta Direcci\u00f3n, se distribuyen los apoyos solicitados por la ciudadan\u00eda.<\/p>\n\n\n\n<p>La instrucci\u00f3n del gobernador Am\u00e9rico Villarreal Anaya es continuar con la entrega de los apoyos de manera gratuita.<\/p>\n\n\n\n<p>Los recipientes tienen una capacidad de 450 litros y permiten a las familias contar con una reserva del vital l\u00edquido para resolver necesidades b\u00e1sicas en el hogar.<\/p>\n\n\n\n<figure class=\"wp-block-video\"><video controls src=\"https:\/\/cabellonews.com\/wp-content\/uploads\/2023\/08\/db44ab41-9261-4418-b159-ad878e5c2acb.mp4\"><\/video><\/figure>\n\n\n<figure class=\"wp-block-post-featured-image\"><img width=\"240\" height=\"172\" src=\"https:\/\/cabellonews.com\/wp-content\/uploads\/2023\/08\/0499e409-cf55-4413-a436-fe8f181b2f96-240x172.jpeg\" class=\"attachment-post-thumbnail size-post-thumbnail wp-post-image\" alt=\"\" decoding=\"async\" loading=\"lazy\" \/><\/figure>\n\n\n<pre class=\"wp-block-code\"><code>      *   *   *<\/code><\/pre>\n","protected":false},"excerpt":{"rendered":"<p>-Atenci\u00f3n Ciudadana cumple compromisos del Ejecutivo Agosto 12 de 2023 Ciudad Victoria, Tamaulipas.- Para apoyar a las familias con recipientes seguros que les permitan almacenar agua, el Gobierno de Tamaulipas ha entregado esta semana 320 tinacos, en diferentes colonias de la capital. Hugo de Jes\u00fas Mendoza Mart\u00ednez, director general de Relaciones P\u00fablicas, Compromisos y Atenci\u00f3n Ciudadana del Gobierno de Tamaulipas, personalmente hace entrega de este beneficio social que apoya a la econom\u00eda de la poblaci\u00f3n. Atendiendo los compromisos que se reciben en actos p\u00fablicos y en las propias oficinas de&hellip;<\/p>\n","protected":false},"author":1,"featured_media":424,"comment_status":"open","ping_status":"open","sticky":false,"template":"","format":"standard","meta":[],"categories":[1],"tags":[],"gutentor_comment":0,"yoast_head":"<!-- This site is optimized with the Yoast SEO plugin v20.10 - https:\/\/yoast.com\/wordpress\/plugins\/seo\/ -->\n<title>Gobierno de Tamaulipas contin\u00faa la entrega de tinacos - cabellonews.com<\/title>\n<meta name=\"robots\" content=\"index, follow, max-snippet:-1, max-image-preview:large, max-video-preview:-1\" \/>\n<link rel=\"canonical\" href=\"https:\/\/cabellonews.com\/?p=423\" \/>\n<meta property=\"og:locale\" content=\"en_US\" \/>\n<meta property=\"og:type\" content=\"article\" \/>\n<meta property=\"og:title\" content=\"Gobierno de Tamaulipas contin\u00faa la entrega de tinacos - cabellonews.com\" \/>\n<meta property=\"og:description\" content=\"-Atenci\u00f3n Ciudadana cumple compromisos del Ejecutivo Agosto 12 de 2023 Ciudad Victoria, Tamaulipas.- Para apoyar a las familias con recipientes seguros que les permitan almacenar agua, el Gobierno de Tamaulipas ha entregado esta semana 320 tinacos, en diferentes colonias de la capital. Hugo de Jes\u00fas Mendoza Mart\u00ednez, director general de Relaciones P\u00fablicas, Compromisos y Atenci\u00f3n Ciudadana del Gobierno de Tamaulipas, personalmente hace entrega de este beneficio social que apoya a la econom\u00eda de la poblaci\u00f3n. Atendiendo los compromisos que se reciben en actos p\u00fablicos y en las propias oficinas de&hellip;\" \/>\n<meta property=\"og:url\" content=\"https:\/\/cabellonews.com\/?p=423\" \/>\n<meta property=\"og:site_name\" content=\"cabellonews.com\" \/>\n<meta property=\"article:published_time\" content=\"2023-08-12T17:46:36+00:00\" \/>\n<meta property=\"article:modified_time\" content=\"2023-08-15T17:46:52+00:00\" \/>\n<meta property=\"og:image\" content=\"http:\/\/cabellonews.com\/wp-content\/uploads\/2023\/08\/0499e409-cf55-4413-a436-fe8f181b2f96.jpeg\" \/>\n\t<meta property=\"og:image:width\" content=\"1600\" \/>\n\t<meta property=\"og:image:height\" content=\"1066\" \/>\n\t<meta property=\"og:image:type\" content=\"image\/jpeg\" \/>\n<meta name=\"author\" content=\"cabellonews.com\" \/>\n<meta name=\"twitter:card\" content=\"summary_large_image\" \/>\n<meta name=\"twitter:label1\" content=\"Written by\" \/>\n\t<meta name=\"twitter:data1\" content=\"cabellonews.com\" \/>\n\t<meta name=\"twitter:label2\" content=\"Est. reading time\" \/>\n\t<meta name=\"twitter:data2\" content=\"1 minute\" \/>\n<script type=\"application\/ld+json\" class=\"yoast-schema-graph\">{\"@context\":\"https:\/\/schema.org\",\"@graph\":[{\"@type\":\"WebPage\",\"@id\":\"https:\/\/cabellonews.com\/?p=423\",\"url\":\"https:\/\/cabellonews.com\/?p=423\",\"name\":\"Gobierno de Tamaulipas contin\u00faa la entrega de tinacos - cabellonews.com\",\"isPartOf\":{\"@id\":\"https:\/\/cabellonews.com\/#website\"},\"datePublished\":\"2023-08-12T17:46:36+00:00\",\"dateModified\":\"2023-08-15T17:46:52+00:00\",\"author\":{\"@id\":\"https:\/\/cabellonews.com\/#\/schema\/person\/7afe73bafa6cc5a24fd4c67dfd4379d8\"},\"breadcrumb\":{\"@id\":\"https:\/\/cabellonews.com\/?p=423#breadcrumb\"},\"inLanguage\":\"en-US\",\"potentialAction\":[{\"@type\":\"ReadAction\",\"target\":[\"https:\/\/cabellonews.com\/?p=423\"]}]},{\"@type\":\"BreadcrumbList\",\"@id\":\"https:\/\/cabellonews.com\/?p=423#breadcrumb\",\"itemListElement\":[{\"@type\":\"ListItem\",\"position\":1,\"name\":\"Inicio\",\"item\":\"https:\/\/cabellonews.com\/\"},{\"@type\":\"ListItem\",\"position\":2,\"name\":\"Gobierno de Tamaulipas contin\u00faa la entrega de tinacos\"}]},{\"@type\":\"WebSite\",\"@id\":\"https:\/\/cabellonews.com\/#website\",\"url\":\"https:\/\/cabellonews.com\/\",\"name\":\"cabellonews.com\",\"description\":\"Con Cobertura En Tamaulipas Y norte de Veracruz\",\"potentialAction\":[{\"@type\":\"SearchAction\",\"target\":{\"@type\":\"EntryPoint\",\"urlTemplate\":\"https:\/\/cabellonews.com\/?s={search_term_string}\"},\"query-input\":\"required name=search_term_string\"}],\"inLanguage\":\"en-US\"},{\"@type\":\"Person\",\"@id\":\"https:\/\/cabellonews.com\/#\/schema\/person\/7afe73bafa6cc5a24fd4c67dfd4379d8\",\"name\":\"cabellonews.com\",\"image\":{\"@type\":\"ImageObject\",\"inLanguage\":\"en-US\",\"@id\":\"https:\/\/cabellonews.com\/#\/schema\/person\/image\/\",\"url\":\"https:\/\/secure.gravatar.com\/avatar\/8d6324fc2806389aad4cd38639618406?s=96&d=mm&r=g\",\"contentUrl\":\"https:\/\/secure.gravatar.com\/avatar\/8d6324fc2806389aad4cd38639618406?s=96&d=mm&r=g\",\"caption\":\"cabellonews.com\"},\"sameAs\":[\"http:\/\/cabellonews.com\"],\"url\":\"https:\/\/cabellonews.com\/?author=1\"}]}<\/script>\n<!-- \/ Yoast SEO plugin. -->","yoast_head_json":{"title":"Gobierno de Tamaulipas contin\u00faa la entrega de tinacos - cabellonews.com","robots":{"index":"index","follow":"follow","max-snippet":"max-snippet:-1","max-image-preview":"max-image-preview:large","max-video-preview":"max-video-preview:-1"},"canonical":"https:\/\/cabellonews.com\/?p=423","og_locale":"en_US","og_type":"article","og_title":"Gobierno de Tamaulipas contin\u00faa la entrega de tinacos - cabellonews.com","og_description":"-Atenci\u00f3n Ciudadana cumple compromisos del Ejecutivo Agosto 12 de 2023 Ciudad Victoria, Tamaulipas.- Para apoyar a las familias con recipientes seguros que les permitan almacenar agua, el Gobierno de Tamaulipas ha entregado esta semana 320 tinacos, en diferentes colonias de la capital. Hugo de Jes\u00fas Mendoza Mart\u00ednez, director general de Relaciones P\u00fablicas, Compromisos y Atenci\u00f3n Ciudadana del Gobierno de Tamaulipas, personalmente hace entrega de este beneficio social que apoya a la econom\u00eda de la poblaci\u00f3n. Atendiendo los compromisos que se reciben en actos p\u00fablicos y en las propias oficinas de&hellip;","og_url":"https:\/\/cabellonews.com\/?p=423","og_site_name":"cabellonews.com","article_published_time":"2023-08-12T17:46:36+00:00","article_modified_time":"2023-08-15T17:46:52+00:00","og_image":[{"width":1600,"height":1066,"url":"http:\/\/cabellonews.com\/wp-content\/uploads\/2023\/08\/0499e409-cf55-4413-a436-fe8f181b2f96.jpeg","type":"image\/jpeg"}],"author":"cabellonews.com","twitter_card":"summary_large_image","twitter_misc":{"Written by":"cabellonews.com","Est. reading time":"1 minute"},"schema":{"@context":"https:\/\/schema.org","@graph":[{"@type":"WebPage","@id":"https:\/\/cabellonews.com\/?p=423","url":"https:\/\/cabellonews.com\/?p=423","name":"Gobierno de Tamaulipas contin\u00faa la entrega de tinacos - cabellonews.com","isPartOf":{"@id":"https:\/\/cabellonews.com\/#website"},"datePublished":"2023-08-12T17:46:36+00:00","dateModified":"2023-08-15T17:46:52+00:00","author":{"@id":"https:\/\/cabellonews.com\/#\/schema\/person\/7afe73bafa6cc5a24fd4c67dfd4379d8"},"breadcrumb":{"@id":"https:\/\/cabellonews.com\/?p=423#breadcrumb"},"inLanguage":"en-US","potentialAction":[{"@type":"ReadAction","target":["https:\/\/cabellonews.com\/?p=423"]}]},{"@type":"BreadcrumbList","@id":"https:\/\/cabellonews.com\/?p=423#breadcrumb","itemListElement":[{"@type":"ListItem","position":1,"name":"Inicio","item":"https:\/\/cabellonews.com\/"},{"@type":"ListItem","position":2,"name":"Gobierno de Tamaulipas contin\u00faa la entrega de tinacos"}]},{"@type":"WebSite","@id":"https:\/\/cabellonews.com\/#website","url":"https:\/\/cabellonews.com\/","name":"cabellonews.com","description":"Con Cobertura En Tamaulipas Y norte de Veracruz","potentialAction":[{"@type":"SearchAction","target":{"@type":"EntryPoint","urlTemplate":"https:\/\/cabellonews.com\/?s={search_term_string}"},"query-input":"required name=search_term_string"}],"inLanguage":"en-US"},{"@type":"Person","@id":"https:\/\/cabellonews.com\/#\/schema\/person\/7afe73bafa6cc5a24fd4c67dfd4379d8","name":"cabellonews.com","image":{"@type":"ImageObject","inLanguage":"en-US","@id":"https:\/\/cabellonews.com\/#\/schema\/person\/image\/","url":"https:\/\/secure.gravatar.com\/avatar\/8d6324fc2806389aad4cd38639618406?s=96&d=mm&r=g","contentUrl":"https:\/\/secure.gravatar.com\/avatar\/8d6324fc2806389aad4cd38639618406?s=96&d=mm&r=g","caption":"cabellonews.com"},"sameAs":["http:\/\/cabellonews.com"],"url":"https:\/\/cabellonews.com\/?author=1"}]}},"_links":{"self":[{"href":"https:\/\/cabellonews.com\/index.php?rest_route=\/wp\/v2\/posts\/423"}],"collection":[{"href":"https:\/\/cabellonews.com\/index.php?rest_route=\/wp\/v2\/posts"}],"about":[{"href":"https:\/\/cabellonews.com\/index.php?rest_route=\/wp\/v2\/types\/post"}],"author":[{"embeddable":true,"href":"https:\/\/cabellonews.com\/index.php?rest_route=\/wp\/v2\/users\/1"}],"replies":[{"embeddable":true,"href":"https:\/\/cabellonews.com\/index.php?rest_route=%2Fwp%2Fv2%2Fcomments&post=423"}],"version-history":[{"count":1,"href":"https:\/\/cabellonews.com\/index.php?rest_route=\/wp\/v2\/posts\/423\/revisions"}],"predecessor-version":[{"id":426,"href":"https:\/\/cabellonews.com\/index.php?rest_route=\/wp\/v2\/posts\/423\/revisions\/426"}],"wp:featuredmedia":[{"embeddable":true,"href":"https:\/\/cabellonews.com\/index.php?rest_route=\/wp\/v2\/media\/424"}],"wp:attachment":[{"href":"https:\/\/cabellonews.com\/index.php?rest_route=%2Fwp%2Fv2%2Fmedia&parent=423"}],"wp:term":[{"taxonomy":"category","embeddable":true,"href":"https:\/\/cabellonews.com\/index.php?rest_route=%2Fwp%2Fv2%2Fcategories&post=423"},{"taxonomy":"post_tag","embeddable":true,"href":"https:\/\/cabellonews.com\/index.php?rest_route=%2Fwp%2Fv2%2Ftags&post=423"}],"curies":[{"name":"wp","href":"https:\/\/api.w.org\/{rel}","templated":true}]}}