{"id":404,"date":"2023-08-08T17:35:14","date_gmt":"2023-08-08T17:35:14","guid":{"rendered":"https:\/\/cabellonews.com\/?p=404"},"modified":"2023-08-15T17:35:52","modified_gmt":"2023-08-15T17:35:52","slug":"evaluan-proyectos-que-se-edificaran-en-tamaulipas-con-respaldo-de-pemex","status":"publish","type":"post","link":"https:\/\/cabellonews.com\/?p=404","title":{"rendered":"Eval\u00faan proyectos que se edificar\u00e1n en Tamaulipas con respaldo de PEMEX"},"content":{"rendered":"\n<p>-Se re\u00fane gobernador Am\u00e9rico Villarreal con director de la paraestatal Octavio Romero<\/p>\n\n\n\n<p>Agosto 08 de 2023<\/p>\n\n\n\n<p>Ciudad de M\u00e9xico. &#8211; Hoy martes, el gobernador de Tamaulipas, Am\u00e9rico Villarreal Anaya sostuvo una reuni\u00f3n de trabajo con el director general de Petr\u00f3leos Mexicanos, Octavio Romero Oropeza, durante la cual revisaron los avances del proyecto de la planta de fertilizantes que se construir\u00e1 en Reynosa.<\/p>\n\n\n\n<p>Asimismo, Villarreal Anaya gestion\u00f3 que la paraestatal revise y analice los residuos de chapapote que est\u00e1n llegando a las costas tamaulipecas.<\/p>\n\n\n\n<p>En el encuentro, el mandatario estatal agradeci\u00f3 al ingeniero Romero Oropeza el gran apoyo que ha brindado para la construcci\u00f3n del hospital en San Fernando, adem\u00e1s de otros apoyos que benefician a las y los tamaulipecos.<\/p>\n\n\n\n<p>Como parte de una extensa agenda que el ejecutivo estatal realiza en la Ciudad de M\u00e9xico, Am\u00e9rico Villarreal tendr\u00e1 este mi\u00e9rcoles una reuni\u00f3n con el director general de la Comisi\u00f3n Federal de Electricidad (CFE), Manuel Bartlett D\u00edaz, donde gestionar\u00e1 m\u00e1s apoyos para los usuarios de energ\u00eda en la entidad.<\/p>\n\n\n<figure class=\"wp-block-post-featured-image\"><img width=\"240\" height=\"172\" src=\"https:\/\/cabellonews.com\/wp-content\/uploads\/2023\/08\/41d6c703-efac-4d27-b487-4e28a430840f-240x172.jpeg\" class=\"attachment-post-thumbnail size-post-thumbnail wp-post-image\" alt=\"\" decoding=\"async\" loading=\"lazy\" \/><\/figure>\n\n\n<pre class=\"wp-block-code\"><code>    *   *   *<\/code><\/pre>\n","protected":false},"excerpt":{"rendered":"<p>-Se re\u00fane gobernador Am\u00e9rico Villarreal con director de la paraestatal Octavio Romero Agosto 08 de 2023 Ciudad de M\u00e9xico. &#8211; Hoy martes, el gobernador de Tamaulipas, Am\u00e9rico Villarreal Anaya sostuvo una reuni\u00f3n de trabajo con el director general de Petr\u00f3leos Mexicanos, Octavio Romero Oropeza, durante la cual revisaron los avances del proyecto de la planta de fertilizantes que se construir\u00e1 en Reynosa. Asimismo, Villarreal Anaya gestion\u00f3 que la paraestatal revise y analice los residuos de chapapote que est\u00e1n llegando a las costas tamaulipecas. En el encuentro, el mandatario estatal agradeci\u00f3&hellip;<\/p>\n","protected":false},"author":1,"featured_media":405,"comment_status":"open","ping_status":"open","sticky":false,"template":"","format":"standard","meta":[],"categories":[1],"tags":[],"gutentor_comment":0,"yoast_head":"<!-- This site is optimized with the Yoast SEO plugin v20.10 - https:\/\/yoast.com\/wordpress\/plugins\/seo\/ -->\n<title>Eval\u00faan proyectos que se edificar\u00e1n en Tamaulipas con respaldo de PEMEX - cabellonews.com<\/title>\n<meta name=\"robots\" content=\"index, follow, max-snippet:-1, max-image-preview:large, max-video-preview:-1\" \/>\n<link rel=\"canonical\" href=\"https:\/\/cabellonews.com\/?p=404\" \/>\n<meta property=\"og:locale\" content=\"en_US\" \/>\n<meta property=\"og:type\" content=\"article\" \/>\n<meta property=\"og:title\" content=\"Eval\u00faan proyectos que se edificar\u00e1n en Tamaulipas con respaldo de PEMEX - cabellonews.com\" \/>\n<meta property=\"og:description\" content=\"-Se re\u00fane gobernador Am\u00e9rico Villarreal con director de la paraestatal Octavio Romero Agosto 08 de 2023 Ciudad de M\u00e9xico. &#8211; Hoy martes, el gobernador de Tamaulipas, Am\u00e9rico Villarreal Anaya sostuvo una reuni\u00f3n de trabajo con el director general de Petr\u00f3leos Mexicanos, Octavio Romero Oropeza, durante la cual revisaron los avances del proyecto de la planta de fertilizantes que se construir\u00e1 en Reynosa. Asimismo, Villarreal Anaya gestion\u00f3 que la paraestatal revise y analice los residuos de chapapote que est\u00e1n llegando a las costas tamaulipecas. En el encuentro, el mandatario estatal agradeci\u00f3&hellip;\" \/>\n<meta property=\"og:url\" content=\"https:\/\/cabellonews.com\/?p=404\" \/>\n<meta property=\"og:site_name\" content=\"cabellonews.com\" \/>\n<meta property=\"article:published_time\" content=\"2023-08-08T17:35:14+00:00\" \/>\n<meta property=\"article:modified_time\" content=\"2023-08-15T17:35:52+00:00\" \/>\n<meta property=\"og:image\" content=\"http:\/\/cabellonews.com\/wp-content\/uploads\/2023\/08\/41d6c703-efac-4d27-b487-4e28a430840f.jpeg\" \/>\n\t<meta property=\"og:image:width\" content=\"1600\" \/>\n\t<meta property=\"og:image:height\" content=\"1600\" \/>\n\t<meta property=\"og:image:type\" content=\"image\/jpeg\" \/>\n<meta name=\"author\" content=\"cabellonews.com\" \/>\n<meta name=\"twitter:card\" content=\"summary_large_image\" \/>\n<meta name=\"twitter:label1\" content=\"Written by\" \/>\n\t<meta name=\"twitter:data1\" content=\"cabellonews.com\" \/>\n\t<meta name=\"twitter:label2\" content=\"Est. reading time\" \/>\n\t<meta name=\"twitter:data2\" content=\"1 minute\" \/>\n<script type=\"application\/ld+json\" class=\"yoast-schema-graph\">{\"@context\":\"https:\/\/schema.org\",\"@graph\":[{\"@type\":\"WebPage\",\"@id\":\"https:\/\/cabellonews.com\/?p=404\",\"url\":\"https:\/\/cabellonews.com\/?p=404\",\"name\":\"Eval\u00faan proyectos que se edificar\u00e1n en Tamaulipas con respaldo de PEMEX - cabellonews.com\",\"isPartOf\":{\"@id\":\"https:\/\/cabellonews.com\/#website\"},\"datePublished\":\"2023-08-08T17:35:14+00:00\",\"dateModified\":\"2023-08-15T17:35:52+00:00\",\"author\":{\"@id\":\"https:\/\/cabellonews.com\/#\/schema\/person\/7afe73bafa6cc5a24fd4c67dfd4379d8\"},\"breadcrumb\":{\"@id\":\"https:\/\/cabellonews.com\/?p=404#breadcrumb\"},\"inLanguage\":\"en-US\",\"potentialAction\":[{\"@type\":\"ReadAction\",\"target\":[\"https:\/\/cabellonews.com\/?p=404\"]}]},{\"@type\":\"BreadcrumbList\",\"@id\":\"https:\/\/cabellonews.com\/?p=404#breadcrumb\",\"itemListElement\":[{\"@type\":\"ListItem\",\"position\":1,\"name\":\"Inicio\",\"item\":\"https:\/\/cabellonews.com\/\"},{\"@type\":\"ListItem\",\"position\":2,\"name\":\"Eval\u00faan proyectos que se edificar\u00e1n en Tamaulipas con respaldo de PEMEX\"}]},{\"@type\":\"WebSite\",\"@id\":\"https:\/\/cabellonews.com\/#website\",\"url\":\"https:\/\/cabellonews.com\/\",\"name\":\"cabellonews.com\",\"description\":\"Con Cobertura En Tamaulipas Y norte de Veracruz\",\"potentialAction\":[{\"@type\":\"SearchAction\",\"target\":{\"@type\":\"EntryPoint\",\"urlTemplate\":\"https:\/\/cabellonews.com\/?s={search_term_string}\"},\"query-input\":\"required name=search_term_string\"}],\"inLanguage\":\"en-US\"},{\"@type\":\"Person\",\"@id\":\"https:\/\/cabellonews.com\/#\/schema\/person\/7afe73bafa6cc5a24fd4c67dfd4379d8\",\"name\":\"cabellonews.com\",\"image\":{\"@type\":\"ImageObject\",\"inLanguage\":\"en-US\",\"@id\":\"https:\/\/cabellonews.com\/#\/schema\/person\/image\/\",\"url\":\"https:\/\/secure.gravatar.com\/avatar\/8d6324fc2806389aad4cd38639618406?s=96&d=mm&r=g\",\"contentUrl\":\"https:\/\/secure.gravatar.com\/avatar\/8d6324fc2806389aad4cd38639618406?s=96&d=mm&r=g\",\"caption\":\"cabellonews.com\"},\"sameAs\":[\"http:\/\/cabellonews.com\"],\"url\":\"https:\/\/cabellonews.com\/?author=1\"}]}<\/script>\n<!-- \/ Yoast SEO plugin. -->","yoast_head_json":{"title":"Eval\u00faan proyectos que se edificar\u00e1n en Tamaulipas con respaldo de PEMEX - cabellonews.com","robots":{"index":"index","follow":"follow","max-snippet":"max-snippet:-1","max-image-preview":"max-image-preview:large","max-video-preview":"max-video-preview:-1"},"canonical":"https:\/\/cabellonews.com\/?p=404","og_locale":"en_US","og_type":"article","og_title":"Eval\u00faan proyectos que se edificar\u00e1n en Tamaulipas con respaldo de PEMEX - cabellonews.com","og_description":"-Se re\u00fane gobernador Am\u00e9rico Villarreal con director de la paraestatal Octavio Romero Agosto 08 de 2023 Ciudad de M\u00e9xico. &#8211; Hoy martes, el gobernador de Tamaulipas, Am\u00e9rico Villarreal Anaya sostuvo una reuni\u00f3n de trabajo con el director general de Petr\u00f3leos Mexicanos, Octavio Romero Oropeza, durante la cual revisaron los avances del proyecto de la planta de fertilizantes que se construir\u00e1 en Reynosa. Asimismo, Villarreal Anaya gestion\u00f3 que la paraestatal revise y analice los residuos de chapapote que est\u00e1n llegando a las costas tamaulipecas. En el encuentro, el mandatario estatal agradeci\u00f3&hellip;","og_url":"https:\/\/cabellonews.com\/?p=404","og_site_name":"cabellonews.com","article_published_time":"2023-08-08T17:35:14+00:00","article_modified_time":"2023-08-15T17:35:52+00:00","og_image":[{"width":1600,"height":1600,"url":"http:\/\/cabellonews.com\/wp-content\/uploads\/2023\/08\/41d6c703-efac-4d27-b487-4e28a430840f.jpeg","type":"image\/jpeg"}],"author":"cabellonews.com","twitter_card":"summary_large_image","twitter_misc":{"Written by":"cabellonews.com","Est. reading time":"1 minute"},"schema":{"@context":"https:\/\/schema.org","@graph":[{"@type":"WebPage","@id":"https:\/\/cabellonews.com\/?p=404","url":"https:\/\/cabellonews.com\/?p=404","name":"Eval\u00faan proyectos que se edificar\u00e1n en Tamaulipas con respaldo de PEMEX - cabellonews.com","isPartOf":{"@id":"https:\/\/cabellonews.com\/#website"},"datePublished":"2023-08-08T17:35:14+00:00","dateModified":"2023-08-15T17:35:52+00:00","author":{"@id":"https:\/\/cabellonews.com\/#\/schema\/person\/7afe73bafa6cc5a24fd4c67dfd4379d8"},"breadcrumb":{"@id":"https:\/\/cabellonews.com\/?p=404#breadcrumb"},"inLanguage":"en-US","potentialAction":[{"@type":"ReadAction","target":["https:\/\/cabellonews.com\/?p=404"]}]},{"@type":"BreadcrumbList","@id":"https:\/\/cabellonews.com\/?p=404#breadcrumb","itemListElement":[{"@type":"ListItem","position":1,"name":"Inicio","item":"https:\/\/cabellonews.com\/"},{"@type":"ListItem","position":2,"name":"Eval\u00faan proyectos que se edificar\u00e1n en Tamaulipas con respaldo de PEMEX"}]},{"@type":"WebSite","@id":"https:\/\/cabellonews.com\/#website","url":"https:\/\/cabellonews.com\/","name":"cabellonews.com","description":"Con Cobertura En Tamaulipas Y norte de Veracruz","potentialAction":[{"@type":"SearchAction","target":{"@type":"EntryPoint","urlTemplate":"https:\/\/cabellonews.com\/?s={search_term_string}"},"query-input":"required name=search_term_string"}],"inLanguage":"en-US"},{"@type":"Person","@id":"https:\/\/cabellonews.com\/#\/schema\/person\/7afe73bafa6cc5a24fd4c67dfd4379d8","name":"cabellonews.com","image":{"@type":"ImageObject","inLanguage":"en-US","@id":"https:\/\/cabellonews.com\/#\/schema\/person\/image\/","url":"https:\/\/secure.gravatar.com\/avatar\/8d6324fc2806389aad4cd38639618406?s=96&d=mm&r=g","contentUrl":"https:\/\/secure.gravatar.com\/avatar\/8d6324fc2806389aad4cd38639618406?s=96&d=mm&r=g","caption":"cabellonews.com"},"sameAs":["http:\/\/cabellonews.com"],"url":"https:\/\/cabellonews.com\/?author=1"}]}},"_links":{"self":[{"href":"https:\/\/cabellonews.com\/index.php?rest_route=\/wp\/v2\/posts\/404"}],"collection":[{"href":"https:\/\/cabellonews.com\/index.php?rest_route=\/wp\/v2\/posts"}],"about":[{"href":"https:\/\/cabellonews.com\/index.php?rest_route=\/wp\/v2\/types\/post"}],"author":[{"embeddable":true,"href":"https:\/\/cabellonews.com\/index.php?rest_route=\/wp\/v2\/users\/1"}],"replies":[{"embeddable":true,"href":"https:\/\/cabellonews.com\/index.php?rest_route=%2Fwp%2Fv2%2Fcomments&post=404"}],"version-history":[{"count":1,"href":"https:\/\/cabellonews.com\/index.php?rest_route=\/wp\/v2\/posts\/404\/revisions"}],"predecessor-version":[{"id":406,"href":"https:\/\/cabellonews.com\/index.php?rest_route=\/wp\/v2\/posts\/404\/revisions\/406"}],"wp:featuredmedia":[{"embeddable":true,"href":"https:\/\/cabellonews.com\/index.php?rest_route=\/wp\/v2\/media\/405"}],"wp:attachment":[{"href":"https:\/\/cabellonews.com\/index.php?rest_route=%2Fwp%2Fv2%2Fmedia&parent=404"}],"wp:term":[{"taxonomy":"category","embeddable":true,"href":"https:\/\/cabellonews.com\/index.php?rest_route=%2Fwp%2Fv2%2Fcategories&post=404"},{"taxonomy":"post_tag","embeddable":true,"href":"https:\/\/cabellonews.com\/index.php?rest_route=%2Fwp%2Fv2%2Ftags&post=404"}],"curies":[{"name":"wp","href":"https:\/\/api.w.org\/{rel}","templated":true}]}}